{"id":11583,"date":"2015-11-05T07:10:03","date_gmt":"2015-11-05T06:10:03","guid":{"rendered":"http:\/\/elektrosystemy.pl\/?p=11583"},"modified":"2015-11-05T03:40:44","modified_gmt":"2015-11-05T02:40:44","slug":"siemens-bedzie-zarzadzal-energia-w-plocku","status":"publish","type":"post","link":"https:\/\/elektrosystemy.pl\/?p=11583","title":{"rendered":"Siemens b\u0119dzie zarz\u0105dza\u0142 energi\u0105 w P\u0142ocku"},"content":{"rendered":"<p>P\u0142ock (woj. mazowieckie) i sp\u00f3\u0142ka Siemens podpisa\u0142y umow\u0119 partnerstwa publiczno-prywatnego na modernizacj\u0119 energetyczn\u0105 24 budynk\u00f3w u\u017cyteczno\u015bci publicznej. Wdro\u017cenie projektu ma przynie\u015b\u0107 oszcz\u0119dno\u015bci w kosztach zu\u017cycia energii co najmniej na poziomie 34 proc.<\/p>\n<p>To pierwsza w P\u0142ocku umowa o partnerstwie publiczno-prywatnym oraz pierwsza w Polsce, dotycz\u0105ca przedsi\u0119wzi\u0119cia, w kt\u00f3rym nak\u0142ady inwestycyjne partnera prywatnego zostan\u0105 w 100 proc. sp\u0142acone na jego rzecz z oszcz\u0119dno\u015bci uzyskanych z ograniczenia zu\u017cycia energii w plac\u00f3wkach obj\u0119tych projektem. Warto\u015b\u0107 tych nak\u0142ad\u00f3w wyniesie w sumie ok. 30 mln z\u0142.<\/p>\n<p>Zgodnie z zawart\u0105 w \u015brod\u0119 umow\u0105, Siemens udzieli\u0142 17-letniej gwarancji jako\u015bci dla instalowanych urz\u0105dze\u0144 i system\u00f3w w obiektach u\u017cyteczno\u015bci publicznej na terenie P\u0142ocka. W\u015br\u00f3d 24 budynk\u00f3w znalaz\u0142y si\u0119: \u017c\u0142obek, siedem przedszkoli i siedem szk\u00f3\u0142 podstawowych oraz dwa gimnazja, cztery zespo\u0142y szk\u00f3\u0142 \u015brednich, a tak\u017ce miejska p\u0142ywalnia, o\u015brodek szkolno-wychowawczy i budynek tamtejszego Urz\u0119du Miasta. Plac\u00f3wki te zostan\u0105 w\u0142\u0105czone do zdalnego systemu zarz\u0105dzania zu\u017cyciem energii, w tym cieplnej i elektrycznej, w zale\u017cno\u015bci od bie\u017c\u0105cych potrzeb.<\/p>\n<p>Jak poinformowa\u0142 podczas konferencji prasowej wiceprezydent P\u0142ocka Jacek Terebus, inwestycje zwi\u0105zane z modernizacj\u0105 energetyczn\u0105 wytypowanych tam plac\u00f3wek u\u017cyteczno\u015bci publicznej rozpoczn\u0105 si\u0119 z pocz\u0105tkiem stycznia i w przypadku obiekt\u00f3w zwi\u0105zanych z edukacj\u0105 potrwaj\u0105 do pocz\u0105tku wrze\u015bnia 2016 r., a w pozosta\u0142ych do ko\u0144ca grudnia 2016 r. Siemens zobowi\u0105za\u0142 si\u0119 do zarz\u0105dzania energi\u0105 w budynkach obj\u0119tych projektem oraz do utrzymywania zainstalowanych tam urz\u0105dze\u0144, w tym usuwania ewentualnych awarii, w okresie od stycznia 2017 r. do grudnia 2033 r.<\/p>\n","protected":false},"excerpt":{"rendered":"<p>P\u0142ock (woj. mazowieckie) i sp\u00f3\u0142ka Siemens podpisa\u0142y umow\u0119 partnerstwa publiczno-prywatnego na modernizacj\u0119 energetyczn\u0105 24 budynk\u00f3w u\u017cyteczno\u015bci publicznej. Wdro\u017cenie projektu ma przynie\u015b\u0107 oszcz\u0119dno\u015bci w kosztach zu\u017cycia energii co najmniej na poziomie 34 proc. To pierwsza w P\u0142ocku umowa o partnerstwie publiczno-prywatnym oraz pierwsza w Polsce, dotycz\u0105ca przedsi\u0119wzi\u0119cia, w kt\u00f3rym nak\u0142ady inwestycyjne partnera prywatnego zostan\u0105 w 100&hellip;<\/p>\n","protected":false},"author":3,"featured_media":11584,"comment_status":"closed","ping_status":"closed","sticky":false,"template":"","format":"standard","meta":[],"categories":[323],"tags":[449,381],"_links":{"self":[{"href":"https:\/\/elektrosystemy.pl\/index.php?rest_route=\/wp\/v2\/posts\/11583"}],"collection":[{"href":"https:\/\/elektrosystemy.pl\/index.php?rest_route=\/wp\/v2\/posts"}],"about":[{"href":"https:\/\/elektrosystemy.pl\/index.php?rest_route=\/wp\/v2\/types\/post"}],"author":[{"embeddable":true,"href":"https:\/\/elektrosystemy.pl\/index.php?rest_route=\/wp\/v2\/users\/3"}],"replies":[{"embeddable":true,"href":"https:\/\/elektrosystemy.pl\/index.php?rest_route=%2Fwp%2Fv2%2Fcomments&post=11583"}],"version-history":[{"count":1,"href":"https:\/\/elektrosystemy.pl\/index.php?rest_route=\/wp\/v2\/posts\/11583\/revisions"}],"predecessor-version":[{"id":11585,"href":"https:\/\/elektrosystemy.pl\/index.php?rest_route=\/wp\/v2\/posts\/11583\/revisions\/11585"}],"wp:featuredmedia":[{"embeddable":true,"href":"https:\/\/elektrosystemy.pl\/index.php?rest_route=\/wp\/v2\/media\/11584"}],"wp:attachment":[{"href":"https:\/\/elektrosystemy.pl\/index.php?rest_route=%2Fwp%2Fv2%2Fmedia&parent=11583"}],"wp:term":[{"taxonomy":"category","embeddable":true,"href":"https:\/\/elektrosystemy.pl\/index.php?rest_route=%2Fwp%2Fv2%2Fcategories&post=11583"},{"taxonomy":"post_tag","embeddable":true,"href":"https:\/\/elektrosystemy.pl\/index.php?rest_route=%2Fwp%2Fv2%2Ftags&post=11583"}],"curies":[{"name":"wp","href":"https:\/\/api.w.org\/{rel}","templated":true}]}}