{"id":20541,"date":"2016-11-23T11:07:47","date_gmt":"2016-11-23T10:07:47","guid":{"rendered":"http:\/\/elektrosystemy.pl\/?p=20541"},"modified":"2016-11-23T11:07:47","modified_gmt":"2016-11-23T10:07:47","slug":"tele-fonika-przygotowana-na-dyrektywe-cpr","status":"publish","type":"post","link":"https:\/\/elektrosystemy.pl\/?p=20541","title":{"rendered":"Tele-Fonika przygotowana na dyrektyw\u0119 CPR"},"content":{"rendered":"<p><strong>W 2016 roku w Unii Europejskiej wprowadzono nowe rozporz\u0105dzenie CPR, reguluj\u0105ce bezpiecze\u0144stwo po\u017carowe w odniesieniu do materia\u0142\u00f3w i element\u00f3w budowlanych zamontowanych trwale, w tym r\u00f3wnie\u017c kabli i przewod\u00f3w. Chocia\u017c formalnie przepisy zaczn\u0105 obowi\u0105zywa\u0107 od lipca 2017 r., produkty oferowane przez Grup\u0119 Tele-Fonika Kable b\u0119d\u0105 spe\u0142nia\u0107 wszystkie wymagania CPR ju\u017c w styczniu.<\/strong><\/p>\n<p><em>\u2013 Nowe rozporz\u0105dzenie to przede wszystkim nowy, zunifikowany j\u0119zyk w \u015bwiecie kabli. CPR okre\u015bla jednakowe metody bada\u0144 i certyfikacji dla ca\u0142ej Unii, a tak\u017ce system nadawania klas poszczeg\u00f3lnym wyrobom. W praktyce oznacza to, \u017ce du\u017co \u0142atwiej b\u0119dzie mo\u017cna si\u0119 pos\u0142ugiwa\u0107 parametrami decyduj\u0105cymi o bezpiecze\u0144stwie zar\u00f3wno w projektowaniu, jak i okre\u015blaniu wymaga\u0144. Ko\u0144cowy odbiorca b\u0119dzie mia\u0142 pewno\u015b\u0107, \u017ce zakupiony produkt musia\u0142 przej\u015b\u0107 przez szereg kontroli i test\u00f3w, aby by\u0107 dopuszczonym na rynek<\/em> \u2013 oznajmia Piotr Mirek, wiceprezes zarz\u0105du Tele-Foniki Kable ds. operacyjnych i rozwoju.<\/p>\n<p>Od momentu og\u0142oszenia informacji o wdro\u017ceniu rozporz\u0105dzenia CPR Tele-Fonika Kable postawi\u0142a sobie za cel sprawne dostosowanie si\u0119 do nowych regulacji i przepis\u00f3w.<\/p>\n<p>\u2013 <em>Jako cz\u0142onkowie Europacable (organizacji zrzeszaj\u0105cej najwi\u0119kszych europejskich producent\u00f3w kabli i przewod\u00f3w) wsp\u00f3\u0142pracowali\u015bmy z ekspertami z Polski oraz pozosta\u0142ych kraj\u00f3w Unii, wsp\u00f3\u0142tworz\u0105c szereg pomocnych zapis\u00f3w wyznaczaj\u0105cych nowe standardy bezpiecze\u0144stwa<\/em> \u2013 podkre\u015bla Piotr Mirek.<\/p>\n<p><a href=\"http:\/\/elektrosystemy.pl\/wp-content\/uploads\/aktualnosci-rynek\/2016\/11\/23\/tele-fonika-przygotowana-na-dyrektywe-cpr\/TF_2.jpg\"><img loading=\"lazy\" class=\"alignnone wp-image-20542 size-full\" src=\"http:\/\/elektrosystemy.pl\/wp-content\/uploads\/aktualnosci-rynek\/2016\/11\/23\/tele-fonika-przygotowana-na-dyrektywe-cpr\/TF_2.jpg\" alt=\"TFKable\" width=\"900\" height=\"598\" srcset=\"https:\/\/elektrosystemy.pl\/wp-content\/uploads\/aktualnosci-rynek\/2016\/11\/23\/tele-fonika-przygotowana-na-dyrektywe-cpr\/TF_2.jpg 900w, https:\/\/elektrosystemy.pl\/wp-content\/uploads\/aktualnosci-rynek\/2016\/11\/23\/tele-fonika-przygotowana-na-dyrektywe-cpr\/TF_2-600x399.jpg 600w, https:\/\/elektrosystemy.pl\/wp-content\/uploads\/aktualnosci-rynek\/2016\/11\/23\/tele-fonika-przygotowana-na-dyrektywe-cpr\/TF_2-300x199.jpg 300w, https:\/\/elektrosystemy.pl\/wp-content\/uploads\/aktualnosci-rynek\/2016\/11\/23\/tele-fonika-przygotowana-na-dyrektywe-cpr\/TF_2-768x510.jpg 768w\" sizes=\"(max-width: 900px) 100vw, 900px\" \/><\/a><\/p>\n<p>Nowa dyrektywa to nie tylko przepisy i regulacje, ale te\u017c konieczno\u015b\u0107 szybkiego dostosowania si\u0119 do nich. Wi\u0105\u017ce si\u0119 to z poddaniem wyrob\u00f3w szeregom test\u00f3w i ko\u0144cowym uzyskaniem certyfikacji potwierdzaj\u0105cej ich w\u0142a\u015bciwo\u015bci. Aby temu sprosta\u0107, Tele-Fonika Kable doposa\u017cy\u0142a swoje Laboratorium Pr\u00f3b Ogniowych w Zak\u0142adzie Krak\u00f3w w unikaln\u0105 aparatur\u0119 kontrolno-pomiarow\u0105. Pozwoli\u0142o to na przeprowadzenie wst\u0119pnych bada\u0144 kabli i przewod\u00f3w maj\u0105cych na celu kompleksowe przygotowanie portfolio produktowego odpowiadaj\u0105cego nowym regulacjom. Wi\u0119kszo\u015b\u0107 badanych konstrukcji musia\u0142a by\u0107 ponownie poddana testom w jednostce notyfikowanej, a sam proces produkcyjny oraz zak\u0142adowa kontrola produkcji \u2013 audytowi.<\/p>\n<p>Kolejnym krokiem by\u0142o dostosowanie procesu produkcyjnego, opracowanie nowych standard\u00f3w oraz dokumentacji. Wyroby obj\u0119te dzia\u0142aniem CPR b\u0119d\u0105 posiada\u0142y znakowanie CE na etykietach, a zamiast wydawanej dotychczas Deklaracji Zgodno\u015bci (DoC) pojawi si\u0119 dokument w postaci Deklaracji W\u0142a\u015bciwo\u015bci U\u017cytkowych (DoP \u2013 Declaration of Performance). Dokument ten b\u0119dzie potwierdzeniem odpowiedniej klasy wyrobu i jego w\u0142a\u015bciwo\u015bci dotycz\u0105cych rozprzestrzeniania si\u0119 ognia, wydzielania ciep\u0142a, wydzielania dymu (g\u0119sto\u015bci), wydzielania korozyjnych opar\u00f3w oraz p\u0142on\u0105cych kropli. Dla projektant\u00f3w, architekt\u00f3w, in\u017cynier\u00f3w czy lokalnych instytucji odpowiedzialnych za bezpiecze\u0144stwo w zakresie budownictwa oznacza to szeroki wachlarz mo\u017cliwo\u015bci doboru i stosowania odpowiednich konstrukcji kablowych.<\/p>\n<p><a href=\"http:\/\/elektrosystemy.pl\/wp-content\/uploads\/aktualnosci-rynek\/2016\/11\/23\/tele-fonika-przygotowana-na-dyrektywe-cpr\/TF_3.jpg\"><img loading=\"lazy\" class=\"alignnone wp-image-20543 size-full\" src=\"http:\/\/elektrosystemy.pl\/wp-content\/uploads\/aktualnosci-rynek\/2016\/11\/23\/tele-fonika-przygotowana-na-dyrektywe-cpr\/TF_3.jpg\" alt=\"TFKable\" width=\"900\" height=\"575\" srcset=\"https:\/\/elektrosystemy.pl\/wp-content\/uploads\/aktualnosci-rynek\/2016\/11\/23\/tele-fonika-przygotowana-na-dyrektywe-cpr\/TF_3.jpg 900w, https:\/\/elektrosystemy.pl\/wp-content\/uploads\/aktualnosci-rynek\/2016\/11\/23\/tele-fonika-przygotowana-na-dyrektywe-cpr\/TF_3-600x383.jpg 600w, https:\/\/elektrosystemy.pl\/wp-content\/uploads\/aktualnosci-rynek\/2016\/11\/23\/tele-fonika-przygotowana-na-dyrektywe-cpr\/TF_3-300x192.jpg 300w, https:\/\/elektrosystemy.pl\/wp-content\/uploads\/aktualnosci-rynek\/2016\/11\/23\/tele-fonika-przygotowana-na-dyrektywe-cpr\/TF_3-768x491.jpg 768w\" sizes=\"(max-width: 900px) 100vw, 900px\" \/><\/a><\/p>\n<p>\u2013 <em>Pokonali\u015bmy d\u0142ug\u0105 drog\u0119, wdra\u017caj\u0105c wymagania rozporz\u0105dzenia CPR, ale dzi\u0119ki temu dzi\u015b, na d\u0142ugo przed ko\u0144cem okresu przej\u015bciowego, mo\u017cemy powiedzie\u0107, \u017ce jeste\u015bmy na \u201eostatniej prostej\u201d. Pe\u0142ne wdro\u017cenie rozporz\u0105dzenia wraz z odpowiedni\u0105 dokumentacj\u0105, oznakowaniem kabli, etykietami oraz znakowaniem CE Tele-Fonika Kable wdro\u017cy w pierwszej po\u0142owie stycznia 2017 roku. W momencie wej\u015bcia tych zmian w \u017cycie nasi klienci mog\u0105 by\u0107 pewni, \u017ce kable i przewody, kt\u00f3re im oferujemy, s\u0105 zgodne z nowymi standardami bezpiecze\u0144stwa UE<\/em> \u2013 podsumowuje wiceprezes Piotr Mirek.<\/p>\n","protected":false},"excerpt":{"rendered":"<p>W 2016 roku w Unii Europejskiej wprowadzono nowe rozporz\u0105dzenie CPR, reguluj\u0105ce bezpiecze\u0144stwo po\u017carowe w odniesieniu do materia\u0142\u00f3w i element\u00f3w budowlanych zamontowanych trwale, w tym r\u00f3wnie\u017c kabli i przewod\u00f3w. Chocia\u017c formalnie przepisy zaczn\u0105 obowi\u0105zywa\u0107 od lipca 2017 r., produkty oferowane przez Grup\u0119 Tele-Fonika Kable b\u0119d\u0105 spe\u0142nia\u0107 wszystkie wymagania CPR ju\u017c w styczniu. \u2013 Nowe rozporz\u0105dzenie to&hellip;<\/p>\n","protected":false},"author":3,"featured_media":3558,"comment_status":"closed","ping_status":"closed","sticky":false,"template":"","format":"standard","meta":[],"categories":[318,323],"tags":[451],"_links":{"self":[{"href":"https:\/\/elektrosystemy.pl\/index.php?rest_route=\/wp\/v2\/posts\/20541"}],"collection":[{"href":"https:\/\/elektrosystemy.pl\/index.php?rest_route=\/wp\/v2\/posts"}],"about":[{"href":"https:\/\/elektrosystemy.pl\/index.php?rest_route=\/wp\/v2\/types\/post"}],"author":[{"embeddable":true,"href":"https:\/\/elektrosystemy.pl\/index.php?rest_route=\/wp\/v2\/users\/3"}],"replies":[{"embeddable":true,"href":"https:\/\/elektrosystemy.pl\/index.php?rest_route=%2Fwp%2Fv2%2Fcomments&post=20541"}],"version-history":[{"count":1,"href":"https:\/\/elektrosystemy.pl\/index.php?rest_route=\/wp\/v2\/posts\/20541\/revisions"}],"predecessor-version":[{"id":20544,"href":"https:\/\/elektrosystemy.pl\/index.php?rest_route=\/wp\/v2\/posts\/20541\/revisions\/20544"}],"wp:featuredmedia":[{"embeddable":true,"href":"https:\/\/elektrosystemy.pl\/index.php?rest_route=\/wp\/v2\/media\/3558"}],"wp:attachment":[{"href":"https:\/\/elektrosystemy.pl\/index.php?rest_route=%2Fwp%2Fv2%2Fmedia&parent=20541"}],"wp:term":[{"taxonomy":"category","embeddable":true,"href":"https:\/\/elektrosystemy.pl\/index.php?rest_route=%2Fwp%2Fv2%2Fcategories&post=20541"},{"taxonomy":"post_tag","embeddable":true,"href":"https:\/\/elektrosystemy.pl\/index.php?rest_route=%2Fwp%2Fv2%2Ftags&post=20541"}],"curies":[{"name":"wp","href":"https:\/\/api.w.org\/{rel}","templated":true}]}}