{"id":20894,"date":"2016-12-09T06:22:39","date_gmt":"2016-12-09T05:22:39","guid":{"rendered":"http:\/\/elektrosystemy.pl\/?p=20894"},"modified":"2016-12-09T02:26:57","modified_gmt":"2016-12-09T01:26:57","slug":"osram-branzowe-spotkanie-producentow-oswietlenia","status":"publish","type":"post","link":"https:\/\/elektrosystemy.pl\/?p=20894","title":{"rendered":"Osram: bran\u017cowe spotkanie producent\u00f3w o\u015bwietlenia"},"content":{"rendered":"<p><strong>Pod koniec pa\u017adziernika firma Osram zorganizowa\u0142a bran\u017cowe spotkanie producent\u00f3w rozwi\u0105za\u0144 o\u015bwietleniowych. Jego celem by\u0142o nie tylko zapoznanie uczestnik\u00f3w z obecn\u0105 struktur\u0105 firmy i najnowszymi trendami na rynku o\u015bwietleniowym, lecz tak\u017ce, a mo\u017ce przede wszystkim, poszerzenie wiedzy uczestnik\u00f3w. Z tego powodu w\u015br\u00f3d prelegent\u00f3w, opr\u00f3cz specjalist\u00f3w Osram, znale\u017ali si\u0119 eksperci z Politechniki Warszawskiej, firmy Khatod czy Centrum Naukowo-Badawczego Ochrony Przeciwpo\u017carowej.<\/strong><\/p>\n<p>&#8211; <em>O\u015bwietlenie to ju\u017c nie tylko \u015bwiat\u0142o, lecz tak\u017ce szereg nowych technologii i trend\u00f3w. To wyzwanie, kt\u00f3re wymaga od nas, producent\u00f3w, niestandardowego podej\u015bcia i kreatywnego my\u015blenia<\/em> \u2013 m\u00f3wi\u0142 podczas otwarcia konferencji Sebastian Ostrowski, prezes Osram Polska i dyrektor sprzeda\u017cy Dzia\u0142u Digital Systems na Europ\u0119 Centraln\u0105.<\/p>\n<p>&#8211; <em>Ka\u017cdy system o\u015bwietleniowy to ogromna praca zespo\u0142owa. W dobie post\u0119puj\u0105cej rewolucji na rynku, \u015bcis\u0142a wsp\u00f3\u0142praca i wymiana do\u015bwiadcze\u0144 z liderami bran\u017cy s\u0105 kluczem do sukcesu ka\u017cdego projektu, na ka\u017cdym jego etapie<\/em> \u2013 powiedzia\u0142 po spotkaniu Robert Nowak, prezes zarz\u0105du firmy Euroledlighting.<\/p>\n<p><img loading=\"lazy\" class=\"alignnone wp-image-20896 size-full\" src=\"http:\/\/elektrosystemy.pl\/wp-content\/uploads\/wydarzenia\/2016\/12\/09\/osram-branzowe-spotkanie-producentow-oswietlenia\/Osram_09_12_2016_3.jpg\" alt=\" \" width=\"800\" height=\"449\" srcset=\"https:\/\/elektrosystemy.pl\/wp-content\/uploads\/wydarzenia\/2016\/12\/09\/osram-branzowe-spotkanie-producentow-oswietlenia\/Osram_09_12_2016_3.jpg 800w, https:\/\/elektrosystemy.pl\/wp-content\/uploads\/wydarzenia\/2016\/12\/09\/osram-branzowe-spotkanie-producentow-oswietlenia\/Osram_09_12_2016_3-600x337.jpg 600w, https:\/\/elektrosystemy.pl\/wp-content\/uploads\/wydarzenia\/2016\/12\/09\/osram-branzowe-spotkanie-producentow-oswietlenia\/Osram_09_12_2016_3-300x168.jpg 300w, https:\/\/elektrosystemy.pl\/wp-content\/uploads\/wydarzenia\/2016\/12\/09\/osram-branzowe-spotkanie-producentow-oswietlenia\/Osram_09_12_2016_3-768x431.jpg 768w\" sizes=\"(max-width: 800px) 100vw, 800px\" \/><\/p>\n<p>Du\u017cym zainteresowaniem cieszy\u0142a si\u0119 prelekcja Christopha Ammersinna, Customer Quality Managera z centrali firmy, kt\u00f3ry opowiedzia\u0142 o procedurach zwi\u0105zanych z zarz\u0105dzaniem jako\u015bci\u0105 produkt\u00f3w Osram, systemie gwarancyjnym, a tak\u017ce om\u00f3wi\u0142 najcz\u0119stsze przyczyny uszkodze\u0144 modu\u0142\u00f3w LED.<\/p>\n<p>\u017byw\u0105 dyskusj\u0119 w\u015br\u00f3d uczestnik\u00f3w wzbudzi\u0142a prezentacja Marcina Wawerka z Centrum Naukowo-Badawczego Ochrony Przeciwpo\u017carowej CNBOP-PIB dotycz\u0105ca o\u015bwietlenia awaryjnego i zwi\u0105zanych z nim wymaga\u0144 formalno-prawnych.<\/p>\n<p><img loading=\"lazy\" class=\"alignnone wp-image-20897 size-full\" src=\"http:\/\/elektrosystemy.pl\/wp-content\/uploads\/wydarzenia\/2016\/12\/09\/osram-branzowe-spotkanie-producentow-oswietlenia\/Osram_09_12_2016_2.jpg\" alt=\" \" width=\"800\" height=\"450\" srcset=\"https:\/\/elektrosystemy.pl\/wp-content\/uploads\/wydarzenia\/2016\/12\/09\/osram-branzowe-spotkanie-producentow-oswietlenia\/Osram_09_12_2016_2.jpg 800w, https:\/\/elektrosystemy.pl\/wp-content\/uploads\/wydarzenia\/2016\/12\/09\/osram-branzowe-spotkanie-producentow-oswietlenia\/Osram_09_12_2016_2-600x338.jpg 600w, https:\/\/elektrosystemy.pl\/wp-content\/uploads\/wydarzenia\/2016\/12\/09\/osram-branzowe-spotkanie-producentow-oswietlenia\/Osram_09_12_2016_2-300x169.jpg 300w, https:\/\/elektrosystemy.pl\/wp-content\/uploads\/wydarzenia\/2016\/12\/09\/osram-branzowe-spotkanie-producentow-oswietlenia\/Osram_09_12_2016_2-768x432.jpg 768w\" sizes=\"(max-width: 800px) 100vw, 800px\" \/><\/p>\n<p>Prof. dr hab. Wojciech \u017bagan z Politechniki Warszawskiej poruszy\u0142 kwesti\u0119 estetyki w projektowaniu opraw o\u015bwietleniowych, a dr in\u017c. Sebastian S\u0142omi\u0144ski z tej samej uczelni \u2013 ol\u015bnienia w o\u015bwietleniu.<\/p>\n","protected":false},"excerpt":{"rendered":"<p>Pod koniec pa\u017adziernika firma Osram zorganizowa\u0142a bran\u017cowe spotkanie producent\u00f3w rozwi\u0105za\u0144 o\u015bwietleniowych. Jego celem by\u0142o nie tylko zapoznanie uczestnik\u00f3w z obecn\u0105 struktur\u0105 firmy i najnowszymi trendami na rynku o\u015bwietleniowym, lecz tak\u017ce, a mo\u017ce przede wszystkim, poszerzenie wiedzy uczestnik\u00f3w. Z tego powodu w\u015br\u00f3d prelegent\u00f3w, opr\u00f3cz specjalist\u00f3w Osram, znale\u017ali si\u0119 eksperci z Politechniki Warszawskiej, firmy Khatod czy Centrum&hellip;<\/p>\n","protected":false},"author":3,"featured_media":20895,"comment_status":"closed","ping_status":"closed","sticky":false,"template":"","format":"standard","meta":[],"categories":[320],"tags":[593],"_links":{"self":[{"href":"https:\/\/elektrosystemy.pl\/index.php?rest_route=\/wp\/v2\/posts\/20894"}],"collection":[{"href":"https:\/\/elektrosystemy.pl\/index.php?rest_route=\/wp\/v2\/posts"}],"about":[{"href":"https:\/\/elektrosystemy.pl\/index.php?rest_route=\/wp\/v2\/types\/post"}],"author":[{"embeddable":true,"href":"https:\/\/elektrosystemy.pl\/index.php?rest_route=\/wp\/v2\/users\/3"}],"replies":[{"embeddable":true,"href":"https:\/\/elektrosystemy.pl\/index.php?rest_route=%2Fwp%2Fv2%2Fcomments&post=20894"}],"version-history":[{"count":1,"href":"https:\/\/elektrosystemy.pl\/index.php?rest_route=\/wp\/v2\/posts\/20894\/revisions"}],"predecessor-version":[{"id":20898,"href":"https:\/\/elektrosystemy.pl\/index.php?rest_route=\/wp\/v2\/posts\/20894\/revisions\/20898"}],"wp:featuredmedia":[{"embeddable":true,"href":"https:\/\/elektrosystemy.pl\/index.php?rest_route=\/wp\/v2\/media\/20895"}],"wp:attachment":[{"href":"https:\/\/elektrosystemy.pl\/index.php?rest_route=%2Fwp%2Fv2%2Fmedia&parent=20894"}],"wp:term":[{"taxonomy":"category","embeddable":true,"href":"https:\/\/elektrosystemy.pl\/index.php?rest_route=%2Fwp%2Fv2%2Fcategories&post=20894"},{"taxonomy":"post_tag","embeddable":true,"href":"https:\/\/elektrosystemy.pl\/index.php?rest_route=%2Fwp%2Fv2%2Ftags&post=20894"}],"curies":[{"name":"wp","href":"https:\/\/api.w.org\/{rel}","templated":true}]}}