{"id":21424,"date":"2001-02-03T14:05:31","date_gmt":"2001-02-03T13:05:31","guid":{"rendered":"http:\/\/elektrosystemy.pl\/?p=21424"},"modified":"2017-01-04T13:08:42","modified_gmt":"2017-01-04T12:08:42","slug":"przyspieszamy-z-prywatyzacja","status":"publish","type":"post","link":"https:\/\/elektrosystemy.pl\/?p=21424","title":{"rendered":"Przyspieszamy z prywatyzacj\u0105"},"content":{"rendered":"<p><span style=\"font-size: 12pt;\"><strong><a href=\"http:\/\/elektrosystemy.pl\/wp-content\/uploads\/wywiady\/2017\/01\/03\/przyspieszamy-z-prywatyzacja\/oklad_02_2001.jpg\"><img loading=\"lazy\" class=\"alignleft wp-image-21430\" src=\"http:\/\/elektrosystemy.pl\/wp-content\/uploads\/wywiady\/2017\/01\/03\/przyspieszamy-z-prywatyzacja\/oklad_02_2001-208x300.jpg\" alt=\"Elektrosystemy 02\/2001\" width=\"94\" height=\"136\" srcset=\"https:\/\/elektrosystemy.pl\/wp-content\/uploads\/wywiady\/2017\/01\/03\/przyspieszamy-z-prywatyzacja\/oklad_02_2001-208x300.jpg 208w, https:\/\/elektrosystemy.pl\/wp-content\/uploads\/wywiady\/2017\/01\/03\/przyspieszamy-z-prywatyzacja\/oklad_02_2001-600x867.jpg 600w, https:\/\/elektrosystemy.pl\/wp-content\/uploads\/wywiady\/2017\/01\/03\/przyspieszamy-z-prywatyzacja\/oklad_02_2001-768x1110.jpg 768w, https:\/\/elektrosystemy.pl\/wp-content\/uploads\/wywiady\/2017\/01\/03\/przyspieszamy-z-prywatyzacja\/oklad_02_2001-709x1024.jpg 709w, https:\/\/elektrosystemy.pl\/wp-content\/uploads\/wywiady\/2017\/01\/03\/przyspieszamy-z-prywatyzacja\/oklad_02_2001.jpg 800w\" sizes=\"(max-width: 94px) 100vw, 94px\" \/><\/a>Rozmowa z Jakubem Tropi\u0142o, wiceministrem skarbu pa\u0144stwa odpowiedzialnym za prywatyzacj\u0119 bran\u017cy energetycznej<\/strong><\/span><\/p>\n<p>\u2013 <strong>Eksperci szacuj\u0105, \u017ce wp\u0142ywy z tegorocznej prywatyzacji sp\u00f3\u0142ek energetycznych mog\u0105 wynie\u015b\u0107 od 2 nawet do 5 mld z\u0142. Osi\u0105gni\u0119cie g\u00f3rnego pu\u0142apu wymaga\u0142oby znacznego przyspieszenia proces\u00f3w prywatyzacyjnych. Jakie s\u0105 plany Ministerstwa Skarbu Pa\u0144stwa?<\/strong><br \/>\n\u2013 Planujemy przyspieszenie przekszta\u0142ce\u0144 w podsektorze wytwarzania energii elektrycznej. Chcieliby\u015bmy wcze\u015bniej wprowadzi\u0107 inwestor\u00f3w do czterech elektrowni, kt\u00f3rych prywatyzacja mia\u0142a nast\u0105pi\u0107 dopiero w 2002 r. Chodzi o Stalow\u0105 Wol\u0119, Kozienice, Ostro\u0142\u0119k\u0119 i Doln\u0105 Odr\u0119. Dla trzech ostatnich wybierzemy prawdopodobnie wsp\u00f3lnego doradc\u0119 prywatyzacyjnego, a niewykluczone, \u017ce tak\u017ce wsp\u00f3lnego nabywc\u0119. Sprzeda\u017c ca\u0142ej tr\u00f3jki firm jednemu inwestorowi znacznie przyspieszy\u0142aby ich prywatyzacj\u0119.<\/p>\n<p><img loading=\"lazy\" class=\"alignnone size-full wp-image-21425\" src=\"http:\/\/elektrosystemy.pl\/wp-content\/uploads\/uncategorized\/2017\/01\/03\/przyspieszamy-z-prywatyzacja\/tropilo-2.jpg\" alt=\"\" width=\"800\" height=\"1095\" srcset=\"https:\/\/elektrosystemy.pl\/wp-content\/uploads\/uncategorized\/2017\/01\/03\/przyspieszamy-z-prywatyzacja\/tropilo-2.jpg 800w, https:\/\/elektrosystemy.pl\/wp-content\/uploads\/uncategorized\/2017\/01\/03\/przyspieszamy-z-prywatyzacja\/tropilo-2-600x821.jpg 600w, https:\/\/elektrosystemy.pl\/wp-content\/uploads\/uncategorized\/2017\/01\/03\/przyspieszamy-z-prywatyzacja\/tropilo-2-219x300.jpg 219w, https:\/\/elektrosystemy.pl\/wp-content\/uploads\/uncategorized\/2017\/01\/03\/przyspieszamy-z-prywatyzacja\/tropilo-2-768x1051.jpg 768w, https:\/\/elektrosystemy.pl\/wp-content\/uploads\/uncategorized\/2017\/01\/03\/przyspieszamy-z-prywatyzacja\/tropilo-2-748x1024.jpg 748w\" sizes=\"(max-width: 800px) 100vw, 800px\" \/><\/p>\n<p>W przypadku Stalowej Woli chcemy znale\u017a\u0107 nabywc\u0119, kt\u00f3ry obejmie zdecydowanie powy\u017cej 50 proc. kapita\u0142u sp\u00f3\u0142ki. Podobne plany mamy wobec podkrakowskiej Elektrowni Skawina. Niedawno ukaza\u0142o si\u0119 g\u0142oszenie w sprawie sprzeda\u017cy jej akcji. Je\u015bli rz\u0105d wyrazi zgod\u0119, b\u0119dziemy chcieli zaoferowa\u0107 inwestorowi pakiet wi\u0119kszo\u015bciowy.<br \/>\n\u2013 <strong>To \u0142\u0105cznie pi\u0119ciu wytw\u00f3rc\u00f3w. Czy MSP planuje na ten rok sprzeda\u017c jeszcze innych przedsi\u0119biorstw z tego podsektora?<\/strong><br \/>\n\u2013 Tak. Przede wszystkim chcemy doko\u0144czy\u0107 przeci\u0105gaj\u0105c\u0105 si\u0119 prywatyzacj\u0119 Elektrowni Rybnik. Jej potencjalnym nabywc\u0105 jest konsorcjum Electricite de France i niemieckiej firmy EnBW, kt\u00f3remu udzielili\u015bmy wy\u0142\u0105czno\u015bci negocjacyjnej.<br \/>\nW planach mamy te\u017c prywatyzacj\u0119 Be\u0142chatowa \u2013 najwi\u0119kszej konwencjonalnej elektrowni na \u015bwiecie \u2013 wraz z kopalni\u0105 w\u0119gla brunatnego. Za miesi\u0105c poznamy wyniki analiz przedprywatyzacyjnych i by\u0107 mo\u017ce jeszcze w marcu zaprosimy inwestor\u00f3w do rokowa\u0144. Spodziewam si\u0119, \u017ce Be\u0142chat\u00f3w \u2013 jako producent taniej energii \u2013 b\u0119dzie si\u0119 cieszy\u0142 du\u017cym zainteresowaniem, mimo powa\u017cnych koszt\u00f3w zbli\u017caj\u0105cego si\u0119 nieuchronnie remontu, rekultywacji obecnej odkrywki i uruchomienia nowej, a tak\u017ce mo\u017cliwej budowy Be\u0142chatowa II. Chcia\u0142bym, aby do podpisania umowy prywatyzacyjnej dosz\u0142o na prze\u0142omie pa\u017adziernika i listopada 2001 r.<br \/>\n\u2013 <strong>Dlaczego resortowi skarbu tak zale\u017cy na przyspieszeniu sprzeda\u017cy elektrowni?<\/strong><br \/>\n\u2013 To nasza odpowied\u017a na oczekiwania ministra gospodarki, kt\u00f3ry \u2013 w obawie o przysz\u0142e trudno\u015bci ze sprzeda\u017c\u0105 firm wytw\u00f3rczych \u2013 proponowa\u0142 wstrzymanie prywatyzacji przedsi\u0119biorstw z podsektora dystrybucji energii elektrycznej. Ja jestem zdania, \u017ce prywatyzacja wszystkich podsektor\u00f3w powinna by\u0107 r\u00f3wnoleg\u0142a. Tylko w ten spos\u00f3b b\u0119dziemy w stanie utrzyma\u0107 zainteresowanie inwestor\u00f3w udzia\u0142em w przekszta\u0142ceniach. \u017beby unikn\u0105\u0107 zagro\u017ce\u0144 dla sektora wytw\u00f3rczego wskazywanych przez resort gospodarki, mo\u017cemy prowadzi\u0107 prywatyzacj\u0119 tak, aby udzia\u0142 w rynku sprzedanych elektrowni zawsze przekracza\u0142 rynkowy potencja\u0142 sprywatyzowanej dystrybucji. Priorytetowe traktowanie sprzeda\u017cy producent\u00f3w energii przy zachowaniu tempa przekszta\u0142ce\u0144 w\u0142asno\u015bciowych w sp\u00f3\u0142kach dystrybucyjnych uwa\u017cam za rozwi\u0105zanie kompromisowe. Je\u015bli zrealizujemy nasze zamiary, do ko\u0144ca roku w r\u0119kach prywatnych w\u0142a\u015bcicieli znajdzie si\u0119 blisko 61 proc. potencja\u0142u polskich elektrowni i nieco mniej \u2013 bo niespe\u0142na 51 proc. \u2013 potencja\u0142u dystrybucji.<\/p>\n<p><img loading=\"lazy\" class=\"alignnone size-full wp-image-21426\" src=\"http:\/\/elektrosystemy.pl\/wp-content\/uploads\/uncategorized\/2017\/01\/03\/przyspieszamy-z-prywatyzacja\/tropilo-3.jpg\" alt=\"\" width=\"800\" height=\"563\" srcset=\"https:\/\/elektrosystemy.pl\/wp-content\/uploads\/uncategorized\/2017\/01\/03\/przyspieszamy-z-prywatyzacja\/tropilo-3.jpg 800w, https:\/\/elektrosystemy.pl\/wp-content\/uploads\/uncategorized\/2017\/01\/03\/przyspieszamy-z-prywatyzacja\/tropilo-3-600x422.jpg 600w, https:\/\/elektrosystemy.pl\/wp-content\/uploads\/uncategorized\/2017\/01\/03\/przyspieszamy-z-prywatyzacja\/tropilo-3-300x211.jpg 300w, https:\/\/elektrosystemy.pl\/wp-content\/uploads\/uncategorized\/2017\/01\/03\/przyspieszamy-z-prywatyzacja\/tropilo-3-768x540.jpg 768w\" sizes=\"(max-width: 800px) 100vw, 800px\" \/><\/p>\n<p>\u2013 <strong>Pierwsza sp\u00f3\u0142ka dystrybucyjna, G\u00f3rno\u015bl\u0105ski Zak\u0142ad Elektroenergetyczny, znalaz\u0142a ju\u017c nabywc\u0119 \u2013 szwedzki koncern bran\u017cowy Vattenfall. Kto b\u0119dzie nast\u0119pny?<\/strong><br \/>\n\u2013 Najbardziej zaawansowana jest prywatyzacja tzw. grupy G-8, w sk\u0142ad kt\u00f3rej wesz\u0142a \u00f3semka dystrybutor\u00f3w z p\u00f3\u0142nocnej i centralnej Polski. Termin sk\u0142adania wst\u0119pnych ofert zakupu 25 proc. akcji ka\u017cdej z o\u015bmiu sp\u00f3\u0142ek up\u0142ywa 2 marca. Bior\u0105c pod uwag\u0119 liczne deklaracje inwestor\u00f3w bran\u017cowych i liczb\u0119 odebranych memorand\u00f3w informacyjnych, nale\u017cy spodziewa\u0107 si\u0119 bardzo du\u017cego zainteresowania t\u0105 prywatyzacj\u0105. Jest prawdopodobne, \u017ce zostanie pobity rekord, jaki pad\u0142 podczas przetargu na GZE. Do ministerstwa wp\u0142yn\u0119\u0142o wtedy a\u017c jedena\u015bcie wst\u0119pnych propozycji zakupu akcji \u015bl\u0105skiej sp\u00f3\u0142ki.<br \/>\n\u2013 <strong>Kolejny ma by\u0107 warszawski Stoen. Sto\u0142eczna firma b\u0119dzie z pewno\u015bci\u0105 \u0142akomym k\u0105skiem dla wielu inwestor\u00f3w, cho\u0107 m\u00f3wi si\u0119, \u017ce najbardziej zaciekle b\u0119d\u0105 o ni\u0105 walczy\u0107 Szwedzi z Vattenfalla i Niemcy z RWE. Na jakim etapie s\u0105 przygotowania do prywatyzacji Stoenu?<\/strong><br \/>\n\u2013 Og\u0142oszenie w sprawie Stoenu powinno ukaza\u0107 si\u0119 w marcu. Doradca nie zaproponowa\u0142 jeszcze wprawdzie ostatecznej \u015bcie\u017cki prywatyzacyjnej, jednak wiele wskazuje na to, \u017ce sto\u0142eczny dystrybutor nie trafi na gie\u0142d\u0119, lecz w r\u0119ce inwestora. W przypadku tej sp\u00f3\u0142ki warto by rozwa\u017cy\u0107 sprzeda\u017c od razu wi\u0119kszo\u015bciowego pakietu akcji, cho\u0107 zgodnie ze wci\u0105\u017c obowi\u0105zuj\u0105c\u0105 strategi\u0105 rz\u0105dow\u0105, mo\u017cemy zaoferowa\u0107 inwestorowi najwy\u017cej 25 proc.<\/p>\n<p><img loading=\"lazy\" class=\"alignnone size-full wp-image-21427\" src=\"http:\/\/elektrosystemy.pl\/wp-content\/uploads\/uncategorized\/2017\/01\/03\/przyspieszamy-z-prywatyzacja\/tropilo-4.jpg\" alt=\"\" width=\"800\" height=\"535\" srcset=\"https:\/\/elektrosystemy.pl\/wp-content\/uploads\/uncategorized\/2017\/01\/03\/przyspieszamy-z-prywatyzacja\/tropilo-4.jpg 800w, https:\/\/elektrosystemy.pl\/wp-content\/uploads\/uncategorized\/2017\/01\/03\/przyspieszamy-z-prywatyzacja\/tropilo-4-600x401.jpg 600w, https:\/\/elektrosystemy.pl\/wp-content\/uploads\/uncategorized\/2017\/01\/03\/przyspieszamy-z-prywatyzacja\/tropilo-4-300x201.jpg 300w, https:\/\/elektrosystemy.pl\/wp-content\/uploads\/uncategorized\/2017\/01\/03\/przyspieszamy-z-prywatyzacja\/tropilo-4-768x514.jpg 768w\" sizes=\"(max-width: 800px) 100vw, 800px\" \/><\/p>\n<p>\u2013 <strong>Ostatnia planowana na 2001 r. prywatyzacja w podsektorze dystrybucji obejmie grup\u0119 G-4 z po\u0142udniowo-wschodniej Polski. Czy sp\u00f3\u0142ki s\u0105 ju\u017c przygotowane do rozpocz\u0119cia przekszta\u0142ce\u0144?<\/strong><br \/>\n\u2013 Brakuje nam tylko analiz przedprywatyzacyjnych. Opracowania powinny powsta\u0107 w ci\u0105gu najbli\u017cszych miesi\u0119cy. Na razie wy\u0142onili\u015bmy firm\u0119 doradcz\u0105, kt\u00f3ra si\u0119 tym zajmie. Je\u015bli wszystko przebiegnie sprawnie, niewykluczone, \u017ce ju\u017c w maju og\u0142osimy publiczne zaproszenie do rokowa\u0144 w sprawie sprzeda\u017cy G-4. Cztery sp\u00f3\u0142ki z po\u0142udniowego-wschodu powinny by\u0107 szczeg\u00f3lnie atrakcyjne dla inwestor\u00f3w, ze wzgl\u0119du na fakt posiadania przez ka\u017cd\u0105 z nich w\u0142asnej elektrociep\u0142owni.<br \/>\n\u2013 <strong>Siedem elektrowni, trzynastu dystrybutor\u00f3w \u2013 to plan bardzo napi\u0119ty. W dodatku na tym nie koniec.<\/strong><br \/>\n\u2013 Rzeczywi\u015bcie. Pozostaje jeszcze trzeci podsektor \u2013 elektrociep\u0142ownictwo, kt\u00f3rego prywatyzacja przebiega, jak dot\u0105d, najsprawniej. W tegorocznych planach mamy sprzeda\u017c co najmniej sze\u015bciu kolejnych sp\u00f3\u0142ek. Najszybciej powinna zosta\u0107 zamkni\u0119ta prywatyzacja Zespo\u0142u Elektrociep\u0142owni Wybrze\u017ce. Sprzeda\u017c akcji ZEC konsorcjum Electricite de France i Gaz de France czeka\u0142a na fina\u0142 od kilku miesi\u0119cy ze wzgl\u0119du na brak zgody ministerstwa spraw wewn\u0119trznych. Pod koniec stycznia MSWiA zaakceptowa\u0142o transakcj\u0119 i nie ma ju\u017c przeszk\u00f3d, \u017ceby j\u0105 \u201eskonsumowa\u0107\u201d. Wkr\u00f3tce powinna te\u017c zako\u0144czy\u0107 si\u0119 prywatyzacja EC Bia\u0142ystok, w kt\u00f3rej inwestorem zostanie francuskie Societe Nationale Electricite et Thermique. Nast\u0119pna b\u0119dzie prawdopodobnie EC Zielona G\u00f3ra, o kt\u00f3r\u0105 zabiega szwedzki Sydkraft oraz konsorcjum Dalkii, Polish Energy Partners i ZEC Wroc\u0142awskich Kogeneracja. Sp\u00f3\u0142ka z Wroc\u0142awia znalaz\u0142a si\u0119 te\u017c na kr\u00f3tkiej li\u015bcie potencjalnych nabywc\u00f3w EC Tychy. Konkuruj\u0105 z ni\u0105 francuski SNET i szwedzki Vattenfall.<\/p>\n<p><img loading=\"lazy\" class=\"alignnone size-full wp-image-21428\" src=\"http:\/\/elektrosystemy.pl\/wp-content\/uploads\/uncategorized\/2017\/01\/03\/przyspieszamy-z-prywatyzacja\/tropilo-5.jpg\" alt=\"\" width=\"800\" height=\"543\" srcset=\"https:\/\/elektrosystemy.pl\/wp-content\/uploads\/uncategorized\/2017\/01\/03\/przyspieszamy-z-prywatyzacja\/tropilo-5.jpg 800w, https:\/\/elektrosystemy.pl\/wp-content\/uploads\/uncategorized\/2017\/01\/03\/przyspieszamy-z-prywatyzacja\/tropilo-5-600x407.jpg 600w, https:\/\/elektrosystemy.pl\/wp-content\/uploads\/uncategorized\/2017\/01\/03\/przyspieszamy-z-prywatyzacja\/tropilo-5-300x204.jpg 300w, https:\/\/elektrosystemy.pl\/wp-content\/uploads\/uncategorized\/2017\/01\/03\/przyspieszamy-z-prywatyzacja\/tropilo-5-768x521.jpg 768w\" sizes=\"(max-width: 800px) 100vw, 800px\" \/><\/p>\n<p>\u2013 <strong>W\u015br\u00f3d firm zainteresowanych inwestowaniem w polsk\u0105 energetyk\u0119 zdecydowan\u0105 przewag\u0119 maj\u0105, jak dot\u0105d, firmy europejskie. Czy MSP zamierza podj\u0105\u0107 pr\u00f3b\u0119 przyci\u0105gni\u0119cia na nasz rynek inwestor\u00f3w z innych kontynent\u00f3w?<\/strong><br \/>\n\u2013 Owszem. Prawdopodobnie na prze\u0142omie marca i kwietnia przeprowadzimy \u201eroad show\u201d w Stanach Zjednoczonych. W Nowym Jorku i Houston zamierzamy zorganizowa\u0107 prezentacje z udzia\u0142em przedstawicieli resortu skarbu i sp\u00f3\u0142ek energetycznych przeznaczonych do rych\u0142ej sprzeda\u017cy. Mamy nadziej\u0119, \u017ce uda nam si\u0119 nawi\u0105za\u0107 kontakt z ameryka\u0144skimi inwestorami bran\u017cowymi i zach\u0119ci\u0107 ich do udzia\u0142u w prywatyzacji polskiej energetyki.<\/p>\n<p style=\"text-align: right;\"><strong>Rozmawia\u0142a<\/strong><br \/>\n<strong>Agnieszka Berger<\/strong><br \/>\n<span style=\"font-size: 10pt;\">Autorka\u00a0jest dziennikarzem<\/span><br \/>\n<span style=\"font-size: 10pt;\"> Pulsu Biznesu<\/span><strong><br \/>\n<\/strong><\/p>\n\n\t\t<style type=\"text\/css\">\n\t\t\t#gallery-1 {\n\t\t\t\tmargin: auto;\n\t\t\t}\n\t\t\t#gallery-1 .gallery-item {\n\t\t\t\tfloat: left;\n\t\t\t\tmargin-top: 10px;\n\t\t\t\ttext-align: center;\n\t\t\t\twidth: 33%;\n\t\t\t}\n\t\t\t#gallery-1 img {\n\t\t\t\tborder: 2px solid #cfcfcf;\n\t\t\t}\n\t\t\t#gallery-1 .gallery-caption {\n\t\t\t\tmargin-left: 0;\n\t\t\t}\n\t\t\t\/* see gallery_shortcode() in wp-includes\/media.php *\/\n\t\t<\/style>\n\t\t<div id='gallery-1' class='gallery galleryid-21424 gallery-columns-3 gallery-size-thumbnail'><dl class='gallery-item'>\n\t\t\t<dt class='gallery-icon landscape'>\n\t\t\t\t<a href='https:\/\/elektrosystemy.pl\/wp-content\/uploads\/uncategorized\/2017\/01\/03\/przyspieszamy-z-prywatyzacja\/tropilo-1.jpg'><img width=\"150\" height=\"150\" src=\"https:\/\/elektrosystemy.pl\/wp-content\/uploads\/uncategorized\/2017\/01\/03\/przyspieszamy-z-prywatyzacja\/tropilo-1-150x150.jpg\" class=\"attachment-thumbnail size-thumbnail\" alt=\"\" loading=\"lazy\" aria-describedby=\"gallery-1-21429\" srcset=\"https:\/\/elektrosystemy.pl\/wp-content\/uploads\/uncategorized\/2017\/01\/03\/przyspieszamy-z-prywatyzacja\/tropilo-1-150x150.jpg 150w, https:\/\/elektrosystemy.pl\/wp-content\/uploads\/uncategorized\/2017\/01\/03\/przyspieszamy-z-prywatyzacja\/tropilo-1-300x300.jpg 300w, https:\/\/elektrosystemy.pl\/wp-content\/uploads\/uncategorized\/2017\/01\/03\/przyspieszamy-z-prywatyzacja\/tropilo-1-100x100.jpg 100w\" sizes=\"(max-width: 150px) 100vw, 150px\" \/><\/a>\n\t\t\t<\/dt>\n\t\t\t\t<dd class='wp-caption-text gallery-caption' id='gallery-1-21429'>\n\t\t\t\tPrzyspieszamy z prywatyzacj\u0105\n\t\t\t\t<\/dd><\/dl><dl class='gallery-item'>\n\t\t\t<dt class='gallery-icon portrait'>\n\t\t\t\t<a href='https:\/\/elektrosystemy.pl\/wp-content\/uploads\/uncategorized\/2017\/01\/03\/przyspieszamy-z-prywatyzacja\/tropilo-2.jpg'><img width=\"150\" height=\"150\" src=\"https:\/\/elektrosystemy.pl\/wp-content\/uploads\/uncategorized\/2017\/01\/03\/przyspieszamy-z-prywatyzacja\/tropilo-2-150x150.jpg\" class=\"attachment-thumbnail size-thumbnail\" alt=\"\" loading=\"lazy\" aria-describedby=\"gallery-1-21425\" srcset=\"https:\/\/elektrosystemy.pl\/wp-content\/uploads\/uncategorized\/2017\/01\/03\/przyspieszamy-z-prywatyzacja\/tropilo-2-150x150.jpg 150w, https:\/\/elektrosystemy.pl\/wp-content\/uploads\/uncategorized\/2017\/01\/03\/przyspieszamy-z-prywatyzacja\/tropilo-2-300x300.jpg 300w, https:\/\/elektrosystemy.pl\/wp-content\/uploads\/uncategorized\/2017\/01\/03\/przyspieszamy-z-prywatyzacja\/tropilo-2-100x100.jpg 100w\" sizes=\"(max-width: 150px) 100vw, 150px\" \/><\/a>\n\t\t\t<\/dt>\n\t\t\t\t<dd class='wp-caption-text gallery-caption' id='gallery-1-21425'>\n\t\t\t\tPrzyspieszamy z prywatyzacj\u0105\n\t\t\t\t<\/dd><\/dl><dl class='gallery-item'>\n\t\t\t<dt class='gallery-icon landscape'>\n\t\t\t\t<a href='https:\/\/elektrosystemy.pl\/wp-content\/uploads\/uncategorized\/2017\/01\/03\/przyspieszamy-z-prywatyzacja\/tropilo-3.jpg'><img width=\"150\" height=\"150\" src=\"https:\/\/elektrosystemy.pl\/wp-content\/uploads\/uncategorized\/2017\/01\/03\/przyspieszamy-z-prywatyzacja\/tropilo-3-150x150.jpg\" class=\"attachment-thumbnail size-thumbnail\" alt=\"\" loading=\"lazy\" aria-describedby=\"gallery-1-21426\" srcset=\"https:\/\/elektrosystemy.pl\/wp-content\/uploads\/uncategorized\/2017\/01\/03\/przyspieszamy-z-prywatyzacja\/tropilo-3-150x150.jpg 150w, https:\/\/elektrosystemy.pl\/wp-content\/uploads\/uncategorized\/2017\/01\/03\/przyspieszamy-z-prywatyzacja\/tropilo-3-300x300.jpg 300w, https:\/\/elektrosystemy.pl\/wp-content\/uploads\/uncategorized\/2017\/01\/03\/przyspieszamy-z-prywatyzacja\/tropilo-3-100x100.jpg 100w\" sizes=\"(max-width: 150px) 100vw, 150px\" \/><\/a>\n\t\t\t<\/dt>\n\t\t\t\t<dd class='wp-caption-text gallery-caption' id='gallery-1-21426'>\n\t\t\t\tPrzyspieszamy z prywatyzacj\u0105\n\t\t\t\t<\/dd><\/dl><br style=\"clear: both\" \/><dl class='gallery-item'>\n\t\t\t<dt class='gallery-icon landscape'>\n\t\t\t\t<a href='https:\/\/elektrosystemy.pl\/wp-content\/uploads\/uncategorized\/2017\/01\/03\/przyspieszamy-z-prywatyzacja\/tropilo-4.jpg'><img width=\"150\" height=\"150\" src=\"https:\/\/elektrosystemy.pl\/wp-content\/uploads\/uncategorized\/2017\/01\/03\/przyspieszamy-z-prywatyzacja\/tropilo-4-150x150.jpg\" class=\"attachment-thumbnail size-thumbnail\" alt=\"\" loading=\"lazy\" aria-describedby=\"gallery-1-21427\" srcset=\"https:\/\/elektrosystemy.pl\/wp-content\/uploads\/uncategorized\/2017\/01\/03\/przyspieszamy-z-prywatyzacja\/tropilo-4-150x150.jpg 150w, https:\/\/elektrosystemy.pl\/wp-content\/uploads\/uncategorized\/2017\/01\/03\/przyspieszamy-z-prywatyzacja\/tropilo-4-300x300.jpg 300w, https:\/\/elektrosystemy.pl\/wp-content\/uploads\/uncategorized\/2017\/01\/03\/przyspieszamy-z-prywatyzacja\/tropilo-4-100x100.jpg 100w\" sizes=\"(max-width: 150px) 100vw, 150px\" \/><\/a>\n\t\t\t<\/dt>\n\t\t\t\t<dd class='wp-caption-text gallery-caption' id='gallery-1-21427'>\n\t\t\t\tPrzyspieszamy z prywatyzacj\u0105\n\t\t\t\t<\/dd><\/dl><dl class='gallery-item'>\n\t\t\t<dt class='gallery-icon landscape'>\n\t\t\t\t<a href='https:\/\/elektrosystemy.pl\/wp-content\/uploads\/uncategorized\/2017\/01\/03\/przyspieszamy-z-prywatyzacja\/tropilo-5.jpg'><img width=\"150\" height=\"150\" src=\"https:\/\/elektrosystemy.pl\/wp-content\/uploads\/uncategorized\/2017\/01\/03\/przyspieszamy-z-prywatyzacja\/tropilo-5-150x150.jpg\" class=\"attachment-thumbnail size-thumbnail\" alt=\"\" loading=\"lazy\" aria-describedby=\"gallery-1-21428\" srcset=\"https:\/\/elektrosystemy.pl\/wp-content\/uploads\/uncategorized\/2017\/01\/03\/przyspieszamy-z-prywatyzacja\/tropilo-5-150x150.jpg 150w, https:\/\/elektrosystemy.pl\/wp-content\/uploads\/uncategorized\/2017\/01\/03\/przyspieszamy-z-prywatyzacja\/tropilo-5-300x300.jpg 300w, https:\/\/elektrosystemy.pl\/wp-content\/uploads\/uncategorized\/2017\/01\/03\/przyspieszamy-z-prywatyzacja\/tropilo-5-100x100.jpg 100w\" sizes=\"(max-width: 150px) 100vw, 150px\" \/><\/a>\n\t\t\t<\/dt>\n\t\t\t\t<dd class='wp-caption-text gallery-caption' id='gallery-1-21428'>\n\t\t\t\tPrzyspieszamy z prywatyzacj\u0105\n\t\t\t\t<\/dd><\/dl>\n\t\t\t<br style='clear: both' \/>\n\t\t<\/div>\n\n<p><strong>\u00a0<\/strong><\/p>\n","protected":false},"excerpt":{"rendered":"<p>Rozmowa z Jakubem Tropi\u0142o, wiceministrem skarbu pa\u0144stwa odpowiedzialnym za prywatyzacj\u0119 bran\u017cy energetycznej \u2013 Eksperci szacuj\u0105, \u017ce wp\u0142ywy z tegorocznej prywatyzacji sp\u00f3\u0142ek energetycznych mog\u0105 wynie\u015b\u0107 od 2 nawet do 5 mld z\u0142. Osi\u0105gni\u0119cie g\u00f3rnego pu\u0142apu wymaga\u0142oby znacznego przyspieszenia proces\u00f3w prywatyzacyjnych. Jakie s\u0105 plany Ministerstwa Skarbu Pa\u0144stwa? \u2013 Planujemy przyspieszenie przekszta\u0142ce\u0144 w podsektorze wytwarzania energii elektrycznej. Chcieliby\u015bmy&hellip;<\/p>\n","protected":false},"author":3,"featured_media":21429,"comment_status":"closed","ping_status":"closed","sticky":false,"template":"","format":"standard","meta":[],"categories":[319],"tags":[782],"_links":{"self":[{"href":"https:\/\/elektrosystemy.pl\/index.php?rest_route=\/wp\/v2\/posts\/21424"}],"collection":[{"href":"https:\/\/elektrosystemy.pl\/index.php?rest_route=\/wp\/v2\/posts"}],"about":[{"href":"https:\/\/elektrosystemy.pl\/index.php?rest_route=\/wp\/v2\/types\/post"}],"author":[{"embeddable":true,"href":"https:\/\/elektrosystemy.pl\/index.php?rest_route=\/wp\/v2\/users\/3"}],"replies":[{"embeddable":true,"href":"https:\/\/elektrosystemy.pl\/index.php?rest_route=%2Fwp%2Fv2%2Fcomments&post=21424"}],"version-history":[{"count":4,"href":"https:\/\/elektrosystemy.pl\/index.php?rest_route=\/wp\/v2\/posts\/21424\/revisions"}],"predecessor-version":[{"id":21457,"href":"https:\/\/elektrosystemy.pl\/index.php?rest_route=\/wp\/v2\/posts\/21424\/revisions\/21457"}],"wp:featuredmedia":[{"embeddable":true,"href":"https:\/\/elektrosystemy.pl\/index.php?rest_route=\/wp\/v2\/media\/21429"}],"wp:attachment":[{"href":"https:\/\/elektrosystemy.pl\/index.php?rest_route=%2Fwp%2Fv2%2Fmedia&parent=21424"}],"wp:term":[{"taxonomy":"category","embeddable":true,"href":"https:\/\/elektrosystemy.pl\/index.php?rest_route=%2Fwp%2Fv2%2Fcategories&post=21424"},{"taxonomy":"post_tag","embeddable":true,"href":"https:\/\/elektrosystemy.pl\/index.php?rest_route=%2Fwp%2Fv2%2Ftags&post=21424"}],"curies":[{"name":"wp","href":"https:\/\/api.w.org\/{rel}","templated":true}]}}