{"id":21449,"date":"2000-03-03T15:38:23","date_gmt":"2000-03-03T14:38:23","guid":{"rendered":"http:\/\/elektrosystemy.pl\/?p=21449"},"modified":"2017-01-03T19:19:12","modified_gmt":"2017-01-03T18:19:12","slug":"energetyka-potrzebuje-kapitalu","status":"publish","type":"post","link":"https:\/\/elektrosystemy.pl\/?p=21449","title":{"rendered":"Energetyka potrzebuje kapita\u0142u"},"content":{"rendered":"<p><span style=\"font-size: 12pt;\"><strong><a href=\"http:\/\/elektrosystemy.pl\/wp-content\/uploads\/uncategorized\/2017\/01\/03\/energetyka-potrzebuje-kapitalu\/oklad_03_2000.jpg\"><img loading=\"lazy\" class=\"alignleft wp-image-21450\" src=\"http:\/\/elektrosystemy.pl\/wp-content\/uploads\/uncategorized\/2017\/01\/03\/energetyka-potrzebuje-kapitalu\/oklad_03_2000-206x300.jpg\" alt=\"Elektrosystemy 03\/2000\" width=\"93\" height=\"135\" srcset=\"https:\/\/elektrosystemy.pl\/wp-content\/uploads\/uncategorized\/2017\/01\/03\/energetyka-potrzebuje-kapitalu\/oklad_03_2000-206x300.jpg 206w, https:\/\/elektrosystemy.pl\/wp-content\/uploads\/uncategorized\/2017\/01\/03\/energetyka-potrzebuje-kapitalu\/oklad_03_2000-600x874.jpg 600w, https:\/\/elektrosystemy.pl\/wp-content\/uploads\/uncategorized\/2017\/01\/03\/energetyka-potrzebuje-kapitalu\/oklad_03_2000-768x1118.jpg 768w, https:\/\/elektrosystemy.pl\/wp-content\/uploads\/uncategorized\/2017\/01\/03\/energetyka-potrzebuje-kapitalu\/oklad_03_2000-703x1024.jpg 703w, https:\/\/elektrosystemy.pl\/wp-content\/uploads\/uncategorized\/2017\/01\/03\/energetyka-potrzebuje-kapitalu\/oklad_03_2000.jpg 800w\" sizes=\"(max-width: 93px) 100vw, 93px\" \/><\/a>Rozmowa z profesorem Stanis\u0142awem Bolkowskim, prezesem Stowarzyszenia Elektryk\u00f3w Polskich, Prorektorem ds. Nauki Politechniki Warszawskiej<\/strong><\/span><\/p>\n<p>\u2013 <strong>W\u015br\u00f3d wielu m\u0142odych absolwent\u00f3w uczelni technicznych panuje przekonanie, \u017ce Stowarzyszenie Elektryk\u00f3w Polskich jest organizacj\u0105 ma\u0142o nowoczesn\u0105, a jego formu\u0142a niewiele odbiega od tej sprzed 10-20 lat. Co SEP mo\u017ce zaoferowa\u0107 m\u0142odym ludziom?<\/strong><br \/>\n\u2013 Absolutnie nie zgadzam si\u0119 z t\u0105 opini\u0105. Spo\u015br\u00f3d dzia\u0142aj\u0105cych w Polsce organizacji bran\u017cowych SEP najd\u0142u\u017cej i najintensywniej prowadzi dzia\u0142ania w celu \u201eodm\u0142odzenia\u201d kadr \u2013 czyli prac\u0119 w\u015br\u00f3d m\u0142odzie\u017cy.<br \/>\n\u2013 <strong>Co konkretnie robi SEP, aby przyci\u0105gn\u0105\u0107 m\u0142odzie\u017c?<\/strong><br \/>\n\u2013 Organizujemy konkursy na najlepsz\u0105 prac\u0119 dyplomow\u0105 na wydzia\u0142ach elektrycznych i elektroniki. Od kilku lat prowadzimy centralny konkurs, w kt\u00f3rym oceniane s\u0105 najlepsze prace z poszczeg\u00f3lnych uczelni. Robimy konkursy na najlepsz\u0105 prac\u0119 dyplomow\u0105 technika elektryka i elektronika. Organizujemy konkursy z dziedziny optoelektroniki. Ponadto byli\u015bmy organizatorem Dni M\u0142odego Elektryka w Szczecinie i w Bia\u0142ymstoku. Organizujemy konferencje, zjazdy itp. Przeprowadzili\u015bmy badania, dotycz\u0105ce oczekiwa\u0144 m\u0142odzie\u017cy w stosunku do SEP i wyniki tych bada\u0144 s\u0105 podstaw\u0105 do dalszych dzia\u0142a\u0144. Pewna uszczypliwo\u015b\u0107, zawarta w pytaniach, nie jest wi\u0119c chyba uzasadniona.<br \/>\n\u2013 <strong>Czego m\u0142odzi ludzie oczekuj\u0105 od SEP?<\/strong><br \/>\n\u2013 Przede wszystkim chcieliby wi\u0119cej wiedzie\u0107 o samej dzia\u0142alno\u015bci stowarzyszenia. Brakuje, by\u0107 mo\u017ce, informacji, co naprawd\u0119 si\u0119 w stowarzyszeniu dzieje i jakie s\u0105 jego zadania. Powstaj\u0105 ju\u017c jednak w kilku miastach ko\u0142a studenckie SEP. Studenci interesuj\u0105 si\u0119 np. zdobywaniem uprawnie\u0144 do prac przy wysokim napi\u0119ciu \u2013 pozwala im to \u201edorobi\u0107\u201d w czasie studi\u00f3w.<br \/>\n\u2013 <strong>A jak SEP wypada na tle swych odpowiednik\u00f3w z innych kraj\u00f3w?<\/strong><br \/>\n\u2013 Od kilku lat nale\u017cymy do EUREL \u2013 organizacji, zrzeszaj\u0105cej europejskie odpowiedniki SEP. W czasie ostatniego spotkania EUREL przedstawili\u015bmy referat, dotycz\u0105cy dzia\u0142alno\u015bci SEP w\u015br\u00f3d m\u0142odzie\u017cy. I nasze dzia\u0142ania w\u015br\u00f3d m\u0142odzie\u017cy zosta\u0142y bardzo pozytywnie odebrane przez uczestnik\u00f3w tego spotkania.<br \/>\n\u2013 <strong>W wielu dzia\u0142aj\u0105cych na polskim rynku firmach z kapita\u0142em zagranicznym stanowiska wy\u017cszego szczebla zarz\u0105dzania s\u0105 niejako zarezerwowane dla kadry, sprowadzonej zza granicy. Czy poprzez r\u00f3\u017cnego rodzaju szkolenia SEP mo\u017ce pom\u00f3c polskim in\u017cynierom w dotarciu na stanowiska mened\u017cerskie?<\/strong><br \/>\n\u2013 Nie mamy wp\u0142ywu na polityk\u0119 kadrow\u0105 zagranicznych koncern\u00f3w. Wszystkie oddzia\u0142y SEP organizuj\u0105 mn\u00f3stwo konferencji i szkole\u0144, kt\u00f3re mog\u0105 pom\u00f3c w rozwoju zawodowym. Wyb\u00f3r nale\u017cy ju\u017c do samych zainteresowanych. Coraz bardziej widoczni na takich imprezach s\u0105 m\u0142odzi ludzie, absolwenci uczelni technicznych. Fachowe informacje mo\u017cna r\u00f3wnie\u017c uzyska\u0107 w dwunastu wydawanych przez nas czasopismach. Postawiona na pocz\u0105tku przez pan\u00f3w teza, \u017ce SEP nie zmieni\u0142 si\u0119 od 20 lat, nie jest wi\u0119c chyba prawdziwa.<br \/>\n\u2013 <strong>A w jaki spos\u00f3b SEP promuje polsk\u0105 my\u015bl techniczn\u0105?<\/strong><br \/>\n\u2013 Kilka lat temu ustanowili\u015bmy Medal Prezesa SEP, kt\u00f3ry nadawany jest na imprezach targowych, organizowanych m.in. pod patronatem naszego stowarzyszenia. Ten medal jest przyznawany w\u0142a\u015bnie za wyr\u00f3b polski. Chcemy promowa\u0107 w ten spos\u00f3b wyroby naszego przemys\u0142u. Medal pomaga polskim firmom w promocji swych produkt\u00f3w, r\u00f3wnie\u017c za granic\u0105. Mamy r\u00f3wnie\u017c Biuro Badawcze ds. jako\u015bci, kt\u00f3re pomaga w podnoszeniu konkurencyjno\u015bci polskich wyrob\u00f3w. Wsp\u00f3\u0142pracujemy te\u017c z wieloma izbami gospodarczymi \u2013 w ko\u0144cu lutego podpisa\u0142em porozumienie o wsp\u00f3\u0142pracy z Izb\u0105 Energetyki Przemys\u0142owej, jednostk\u0105 samorz\u0105dow\u0105, dzia\u0142aj\u0105c\u0105 w obszarze energetyki przemys\u0142owej.<\/p>\n<p><img loading=\"lazy\" class=\"alignnone size-full wp-image-21452\" src=\"http:\/\/elektrosystemy.pl\/wp-content\/uploads\/uncategorized\/2017\/01\/03\/energetyka-potrzebuje-kapitalu\/bolek2.jpg\" alt=\"Energetyka potrzebuje kapita\u0142u\" width=\"800\" height=\"1019\" srcset=\"https:\/\/elektrosystemy.pl\/wp-content\/uploads\/uncategorized\/2017\/01\/03\/energetyka-potrzebuje-kapitalu\/bolek2.jpg 800w, https:\/\/elektrosystemy.pl\/wp-content\/uploads\/uncategorized\/2017\/01\/03\/energetyka-potrzebuje-kapitalu\/bolek2-600x764.jpg 600w, https:\/\/elektrosystemy.pl\/wp-content\/uploads\/uncategorized\/2017\/01\/03\/energetyka-potrzebuje-kapitalu\/bolek2-236x300.jpg 236w, https:\/\/elektrosystemy.pl\/wp-content\/uploads\/uncategorized\/2017\/01\/03\/energetyka-potrzebuje-kapitalu\/bolek2-768x978.jpg 768w\" sizes=\"(max-width: 800px) 100vw, 800px\" \/><\/p>\n<p>\u2013 <strong>Czy integracja z Uni\u0105 Europejsk\u0105 wp\u0142ywa na zmian\u0119 metod kszta\u0142cenia przysz\u0142ych in\u017cynier\u00f3w?<\/strong><br \/>\n\u2013 Powiem inaczej \u2013 te zmiany sposob\u00f3w kszta\u0142cenia s\u0105 wymuszone post\u0119pem technicznym i rosn\u0105c\u0105 konkurencj\u0105 na rynku. Zmiany w systemie kszta\u0142cenia s\u0105 bardzo szybkie i zasadnicze \u2013 obecnie prawie wszystkie uczelnie techniczne przechodz\u0105 na tzw. szeregowy (tr\u00f3jstopniowy) system kszta\u0142cenia. Studenci mog\u0105 uzyska\u0107 trzy stopnie: in\u017cynierski, magisterski i doktorancki. Jest to zasadnicza zmiana w stosunku do dotychczasowych metod kszta\u0142cenia. W ramach Konferencji Rektor\u00f3w Polskich Uczelni Technicznych nast\u0119puje znacz\u0105ca integracja w zakresie metod kszta\u0142cenia. Widoczna jest swego rodzaju unifikacja tych metod: na wz\u00f3r uczelni europejskich wprowadzamy np. sukcesywnie system punktowej oceny wynik\u00f3w kszta\u0142cenia. Mamy te\u017c coraz wi\u0119ksz\u0105 wymian\u0119 student\u00f3w z uczelniami zachodnimi. Na Politechnice Warszawskiej rozpocz\u0119li\u015bmy dzia\u0142ania w celu zbudowania systemu kszta\u0142cenia za po\u015brednictwem Internetu.<br \/>\n\u2013 <strong>Czy daj\u0105 si\u0119 zaobserwowa\u0107 przejawy konkurencji mi\u0119dzy polskimi uczelniami technicznymi \u2013 szczeg\u00f3lnie mi\u0119dzy Politechnik\u0105 Warszawsk\u0105 i krakowsk\u0105 Akademi\u0105 G\u00f3rniczo-Hutnicz\u0105?<\/strong><br \/>\n\u2013 Oczywi\u015bcie zar\u00f3wno my, jak i AGH stara si\u0119 nie pozosta\u0107 w tyle. Podkre\u015bl\u0119 jednak, \u017ce nasze stosunki s\u0105 znakomite. Raczej nale\u017cy m\u00f3wi\u0107 o wsp\u00f3\u0142pracy ni\u017c konkurencji.<br \/>\n\u2013 <strong>W Polsce na uczelniach technicznych dzia\u0142a 17 wydzia\u0142\u00f3w elektrycznych. Czy to nie za du\u017co jak na 40-milionowe pa\u0144stwo?<\/strong><br \/>\n\u2013 Powt\u00f3rz\u0119, \u017ce wszystkie uczelnie raczej staraj\u0105 si\u0119 wsp\u00f3\u0142pracowa\u0107 ni\u017c konkurowa\u0107. W wielu wypadkach specjalizacja poszczeg\u00f3lnych wydzia\u0142\u00f3w nie koliduje z innymi \u2013 specjalizuj\u0105 si\u0119 one w innych dziedzinach.<br \/>\n\u2013 <strong>A kt\u00f3re dziedziny elektrotechniki maj\u0105 przed sob\u0105 \u2013 Pana zdaniem \u2013 najwi\u0119ksze perspektywy rozwoju w Polsce?<\/strong><br \/>\n\u2013 Odpowied\u017a nie b\u0119dzie oryginalna: niew\u0105tpliwie informatyka, energoelektronika, telekomunikacja, automatyka proces\u00f3w produkcyjnych oraz automatyka elektroenergetyczna. W tych dziedzinach wida\u0107 zreszt\u0105 du\u017cy post\u0119p w metodach kszta\u0142cenia \u2013 nie odbiegaj\u0105 one wiele od metod stosowanych na zachodzie. W Polsce du\u017ce perspektywy ma te\u017c przemys\u0142 kablowy.<\/p>\n<p>\u2013 <strong>Produkcja kabli i przewod\u00f3w jest jednak w Polsce zdominowana w zasadzie przez dwie firmy: Elektrim Kable oraz my\u015blenick\u0105 Tele-Fonik\u0119.<\/strong><br \/>\n\u2013 Rzeczywi\u015bcie w tej dziedzinie wida\u0107 wyra\u017anie tendencje do po\u0142\u0105cze\u0144 \u2013 wi\u0119ksi wch\u0142aniaj\u0105 mniejszych. Osi\u0105gni\u0119cia tego przemys\u0142u w naszym kraju s\u0105 jednak bardzo du\u017ce \u2013 i nie dotyczy to tylko dw\u00f3ch najwi\u0119kszych firm.<br \/>\n\u2013 <strong>Jaki wp\u0142yw na polski rynek b\u0119dzie mia\u0142o uwolnienie cen energii, prywatyzacja i demonopolizacja energetyki?<\/strong><br \/>\n\u2013 Uwolnienie cen energii nie b\u0119dzie zupe\u0142ne, gdy\u017c taryfy b\u0119d\u0105 podlega\u0107 zatwierdzeniu przez Urz\u0105d Regulacji Energetyki. Manewrem o ograniczonym polu dzia\u0142ania b\u0119dzie r\u00f3wnie\u017c demonopolizacja energetyki. Z uwagi na konieczno\u015b\u0107 przesy\u0142ania tej energii poprzez sie\u0107 \u2013 a budowa r\u00f3wnoleg\u0142ej, konkurencyjnej sieci by\u0142aby ekonomicznym i technicznym nonsensem \u2013 stworzenie warunk\u00f3w konkurencyjno\u015bci i wyboru dostawcy przez odbiorc\u0119 nie mo\u017ce w praktyce dotyczy\u0107 wszystkich, a zw\u0142aszcza \u2013 drobnych odbiorc\u00f3w.<br \/>\nKonkurowa\u0107 ze sob\u0105 mog\u0105 i b\u0119d\u0105 poszczeg\u00f3lne elektrownie, zabiegaj\u0105c o zakup energii przez wielkich odbiorc\u00f3w. Pozwala na to przyj\u0119ta zasada udost\u0119pniania przez w\u0142a\u015bciciela sieci elektrycznej odp\u0142atnego z niej korzystania przez inne przedsi\u0119biorstwa elektroenergetyczne.<br \/>\n\u2013 <strong>Cena energii elektrycznej w Polsce \u2013 w por\u00f3wnaniu do cen \u015bwiatowych \u2013 jest wci\u0105\u017c niska. Czy b\u0119dzie jeszcze ni\u017csza po zako\u0144czeniu prywatyzacji elektroenergetyki?<\/strong><br \/>\n\u2013 Prywatyzacja elektroenergetyki jest korzystna dla uzyskania kapita\u0142u \u2013 zar\u00f3wno na rozw\u00f3j, jak i modernizacj\u0119 w zakresie wytwarzania energii. Obecnie prywatyzowane s\u0105 jedynie jednostki wytw\u00f3rcze i \u2013 z tego co mi wiadomo \u2013 zmiany po prywatyzacji s\u0105 korzystne. Opinia \u015brodowiska jest jednak jednoznaczna: \u015brodki z prywatyzacji powinny by\u0107 przeznaczone na modernizacj\u0119 samych elektrowni, a nie na \u0142atanie dziur w bud\u017cecie.<br \/>\nPrywatyzacja sieci elektrycznej, tworz\u0105cej technologicznie zintegrowany system, zdaniem wielu specjalist\u00f3w nie wystarczy jednak do stworzenia rynku energii. Program prywatyzacji powinien zak\u0142ada\u0107 zapewnienie dostawy energii elektrycznej do wszystkich odbiorc\u00f3w i niedopuszczenie do wzrostu \u2013 obecnie niskich, w por\u00f3wnaniu z krajami Unii Europejskiej \u2013 cen energii.<br \/>\n\u2013 <strong>Ka\u017cda prywatyzacja prowadzi zazwyczaj do zmniejszenia zatrudnienia\u2026<\/strong><br \/>\n\u2013 Obawy o masowe zwolnienia s\u0105 w \u015brodowisku elektryk\u00f3w, zwi\u0105zanych z energetyk\u0105, dosy\u0107 powszechne. Obawy takie mo\u017cna zreszt\u0105 wyczu\u0107 w rozmowach z zarz\u0105dami elektrowni \u2013 wszak w wi\u0119kszo\u015bci wypadk\u00f3w nowy w\u0142a\u015bciciel wymienia kadr\u0119 zarz\u0105dzaj\u0105c\u0105.<br \/>\n\u2013 <strong>Energetyka, podobnie jak np. przemys\u0142 obronny czy bankowo\u015b\u0107, jest jedn\u0105 ze strategicznych ga\u0142\u0119zi polskiej gospodarki. Zak\u0142adaj\u0105c pesymistyczny rozw\u00f3j wydarze\u0144, oddanie kontroli nad tymi sektorami inwestorom zagranicznym mo\u017ce decydowa\u0107 o bezpiecze\u0144stwie pa\u0144stwa. Czy w programie prywatyzacji energetyki nie powinny by\u0107 zawarte bariery, ograniczaj\u0105ce udzia\u0142 kapita\u0142u zagranicznego?<\/strong><br \/>\n\u2013 Z ca\u0142\u0105 pewno\u015bci\u0105 trzeba wprowadzi\u0107 pewne ograniczenia. Bezpiecze\u0144stwo energetyczne naszego kraju musi by\u0107 spraw\u0105 priorytetow\u0105. Dobrym przyk\u0142adem s\u0105 tu W\u0119gry. Pierwsze reakcje na skutki prywatyzacji energetyki w tym kraju by\u0142y wr\u0119cz entuzjastyczne. Po pewnym czasie przewa\u017ca\u0142y ju\u017c oceny raczej negatywne.<br \/>\n\u2013 <strong>Dzi\u0119kujemy za rozmow\u0119.<\/strong><\/p>\n<p style=\"text-align: right;\"><strong>Rozmawiali<\/strong><br \/>\n<strong>Jacek R\u00f3\u017ca\u0144ski<\/strong><br \/>\n<strong>i Mariusz Ignatowicz<\/strong><\/p>\n","protected":false},"excerpt":{"rendered":"<p>Rozmowa z profesorem Stanis\u0142awem Bolkowskim, prezesem Stowarzyszenia Elektryk\u00f3w Polskich, Prorektorem ds. Nauki Politechniki Warszawskiej \u2013 W\u015br\u00f3d wielu m\u0142odych absolwent\u00f3w uczelni technicznych panuje przekonanie, \u017ce Stowarzyszenie Elektryk\u00f3w Polskich jest organizacj\u0105 ma\u0142o nowoczesn\u0105, a jego formu\u0142a niewiele odbiega od tej sprzed 10-20 lat. Co SEP mo\u017ce zaoferowa\u0107 m\u0142odym ludziom? \u2013 Absolutnie nie zgadzam si\u0119 z t\u0105 opini\u0105.&hellip;<\/p>\n","protected":false},"author":3,"featured_media":21435,"comment_status":"closed","ping_status":"closed","sticky":false,"template":"","format":"standard","meta":[],"categories":[319],"tags":[1036],"_links":{"self":[{"href":"https:\/\/elektrosystemy.pl\/index.php?rest_route=\/wp\/v2\/posts\/21449"}],"collection":[{"href":"https:\/\/elektrosystemy.pl\/index.php?rest_route=\/wp\/v2\/posts"}],"about":[{"href":"https:\/\/elektrosystemy.pl\/index.php?rest_route=\/wp\/v2\/types\/post"}],"author":[{"embeddable":true,"href":"https:\/\/elektrosystemy.pl\/index.php?rest_route=\/wp\/v2\/users\/3"}],"replies":[{"embeddable":true,"href":"https:\/\/elektrosystemy.pl\/index.php?rest_route=%2Fwp%2Fv2%2Fcomments&post=21449"}],"version-history":[{"count":5,"href":"https:\/\/elektrosystemy.pl\/index.php?rest_route=\/wp\/v2\/posts\/21449\/revisions"}],"predecessor-version":[{"id":21459,"href":"https:\/\/elektrosystemy.pl\/index.php?rest_route=\/wp\/v2\/posts\/21449\/revisions\/21459"}],"wp:featuredmedia":[{"embeddable":true,"href":"https:\/\/elektrosystemy.pl\/index.php?rest_route=\/wp\/v2\/media\/21435"}],"wp:attachment":[{"href":"https:\/\/elektrosystemy.pl\/index.php?rest_route=%2Fwp%2Fv2%2Fmedia&parent=21449"}],"wp:term":[{"taxonomy":"category","embeddable":true,"href":"https:\/\/elektrosystemy.pl\/index.php?rest_route=%2Fwp%2Fv2%2Fcategories&post=21449"},{"taxonomy":"post_tag","embeddable":true,"href":"https:\/\/elektrosystemy.pl\/index.php?rest_route=%2Fwp%2Fv2%2Ftags&post=21449"}],"curies":[{"name":"wp","href":"https:\/\/api.w.org\/{rel}","templated":true}]}}