{"id":21831,"date":"2017-01-27T11:20:31","date_gmt":"2017-01-27T10:20:31","guid":{"rendered":"http:\/\/elektrosystemy.pl\/?p=21831"},"modified":"2017-01-28T22:17:43","modified_gmt":"2017-01-28T21:17:43","slug":"ge-strategicznym-partnerem-polski","status":"publish","type":"post","link":"https:\/\/elektrosystemy.pl\/?p=21831","title":{"rendered":"GE strategicznym partnerem Polski"},"content":{"rendered":"<p><strong>Zawarcie porozumienia o wsp\u00f3\u0142pracy strategicznej pomi\u0119dzy Ministerstwem Rozwoju a\u00a0General Electric zainaugurowa\u0142o jubileuszowy rok 25-lecia dzia\u0142alno\u015bci GE w\u00a0Polsce. Do uroczystego podpisania porozumienia dosz\u0142o 26 stycznia w\u00a0Warszawie, w siedzibie EDC &#8211; Engineering Design Center \u2013 najwi\u0119kszego w Europie centrum projektowego, b\u0119d\u0105cego wsp\u00f3lnym przedsi\u0119wzi\u0119ciem Instytutu Lotnictwa i General Electric. Sygnatariuszy reprezentowali Mateusz Morawiecki, Wicepremier, Minister Rozwoju i Finans\u00f3w, oraz John G. Rice, Wiceprezes GE. <\/strong><\/p>\n<p>G\u0142\u00f3wnym celem wsp\u00f3\u0142pracy strategicznej wyra\u017conym w podpisanym porozumieniu jest zbudowanie trwa\u0142ego i d\u0142ugofalowego partnerstwa pomi\u0119dzy rz\u0105dem polskim a GE w obszarach zr\u00f3wnowa\u017conej energetyki i lotnictwa. Stabilno\u015b\u0107 i\u00a0trwa\u0142o\u015b\u0107 wprowadzanych rozwi\u0105za\u0144 b\u0119dzie mo\u017cliwa dzi\u0119ki wykorzystywaniu tworzonych przez GE centr\u00f3w badawczo-rozwojowych i wdra\u017canych w lokalnych fabrykach zaawansowanych, innowacyjnych technologii.<\/p>\n<p><em>&#8211; Przez 25 lat swojej dotychczasowej dzia\u0142alno\u015bci w Polsce General Electric udowodni\u0142, \u017ce jest przyk\u0142adem partnera dla polskiej gospodarki z najwy\u017cszej p\u00f3\u0142ki nie tylko high-tech, ale te\u017c najwy\u017cszej p\u00f3\u0142ki wzajemnego zaufania i\u00a0wiary w potencja\u0142 polskiej my\u015bli technicznej. Wyra\u017cam nie tyle nadziej\u0119, co przekonanie, \u017ce nast\u0119pnych 25 lat naszego strategicznego partnerstwa b\u0119dzie pe\u0142ne jeszcze bardziej owocnej wsp\u00f3\u0142pracy, a produkty GE powstaj\u0105ce w Polsce niejednokrotnie zrewolucjonizuj\u0105 \u015bwiatowy przemys\u0142, rozs\u0142awiaj\u0105c zarazem kompetencje i zdolno\u015bci polskich in\u017cynier\u00f3w \u2013 <\/em>powiedzia\u0142 Mateusz Morawiecki, Wicepremier, Minister Rozwoju i Finans\u00f3w.<\/p>\n<p><em>&#8211; Dzisiejsze porozumienie podkre\u015bla znaczenie i warto\u015b\u0107 naszych inwestycji oraz biznesowej obecno\u015bci w Polsce. W tym roku obchodzimy 125-lecie GE i 25-lecie GE w Polsce \u2013 idealna synergia i zbie\u017cno\u015b\u0107 czasu \u2013 a podpisane porozumienie przygotowuje grunt do dalszej wsp\u00f3\u0142pracy mi\u0119dzy GE a rz\u0105dem polskim \u2013 stwierdzi\u0142 <\/em>John G. Rice, Wiceprezes GE<em>.<\/em><\/p>\n<p><a href=\"http:\/\/elektrosystemy.pl\/wp-content\/uploads\/aktualnosci-rynek\/2017\/01\/27\/ge-strategicznym-partnerem-polski\/GE_27_01_2017_2.jpg\"><img loading=\"lazy\" class=\"alignnone wp-image-21832 size-full\" src=\"http:\/\/elektrosystemy.pl\/wp-content\/uploads\/aktualnosci-rynek\/2017\/01\/27\/ge-strategicznym-partnerem-polski\/GE_27_01_2017_2.jpg\" width=\"800\" height=\"671\" srcset=\"https:\/\/elektrosystemy.pl\/wp-content\/uploads\/aktualnosci-rynek\/2017\/01\/27\/ge-strategicznym-partnerem-polski\/GE_27_01_2017_2.jpg 800w, https:\/\/elektrosystemy.pl\/wp-content\/uploads\/aktualnosci-rynek\/2017\/01\/27\/ge-strategicznym-partnerem-polski\/GE_27_01_2017_2-600x503.jpg 600w, https:\/\/elektrosystemy.pl\/wp-content\/uploads\/aktualnosci-rynek\/2017\/01\/27\/ge-strategicznym-partnerem-polski\/GE_27_01_2017_2-300x252.jpg 300w, https:\/\/elektrosystemy.pl\/wp-content\/uploads\/aktualnosci-rynek\/2017\/01\/27\/ge-strategicznym-partnerem-polski\/GE_27_01_2017_2-768x644.jpg 768w\" sizes=\"(max-width: 800px) 100vw, 800px\" \/><\/a><\/p>\n<p>Obok deklaracji woli bliskiej wsp\u00f3\u0142pracy, uczestnicy porozumienia wyrazili tak\u017ce zamiar realizowania projekt\u00f3w w zakresie bada\u0144 i rozwoju z udzia\u0142em polskich instytucji edukacyjnych i\u00a0o\u015brodk\u00f3w badawczych. GE zadeklarowa\u0142o ch\u0119\u0107 do podj\u0119cia dzia\u0142a\u0144 zapewniaj\u0105cych rzeczywisty transfer rozwi\u0105za\u0144 technologicznych do Polski oraz integracj\u0119 dzia\u0142a\u0144 pomi\u0119dzy swymi zak\u0142adami produkcyjnymi a krajowymi o\u015brodkami bada\u0144 i\u00a0rozwoju.<\/p>\n<p><iframe loading=\"lazy\" width=\"500\" height=\"281\" src=\"https:\/\/www.youtube.com\/embed\/-DaFzh8F4Bc?feature=oembed\" frameborder=\"0\" allowfullscreen><\/iframe><\/p>\n<p>Jeden z punkt\u00f3w porozumienia odni\u00f3s\u0142 si\u0119 r\u00f3wnie\u017c do kwestii zwi\u0119kszenia udzia\u0142u lokalnych dostawc\u00f3w, w szczeg\u00f3lno\u015bci z sektora M\u015aP, w globalnym \u0142a\u0144cuchu dostaw GE. Uwzgl\u0119dniaj\u0105c w\u00a0pe\u0142ni specyfik\u0119 bran\u017cy, \u015bcis\u0142e wymagania jako\u015bciowe i regulacje prawne, jak r\u00f3wnie\u017c czynniki zwi\u0105zane z efektywno\u015bci\u0105 kosztow\u0105 oraz zachowuj\u0105c pe\u0142n\u0105 zgodno\u015b\u0107 z unijnymi i krajowymi zasadami dotycz\u0105cymi konkurencji, GE wyrazi\u0142o wol\u0119 do kontynuowania wzrostu zaanga\u017cowania polskich przedsi\u0119biorc\u00f3w w sw\u00f3j \u0142a\u0144cuch dostaw.<\/p>\n<p><strong>25 lat GE w Polsce<\/strong><\/p>\n<p>Podpisanie porozumienia o wsp\u00f3\u0142pracy strategicznej inauguruje jubileusz 25-lecia obecno\u015bci GE w Polsce. Firma jako jedna z pierwszych korporacji mi\u0119dzynarodowych, aktywnie uczestniczy\u0142a<br \/>\nw transformacji polskiej gospodarki po 1989 r. \u0106wier\u0107 wieku intensywnej dzia\u0142alno\u015bci, realizowania inwestycji, wdra\u017cania nowoczesnych technologii i wspierania rozwoju kompetencji polskiej kadry spowodowa\u0142o, \u017ce GE jest jednym z kluczowych partner\u00f3w dla rozwoju polskiej gospodarki.<\/p>\n<p><a href=\"http:\/\/elektrosystemy.pl\/wp-content\/uploads\/aktualnosci-rynek\/2017\/01\/27\/ge-strategicznym-partnerem-polski\/GE_27_01_2017_3.jpg\"><img loading=\"lazy\" class=\"alignleft wp-image-21836\" src=\"http:\/\/elektrosystemy.pl\/wp-content\/uploads\/aktualnosci-rynek\/2017\/01\/27\/ge-strategicznym-partnerem-polski\/GE_27_01_2017_3.jpg\" width=\"155\" height=\"239\" srcset=\"https:\/\/elektrosystemy.pl\/wp-content\/uploads\/aktualnosci-rynek\/2017\/01\/27\/ge-strategicznym-partnerem-polski\/GE_27_01_2017_3.jpg 900w, https:\/\/elektrosystemy.pl\/wp-content\/uploads\/aktualnosci-rynek\/2017\/01\/27\/ge-strategicznym-partnerem-polski\/GE_27_01_2017_3-600x924.jpg 600w, https:\/\/elektrosystemy.pl\/wp-content\/uploads\/aktualnosci-rynek\/2017\/01\/27\/ge-strategicznym-partnerem-polski\/GE_27_01_2017_3-195x300.jpg 195w, https:\/\/elektrosystemy.pl\/wp-content\/uploads\/aktualnosci-rynek\/2017\/01\/27\/ge-strategicznym-partnerem-polski\/GE_27_01_2017_3-768x1183.jpg 768w, https:\/\/elektrosystemy.pl\/wp-content\/uploads\/aktualnosci-rynek\/2017\/01\/27\/ge-strategicznym-partnerem-polski\/GE_27_01_2017_3-665x1024.jpg 665w\" sizes=\"(max-width: 155px) 100vw, 155px\" \/><\/a>Firma, kt\u00f3ra dok\u0142adnie 125 lat temu zawi\u0105za\u0142a si\u0119 w Stanach Zjednoczonych, lokalnie mocno wpisa\u0142a si\u0119 w ekonomiczny krajobraz i silnie zwi\u0105za\u0142a z polsk\u0105 gospodark\u0105.<\/p>\n<p>Aktualnie GE zatrudnia w Polsce oko\u0142o 6500 os\u00f3b. Do Grupy GE nale\u017c\u0105 m.in.: trzy fabryki specjalizuj\u0105ce si\u0119 w produkcji wyrob\u00f3w elektrycznych (w K\u0142odzku, \u0141odzi i Bielsku-Bia\u0142ej), dwie fabryki GE Aviation (Dzier\u017coni\u00f3w i\u00a0Bielsko-Bia\u0142a) i trzy zak\u0142ady GE Power (zak\u0142ad produkcji turbin i odlewnia w\u00a0Elbl\u0105gu oraz zak\u0142ad produkcji generator\u00f3w we Wroc\u0142awiu). Od 1992 roku firma zainwestowa\u0142a w Polsce 670 mln USD, a roczne wydatki na badania i rozw\u00f3j wynosz\u0105 oko\u0142o 100 mln USD.<\/p>\n","protected":false},"excerpt":{"rendered":"<p>Zawarcie porozumienia o wsp\u00f3\u0142pracy strategicznej pomi\u0119dzy Ministerstwem Rozwoju a\u00a0General Electric zainaugurowa\u0142o jubileuszowy rok 25-lecia dzia\u0142alno\u015bci GE w\u00a0Polsce. Do uroczystego podpisania porozumienia dosz\u0142o 26 stycznia w\u00a0Warszawie, w siedzibie EDC &#8211; Engineering Design Center \u2013 najwi\u0119kszego w Europie centrum projektowego, b\u0119d\u0105cego wsp\u00f3lnym przedsi\u0119wzi\u0119ciem Instytutu Lotnictwa i General Electric. Sygnatariuszy reprezentowali Mateusz Morawiecki, Wicepremier, Minister Rozwoju i Finans\u00f3w,&hellip;<\/p>\n","protected":false},"author":3,"featured_media":21834,"comment_status":"closed","ping_status":"closed","sticky":false,"template":"","format":"standard","meta":[],"categories":[318,323,320],"tags":[525,1405],"_links":{"self":[{"href":"https:\/\/elektrosystemy.pl\/index.php?rest_route=\/wp\/v2\/posts\/21831"}],"collection":[{"href":"https:\/\/elektrosystemy.pl\/index.php?rest_route=\/wp\/v2\/posts"}],"about":[{"href":"https:\/\/elektrosystemy.pl\/index.php?rest_route=\/wp\/v2\/types\/post"}],"author":[{"embeddable":true,"href":"https:\/\/elektrosystemy.pl\/index.php?rest_route=\/wp\/v2\/users\/3"}],"replies":[{"embeddable":true,"href":"https:\/\/elektrosystemy.pl\/index.php?rest_route=%2Fwp%2Fv2%2Fcomments&post=21831"}],"version-history":[{"count":6,"href":"https:\/\/elektrosystemy.pl\/index.php?rest_route=\/wp\/v2\/posts\/21831\/revisions"}],"predecessor-version":[{"id":21848,"href":"https:\/\/elektrosystemy.pl\/index.php?rest_route=\/wp\/v2\/posts\/21831\/revisions\/21848"}],"wp:featuredmedia":[{"embeddable":true,"href":"https:\/\/elektrosystemy.pl\/index.php?rest_route=\/wp\/v2\/media\/21834"}],"wp:attachment":[{"href":"https:\/\/elektrosystemy.pl\/index.php?rest_route=%2Fwp%2Fv2%2Fmedia&parent=21831"}],"wp:term":[{"taxonomy":"category","embeddable":true,"href":"https:\/\/elektrosystemy.pl\/index.php?rest_route=%2Fwp%2Fv2%2Fcategories&post=21831"},{"taxonomy":"post_tag","embeddable":true,"href":"https:\/\/elektrosystemy.pl\/index.php?rest_route=%2Fwp%2Fv2%2Ftags&post=21831"}],"curies":[{"name":"wp","href":"https:\/\/api.w.org\/{rel}","templated":true}]}}