{"id":25339,"date":"2017-08-25T05:45:09","date_gmt":"2017-08-25T03:45:09","guid":{"rendered":"http:\/\/elektrosystemy.pl\/?p=25339"},"modified":"2019-02-16T20:14:18","modified_gmt":"2019-02-16T19:14:18","slug":"wiatraki-o-mocy-8-mw-stana-u-wybrzezy-niemiec","status":"publish","type":"post","link":"https:\/\/elektrosystemy.pl\/?p=25339","title":{"rendered":"Wiatraki o mocy 8 MW stan\u0105 u wybrze\u017cy Niemiec"},"content":{"rendered":"<p><strong>Firma MHI Vestas otrzyma\u0142a zam\u00f3wienie na dostarczenie elektrowni wiatrowych o mocy jednostkowej 8 MW, kt\u00f3re stan\u0105 na morskiej farmie wiatrowej u wybrze\u017cy Niemiec. To najwi\u0119ksze jak do tej pory, komercyjnie wykorzystane wiatraki. Wejd\u0105 one w sk\u0142ad morskiej farmy wiatrowej Deutsche Bucht, o mocy ca\u0142kowitej 252 MW.<\/strong><\/p>\n<p>Wiatraki stan\u0105 na Morzu P\u00f3\u0142nocnym w odleg\u0142o\u015bci oko\u0142o 90 km od linii brzegowej, na g\u0142\u0119boko\u015bciach rz\u0119du 39-41 metr\u00f3w. Projekt Deutsche Bucht uzyska\u0142 ju\u017c finaln\u0105 decyzj\u0119 inwestycyjn\u0105 oraz finansowanie, a koszt ca\u0142ej inwestycji szacuje si\u0119 na 1,3 mld euro.<\/p>\n<p>Turbiny V164-8.0 MW zastosowano po raz pierwszy komercyjnie na uruchomionej w tym roku morskiej farmie wiatrowej Burbo Bank II na Morzu Irlandzkim. W tym projekcie wykorzystano 32 turbiny MHI Vestas V-164-8.0, a ich \u0142\u0105czna moc wynosi 258 MW.<\/p>\n<p><a href=\"http:\/\/elektrosystemy.pl\/wp-content\/uploads\/zagranica\/2017\/08\/24\/wiatraki-o-mocy-8-mw-stana-u-wybrzezy-niemiec\/MHI_Vestas_2.jpg\"><img loading=\"lazy\" class=\"alignnone size-full wp-image-25340\" src=\"http:\/\/elektrosystemy.pl\/wp-content\/uploads\/zagranica\/2017\/08\/24\/wiatraki-o-mocy-8-mw-stana-u-wybrzezy-niemiec\/MHI_Vestas_2.jpg\" alt=\"\" width=\"900\" height=\"506\" srcset=\"https:\/\/elektrosystemy.pl\/wp-content\/uploads\/zagranica\/2017\/08\/24\/wiatraki-o-mocy-8-mw-stana-u-wybrzezy-niemiec\/MHI_Vestas_2.jpg 900w, https:\/\/elektrosystemy.pl\/wp-content\/uploads\/zagranica\/2017\/08\/24\/wiatraki-o-mocy-8-mw-stana-u-wybrzezy-niemiec\/MHI_Vestas_2-600x337.jpg 600w, https:\/\/elektrosystemy.pl\/wp-content\/uploads\/zagranica\/2017\/08\/24\/wiatraki-o-mocy-8-mw-stana-u-wybrzezy-niemiec\/MHI_Vestas_2-300x169.jpg 300w, https:\/\/elektrosystemy.pl\/wp-content\/uploads\/zagranica\/2017\/08\/24\/wiatraki-o-mocy-8-mw-stana-u-wybrzezy-niemiec\/MHI_Vestas_2-768x432.jpg 768w\" sizes=\"(max-width: 900px) 100vw, 900px\" \/><\/a><\/p>\n<p><a href=\"http:\/\/elektrosystemy.pl\/wp-content\/uploads\/zagranica\/2017\/08\/24\/wiatraki-o-mocy-8-mw-stana-u-wybrzezy-niemiec\/MHI_Vestas_3.jpg\"><img loading=\"lazy\" class=\"alignnone size-full wp-image-25341\" src=\"http:\/\/elektrosystemy.pl\/wp-content\/uploads\/zagranica\/2017\/08\/24\/wiatraki-o-mocy-8-mw-stana-u-wybrzezy-niemiec\/MHI_Vestas_3.jpg\" alt=\"\" width=\"800\" height=\"576\" srcset=\"https:\/\/elektrosystemy.pl\/wp-content\/uploads\/zagranica\/2017\/08\/24\/wiatraki-o-mocy-8-mw-stana-u-wybrzezy-niemiec\/MHI_Vestas_3.jpg 800w, https:\/\/elektrosystemy.pl\/wp-content\/uploads\/zagranica\/2017\/08\/24\/wiatraki-o-mocy-8-mw-stana-u-wybrzezy-niemiec\/MHI_Vestas_3-600x432.jpg 600w, https:\/\/elektrosystemy.pl\/wp-content\/uploads\/zagranica\/2017\/08\/24\/wiatraki-o-mocy-8-mw-stana-u-wybrzezy-niemiec\/MHI_Vestas_3-300x216.jpg 300w, https:\/\/elektrosystemy.pl\/wp-content\/uploads\/zagranica\/2017\/08\/24\/wiatraki-o-mocy-8-mw-stana-u-wybrzezy-niemiec\/MHI_Vestas_3-768x553.jpg 768w\" sizes=\"(max-width: 800px) 100vw, 800px\" \/><\/a><\/p>\n<p>MHI Vestas jest tak\u017ce na etapie wdra\u017cania jeszcze wi\u0119kszej turbiny o mocy 9,5 MW, kt\u00f3ra powstanie na bazie platformy V164 i kt\u00f3ra ma trafi\u0107 do sprzeda\u017cy w roku 2020. Ostatnio, na pocz\u0105tku sierpnia, turbina testowana od ko\u0144ca ubieg\u0142ego roku w \u00d8sterild w Danii spali\u0142a si\u0119 i obecnie prowadzone jest dochodzenie maj\u0105ce wykaza\u0107 przyczyny po\u017caru. MHI Vestas zaznacza, \u017ce nie by\u0142a pod\u0142\u0105czona do sieci.<\/p>\n","protected":false},"excerpt":{"rendered":"<p>Firma MHI Vestas otrzyma\u0142a zam\u00f3wienie na dostarczenie elektrowni wiatrowych o mocy jednostkowej 8 MW, kt\u00f3re stan\u0105 na morskiej farmie wiatrowej u wybrze\u017cy Niemiec. To najwi\u0119ksze jak do tej pory, komercyjnie wykorzystane wiatraki. Wejd\u0105 one w sk\u0142ad morskiej farmy wiatrowej Deutsche Bucht, o mocy ca\u0142kowitej 252 MW. Wiatraki stan\u0105 na Morzu P\u00f3\u0142nocnym w odleg\u0142o\u015bci oko\u0142o 90&hellip;<\/p>\n","protected":false},"author":3,"featured_media":25342,"comment_status":"closed","ping_status":"closed","sticky":false,"template":"","format":"standard","meta":[],"categories":[846,335],"tags":[375],"_links":{"self":[{"href":"https:\/\/elektrosystemy.pl\/index.php?rest_route=\/wp\/v2\/posts\/25339"}],"collection":[{"href":"https:\/\/elektrosystemy.pl\/index.php?rest_route=\/wp\/v2\/posts"}],"about":[{"href":"https:\/\/elektrosystemy.pl\/index.php?rest_route=\/wp\/v2\/types\/post"}],"author":[{"embeddable":true,"href":"https:\/\/elektrosystemy.pl\/index.php?rest_route=\/wp\/v2\/users\/3"}],"replies":[{"embeddable":true,"href":"https:\/\/elektrosystemy.pl\/index.php?rest_route=%2Fwp%2Fv2%2Fcomments&post=25339"}],"version-history":[{"count":1,"href":"https:\/\/elektrosystemy.pl\/index.php?rest_route=\/wp\/v2\/posts\/25339\/revisions"}],"predecessor-version":[{"id":25343,"href":"https:\/\/elektrosystemy.pl\/index.php?rest_route=\/wp\/v2\/posts\/25339\/revisions\/25343"}],"wp:featuredmedia":[{"embeddable":true,"href":"https:\/\/elektrosystemy.pl\/index.php?rest_route=\/wp\/v2\/media\/25342"}],"wp:attachment":[{"href":"https:\/\/elektrosystemy.pl\/index.php?rest_route=%2Fwp%2Fv2%2Fmedia&parent=25339"}],"wp:term":[{"taxonomy":"category","embeddable":true,"href":"https:\/\/elektrosystemy.pl\/index.php?rest_route=%2Fwp%2Fv2%2Fcategories&post=25339"},{"taxonomy":"post_tag","embeddable":true,"href":"https:\/\/elektrosystemy.pl\/index.php?rest_route=%2Fwp%2Fv2%2Ftags&post=25339"}],"curies":[{"name":"wp","href":"https:\/\/api.w.org\/{rel}","templated":true}]}}