{"id":29572,"date":"2018-12-19T08:00:43","date_gmt":"2018-12-19T07:00:43","guid":{"rendered":"http:\/\/elektrosystemy.pl\/?p=29572"},"modified":"2018-12-18T19:24:17","modified_gmt":"2018-12-18T18:24:17","slug":"grupa-tak-konczy-dzialalnosc","status":"publish","type":"post","link":"https:\/\/elektrosystemy.pl\/?p=29572","title":{"rendered":"Grupa TAK ko\u0144czy dzia\u0142alno\u015b\u0107"},"content":{"rendered":"<p><strong>Grupa TAK \u2013 wsp\u00f3lne przedsi\u0119wzi\u0119cie trzech dystrybutor\u00f3w artyku\u0142\u00f3w elektrotechnicznych: A-T, Kaczmarek Electric oraz TIM przejdzie do historii. Dzia\u0142alno\u015b\u0107 zako\u0144czy z ko\u0144cem 2018 roku. <\/strong><\/p>\n<p>Grupa TAK powsta\u0142a jesieni\u0105 2015 roku. Przedstawiciele firm j\u0105 tworz\u0105cych niezw\u0142ocznie rozpocz\u0119li w\u00f3wczas z dostawcami rozmowy handlowe dotycz\u0105ce zakup\u00f3w na rok 2016. Modele biznesowe i pomys\u0142y na rozw\u00f3j trzech partner\u00f3w r\u00f3\u017cni\u0142y si\u0119, co oznacza\u0142o, \u017ce firmy w niewielkim stopniu ze sob\u0105 konkurowa\u0142y, za to doskonale si\u0119 uzupe\u0142nia\u0142y.<\/p>\n<p>\u2013 <em>W kolejnych miesi\u0105cach wsp\u00f3lnie z dostawcami wypracowali\u015bmy nowe, bardziej efektywne zasady wsp\u00f3\u0142pracy, umo\u017cliwiaj\u0105ce optymalizacj\u0119 koszt\u00f3w logistycznych po obu stronach, dotarcie z ofert\u0105 produktow\u0105 do nowych grup klient\u00f3w i sprawne wprowadzanie na rynek nowo\u015bci produktowych<\/em> \u2013 wspomina Pawe\u0142 Jarmu\u017cek, prezes Przedsi\u0119biorstwa Handlowego A-T.<\/p>\n<p>Za Grup\u0105 TAK sta\u0142 w momencie rozpocz\u0119cia dzia\u0142alno\u015bci zar\u00f3wno potencja\u0142 sprzeda\u017cowy (ponad 200 stacjonarnych plac\u00f3wek handlowych, obs\u0142uguj\u0105cych klient\u00f3w hurtowych i detalicznych, a tak\u017ce dwa e-sklepy), jak i logistyczny (oko\u0142o 70 tys. m<sup>2<\/sup> powierzchni magazynowych i plac\u00f3w kablowych). Szefowie firm tworz\u0105cych grup\u0119 od pocz\u0105tku deklarowali, \u017ce ich przedsi\u0119wzi\u0119cie ma przynie\u015b\u0107 wymierne korzy\u015bci wszystkim uczestnikom rynku.<\/p>\n<p>\u2013 <em>Naszym celem by\u0142 biznes na TAK. Sprawniejszy, nowocze\u015bniejszy i bardziej przewidywalny. Taki, na kt\u00f3rym korzystaj\u0105 nie tylko producenci oraz dystrybutorzy tworz\u0105cy grup\u0119, ale i klienci, zyskuj\u0105cy dzi\u0119ki naszemu partnerstwu dost\u0119p do szerszej oferty produktowej. Uda\u0142o si\u0119<\/em> \u2013 dodaje Cezary Kaczmarek, prezes Kaczmarek Electric.<\/p>\n<p>Potwierdzaj\u0105 to liczby. Po trzech kwarta\u0142ach 2018 roku suma obrot\u00f3w firm tworz\u0105cych Grup\u0119 TAK wynios\u0142a 1,55 mld z\u0142 wobec 1,16 mld z\u0142 w analogicznym okresie 2015 roku, a wi\u0119c tu\u017c przed utworzeniem grupy. Oznacza to wzrost a\u017c o ponad 33%.<\/p>\n<p>Trzy lata dzia\u0142alno\u015bci Grupy TAK to okres dynamicznych zmian zar\u00f3wno na ca\u0142ym rynku dystrybucji artyku\u0142\u00f3w elektrotechnicznych, jak i w ka\u017cdej z trzech firm.<\/p>\n<p>\u2013 <em>Ka\u017cde z naszych przedsi\u0119biorstw jest w zupe\u0142nie innej sytuacji ni\u017c jesieni\u0105 2015 roku i ma inne pomys\u0142y oraz perspektywy na dalszy rozw\u00f3j ni\u017c trzy lata temu. Dlatego wsp\u00f3lnie uznali\u015bmy, \u017ce dotychczasowa formu\u0142a naszej wsp\u00f3\u0142pracy wyczerpa\u0142a si\u0119<\/em> \u2013 podkre\u015bla Krzysztof Folta, prezes TIM-u.<\/p>\n<p>\u2013 <em>Rozstajemy si\u0119 w przyja\u017ani, \u017cycz\u0105c sobie wzajemnie powodzenia w dalszej dzia\u0142alno\u015bci. Nie wykluczamy tak\u017ce wsp\u00f3\u0142pracy w przysz\u0142o\u015bci. Dzi\u0119kujemy naszym partnerom biznesowym i klientom za \u017cyczliwo\u015b\u0107 i zaufanie. Wierzymy, \u017ce ostatnie trzy lata naszej kooperacji przyczyni\u0142y si\u0119 do szybszego rozwoju i wi\u0119kszej profesjonalizacji polskiego rynku dystrybucji artyku\u0142\u00f3w elektrotechnicznych<\/em> \u2013 podsumowuj\u0105 Krzysztof Folta, Pawe\u0142 Jarmu\u017cek i Cezary Kaczmarek.<\/p>\n<p>Grupa TAK zako\u0144czy swoj\u0105 dzia\u0142alno\u015b\u0107 31 grudnia 2018 roku.<\/p>\n","protected":false},"excerpt":{"rendered":"<p>Grupa TAK \u2013 wsp\u00f3lne przedsi\u0119wzi\u0119cie trzech dystrybutor\u00f3w artyku\u0142\u00f3w elektrotechnicznych: A-T, Kaczmarek Electric oraz TIM przejdzie do historii. Dzia\u0142alno\u015b\u0107 zako\u0144czy z ko\u0144cem 2018 roku. Grupa TAK powsta\u0142a jesieni\u0105 2015 roku. Przedstawiciele firm j\u0105 tworz\u0105cych niezw\u0142ocznie rozpocz\u0119li w\u00f3wczas z dostawcami rozmowy handlowe dotycz\u0105ce zakup\u00f3w na rok 2016. Modele biznesowe i pomys\u0142y na rozw\u00f3j trzech partner\u00f3w r\u00f3\u017cni\u0142y si\u0119,&hellip;<\/p>\n","protected":false},"author":3,"featured_media":12341,"comment_status":"closed","ping_status":"closed","sticky":false,"template":"","format":"standard","meta":[],"categories":[318,619,323],"tags":[1378,357,347],"_links":{"self":[{"href":"https:\/\/elektrosystemy.pl\/index.php?rest_route=\/wp\/v2\/posts\/29572"}],"collection":[{"href":"https:\/\/elektrosystemy.pl\/index.php?rest_route=\/wp\/v2\/posts"}],"about":[{"href":"https:\/\/elektrosystemy.pl\/index.php?rest_route=\/wp\/v2\/types\/post"}],"author":[{"embeddable":true,"href":"https:\/\/elektrosystemy.pl\/index.php?rest_route=\/wp\/v2\/users\/3"}],"replies":[{"embeddable":true,"href":"https:\/\/elektrosystemy.pl\/index.php?rest_route=%2Fwp%2Fv2%2Fcomments&post=29572"}],"version-history":[{"count":1,"href":"https:\/\/elektrosystemy.pl\/index.php?rest_route=\/wp\/v2\/posts\/29572\/revisions"}],"predecessor-version":[{"id":29573,"href":"https:\/\/elektrosystemy.pl\/index.php?rest_route=\/wp\/v2\/posts\/29572\/revisions\/29573"}],"wp:featuredmedia":[{"embeddable":true,"href":"https:\/\/elektrosystemy.pl\/index.php?rest_route=\/wp\/v2\/media\/12341"}],"wp:attachment":[{"href":"https:\/\/elektrosystemy.pl\/index.php?rest_route=%2Fwp%2Fv2%2Fmedia&parent=29572"}],"wp:term":[{"taxonomy":"category","embeddable":true,"href":"https:\/\/elektrosystemy.pl\/index.php?rest_route=%2Fwp%2Fv2%2Fcategories&post=29572"},{"taxonomy":"post_tag","embeddable":true,"href":"https:\/\/elektrosystemy.pl\/index.php?rest_route=%2Fwp%2Fv2%2Ftags&post=29572"}],"curies":[{"name":"wp","href":"https:\/\/api.w.org\/{rel}","templated":true}]}}