{"id":30295,"date":"2019-03-19T11:21:53","date_gmt":"2019-03-19T10:21:53","guid":{"rendered":"http:\/\/elektrosystemy.pl\/?p=30295"},"modified":"2019-03-19T11:21:53","modified_gmt":"2019-03-19T10:21:53","slug":"alstom-z-pierwszym-zamowieniem-na-elektryczne-autobusy","status":"publish","type":"post","link":"https:\/\/elektrosystemy.pl\/?p=30295","title":{"rendered":"Alstom z pierwszym zam\u00f3wieniem na elektryczne autobusy"},"content":{"rendered":"<p>Alstom otrzyma\u0142 pierwsze zam\u00f3wienie na dostaw\u0119 w pe\u0142ni elektrycznych autobus\u00f3w Aptis. 12 elektrobus\u00f3w o d\u0142ugo\u015bci 12 metr\u00f3w kupi od francuskiego koncernu Compagnie des Transports Strasbourgeois \u2013 sp\u00f3\u0142ka transportu miejskiego w Strasburgu.<\/p>\n<p>Autobusy Aptis zosta\u0142y zaprojektowane przez zespo\u0142y Alstomu w zak\u0142adzie w Hangenbieten, w Alzacji. Ich wolne \u0142adowanie mo\u017ce odbywa\u0107 si\u0119 w nocy w zajezdni. Ponadto przystosowane s\u0105 do okazjonalnego \u0142adowania na stacji ko\u0144cowej: od do\u0142u \u2013 za pomoc\u0105 statycznego systemu \u0142adowania (SRS) \u2013 lub od g\u00f3ry \u2013 za pomoc\u0105 odwr\u00f3conego pantografu.<\/p>\n<p><a href=\"http:\/\/elektrosystemy.pl\/wp-content\/uploads\/uncategorized\/2019\/03\/19\/alstom-z-pierwszym-zamowieniem-na-elektryczne-autobusy\/alstom_03_2019_2_www.jpg\"><img loading=\"lazy\" class=\"alignnone size-full wp-image-30297\" src=\"http:\/\/elektrosystemy.pl\/wp-content\/uploads\/uncategorized\/2019\/03\/19\/alstom-z-pierwszym-zamowieniem-na-elektryczne-autobusy\/alstom_03_2019_2_www.jpg\" alt=\"\" width=\"800\" height=\"484\" srcset=\"https:\/\/elektrosystemy.pl\/wp-content\/uploads\/uncategorized\/2019\/03\/19\/alstom-z-pierwszym-zamowieniem-na-elektryczne-autobusy\/alstom_03_2019_2_www.jpg 800w, https:\/\/elektrosystemy.pl\/wp-content\/uploads\/uncategorized\/2019\/03\/19\/alstom-z-pierwszym-zamowieniem-na-elektryczne-autobusy\/alstom_03_2019_2_www-600x363.jpg 600w, https:\/\/elektrosystemy.pl\/wp-content\/uploads\/uncategorized\/2019\/03\/19\/alstom-z-pierwszym-zamowieniem-na-elektryczne-autobusy\/alstom_03_2019_2_www-300x182.jpg 300w, https:\/\/elektrosystemy.pl\/wp-content\/uploads\/uncategorized\/2019\/03\/19\/alstom-z-pierwszym-zamowieniem-na-elektryczne-autobusy\/alstom_03_2019_2_www-768x465.jpg 768w\" sizes=\"(max-width: 800px) 100vw, 800px\" \/><\/a><\/p>\n<p>Od prezentacji prototypu autobusu Aptis w marcu 2017 roku cztery pojazdy testowe pokona\u0142y ponad 40 tys. kilometr\u00f3w w realnych warunkach eksploatacyjnych we Francji i w innych krajach Europy. Testy te pozwoli\u0142y na sprawdzenie w\u0142a\u015bciwo\u015bci wzorowanych na tramwaju autobus\u00f3w Aptis, przetestowanie ich zdolno\u015bci w\u0142\u0105czania si\u0119 do ruchu, autonomiczno\u015bci oraz systemu wspomagania.<\/p>\n<p>W styczniu 2019 roku pojazdom przyznano oficjalny certyfikat \u201eOrigine France Garantie\u201d. Gwarantuje on, \u017ce ponad 60% warto\u015bci dodanej autobus\u00f3w Aptis pochodzi z Francji.<\/p>\n","protected":false},"excerpt":{"rendered":"<p>Alstom otrzyma\u0142 pierwsze zam\u00f3wienie na dostaw\u0119 w pe\u0142ni elektrycznych autobus\u00f3w Aptis. 12 elektrobus\u00f3w o d\u0142ugo\u015bci 12 metr\u00f3w kupi od francuskiego koncernu Compagnie des Transports Strasbourgeois \u2013 sp\u00f3\u0142ka transportu miejskiego w Strasburgu. Autobusy Aptis zosta\u0142y zaprojektowane przez zespo\u0142y Alstomu w zak\u0142adzie w Hangenbieten, w Alzacji. Ich wolne \u0142adowanie mo\u017ce odbywa\u0107 si\u0119 w nocy w zajezdni. Ponadto&hellip;<\/p>\n","protected":false},"author":3,"featured_media":30296,"comment_status":"closed","ping_status":"closed","sticky":false,"template":"","format":"standard","meta":[],"categories":[1332,335],"tags":[384],"_links":{"self":[{"href":"https:\/\/elektrosystemy.pl\/index.php?rest_route=\/wp\/v2\/posts\/30295"}],"collection":[{"href":"https:\/\/elektrosystemy.pl\/index.php?rest_route=\/wp\/v2\/posts"}],"about":[{"href":"https:\/\/elektrosystemy.pl\/index.php?rest_route=\/wp\/v2\/types\/post"}],"author":[{"embeddable":true,"href":"https:\/\/elektrosystemy.pl\/index.php?rest_route=\/wp\/v2\/users\/3"}],"replies":[{"embeddable":true,"href":"https:\/\/elektrosystemy.pl\/index.php?rest_route=%2Fwp%2Fv2%2Fcomments&post=30295"}],"version-history":[{"count":1,"href":"https:\/\/elektrosystemy.pl\/index.php?rest_route=\/wp\/v2\/posts\/30295\/revisions"}],"predecessor-version":[{"id":30298,"href":"https:\/\/elektrosystemy.pl\/index.php?rest_route=\/wp\/v2\/posts\/30295\/revisions\/30298"}],"wp:featuredmedia":[{"embeddable":true,"href":"https:\/\/elektrosystemy.pl\/index.php?rest_route=\/wp\/v2\/media\/30296"}],"wp:attachment":[{"href":"https:\/\/elektrosystemy.pl\/index.php?rest_route=%2Fwp%2Fv2%2Fmedia&parent=30295"}],"wp:term":[{"taxonomy":"category","embeddable":true,"href":"https:\/\/elektrosystemy.pl\/index.php?rest_route=%2Fwp%2Fv2%2Fcategories&post=30295"},{"taxonomy":"post_tag","embeddable":true,"href":"https:\/\/elektrosystemy.pl\/index.php?rest_route=%2Fwp%2Fv2%2Ftags&post=30295"}],"curies":[{"name":"wp","href":"https:\/\/api.w.org\/{rel}","templated":true}]}}