{"id":30435,"date":"2019-04-11T08:35:08","date_gmt":"2019-04-11T06:35:08","guid":{"rendered":"http:\/\/elektrosystemy.pl\/?p=30435"},"modified":"2019-04-11T10:37:50","modified_gmt":"2019-04-11T08:37:50","slug":"jubileuszowe-gp-kaczmarek-electric-mtb-rozpoczete","status":"publish","type":"post","link":"https:\/\/elektrosystemy.pl\/?p=30435","title":{"rendered":"Jubileuszowe GP Kaczmarek Electric MTB rozpocz\u0119te"},"content":{"rendered":"<p><strong>6 kwietnia w wielkopolskiej Rydzynie odby\u0142 si\u0119 pierwszy etap jubileuszowej, 10 edycji Grand Prix Kaczmarek Electric MTB. W inauguracji cyklu udzia\u0142 wzi\u0119\u0142o 725 zawodnik\u00f3w oraz 150 dzieci, kt\u00f3re startowa\u0142y w dedykowanych im wy\u015bcigach. <\/strong><\/p>\n<p>Rowerzy\u015bci rywalizowali na trzech dystansach: mini (21 km), mega (41 km) i giga (65 km). W zmaganiach w ramach kategorii bran\u017ca elektrotechniczna, kt\u00f3rej patronuje Magazyn Elektrosystemy, uczestniczy\u0142o 53 zawodnik\u00f3w, z czego 13 pokona\u0142o dystans mini, 32 mega i 8 giga. Najkr\u00f3tszy dystans najszybciej pokona\u0142 Miros\u0142aw Urbaniak, \u015bredni Robert Fabisiak, a najd\u0142u\u017cszy \u2013 Jan Zozuli\u0144ski.<\/p>\n<p><a href=\"http:\/\/elektrosystemy.pl\/wp-content\/uploads\/uncategorized\/2019\/04\/11\/jubileuszowe-gp-kaczmarek-electric-mtb-rozpoczete\/Kaczmarek_MTB_04_2019_2.jpg\"><img loading=\"lazy\" class=\"alignnone size-full wp-image-30436\" src=\"http:\/\/elektrosystemy.pl\/wp-content\/uploads\/uncategorized\/2019\/04\/11\/jubileuszowe-gp-kaczmarek-electric-mtb-rozpoczete\/Kaczmarek_MTB_04_2019_2.jpg\" alt=\"\" width=\"900\" height=\"600\" srcset=\"https:\/\/elektrosystemy.pl\/wp-content\/uploads\/uncategorized\/2019\/04\/11\/jubileuszowe-gp-kaczmarek-electric-mtb-rozpoczete\/Kaczmarek_MTB_04_2019_2.jpg 900w, https:\/\/elektrosystemy.pl\/wp-content\/uploads\/uncategorized\/2019\/04\/11\/jubileuszowe-gp-kaczmarek-electric-mtb-rozpoczete\/Kaczmarek_MTB_04_2019_2-600x400.jpg 600w, https:\/\/elektrosystemy.pl\/wp-content\/uploads\/uncategorized\/2019\/04\/11\/jubileuszowe-gp-kaczmarek-electric-mtb-rozpoczete\/Kaczmarek_MTB_04_2019_2-300x200.jpg 300w, https:\/\/elektrosystemy.pl\/wp-content\/uploads\/uncategorized\/2019\/04\/11\/jubileuszowe-gp-kaczmarek-electric-mtb-rozpoczete\/Kaczmarek_MTB_04_2019_2-768x512.jpg 768w\" sizes=\"(max-width: 900px) 100vw, 900px\" \/><\/a><\/p>\n<p><a href=\"http:\/\/elektrosystemy.pl\/wp-content\/uploads\/uncategorized\/2019\/04\/11\/jubileuszowe-gp-kaczmarek-electric-mtb-rozpoczete\/Kaczmarek_MTB_04_2019_4.jpg\"><img loading=\"lazy\" class=\"alignnone size-full wp-image-30437\" src=\"http:\/\/elektrosystemy.pl\/wp-content\/uploads\/uncategorized\/2019\/04\/11\/jubileuszowe-gp-kaczmarek-electric-mtb-rozpoczete\/Kaczmarek_MTB_04_2019_4.jpg\" alt=\"\" width=\"900\" height=\"600\" srcset=\"https:\/\/elektrosystemy.pl\/wp-content\/uploads\/uncategorized\/2019\/04\/11\/jubileuszowe-gp-kaczmarek-electric-mtb-rozpoczete\/Kaczmarek_MTB_04_2019_4.jpg 900w, https:\/\/elektrosystemy.pl\/wp-content\/uploads\/uncategorized\/2019\/04\/11\/jubileuszowe-gp-kaczmarek-electric-mtb-rozpoczete\/Kaczmarek_MTB_04_2019_4-600x400.jpg 600w, https:\/\/elektrosystemy.pl\/wp-content\/uploads\/uncategorized\/2019\/04\/11\/jubileuszowe-gp-kaczmarek-electric-mtb-rozpoczete\/Kaczmarek_MTB_04_2019_4-300x200.jpg 300w, https:\/\/elektrosystemy.pl\/wp-content\/uploads\/uncategorized\/2019\/04\/11\/jubileuszowe-gp-kaczmarek-electric-mtb-rozpoczete\/Kaczmarek_MTB_04_2019_4-768x512.jpg 768w\" sizes=\"(max-width: 900px) 100vw, 900px\" \/><\/a><\/p>\n<p>Tradycj\u0105 cyklu GP KE MTB jest ju\u017c akcja \u201eKa\u017cdy Zawodnik Pomaga\u201d \u2013 na ka\u017cdym etapie 5 z\u0142 z wpisowego od ka\u017cdego zawodnika przekazywane jest na osob\u0119, kt\u00f3ra mia\u0142a mniej szcz\u0119\u015bcia w \u017cyciu. W Rydzynie kolarze kr\u0119cili dla 5-letniej Nelli. Dziewczynka ma stwierdzon\u0105 encefalopati\u0119, m\u00f3zgowe pora\u017cenie dzieci\u0119ce oraz ma\u0142og\u0142owie. Jest pod sta\u0142\u0105 opiek\u0105 specjalist\u00f3w. Wymaga regularnych i kosztownych zabieg\u00f3w rehabilitacyjnych, terapeutycznych i korektywnych. Dzi\u0119ki wsparciu kolarzy uda\u0142o si\u0119 przekaza\u0107 na rzecz Nelli blisko 3,3 tys. z\u0142.<\/p>\n<p><a href=\"http:\/\/elektrosystemy.pl\/wp-content\/uploads\/uncategorized\/2019\/04\/11\/jubileuszowe-gp-kaczmarek-electric-mtb-rozpoczete\/Kaczmarek_MTB_04_2019_3.jpg\"><img loading=\"lazy\" class=\"alignnone size-full wp-image-30438\" src=\"http:\/\/elektrosystemy.pl\/wp-content\/uploads\/uncategorized\/2019\/04\/11\/jubileuszowe-gp-kaczmarek-electric-mtb-rozpoczete\/Kaczmarek_MTB_04_2019_3.jpg\" alt=\"\" width=\"900\" height=\"598\" srcset=\"https:\/\/elektrosystemy.pl\/wp-content\/uploads\/uncategorized\/2019\/04\/11\/jubileuszowe-gp-kaczmarek-electric-mtb-rozpoczete\/Kaczmarek_MTB_04_2019_3.jpg 900w, https:\/\/elektrosystemy.pl\/wp-content\/uploads\/uncategorized\/2019\/04\/11\/jubileuszowe-gp-kaczmarek-electric-mtb-rozpoczete\/Kaczmarek_MTB_04_2019_3-600x399.jpg 600w, https:\/\/elektrosystemy.pl\/wp-content\/uploads\/uncategorized\/2019\/04\/11\/jubileuszowe-gp-kaczmarek-electric-mtb-rozpoczete\/Kaczmarek_MTB_04_2019_3-300x199.jpg 300w, https:\/\/elektrosystemy.pl\/wp-content\/uploads\/uncategorized\/2019\/04\/11\/jubileuszowe-gp-kaczmarek-electric-mtb-rozpoczete\/Kaczmarek_MTB_04_2019_3-768x510.jpg 768w\" sizes=\"(max-width: 900px) 100vw, 900px\" \/><\/a><\/p>\n<p><a href=\"http:\/\/elektrosystemy.pl\/wp-content\/uploads\/uncategorized\/2019\/04\/11\/jubileuszowe-gp-kaczmarek-electric-mtb-rozpoczete\/Kaczmarek_MTB_04_2019_5.jpg\"><img loading=\"lazy\" class=\"alignnone size-full wp-image-30439\" src=\"http:\/\/elektrosystemy.pl\/wp-content\/uploads\/uncategorized\/2019\/04\/11\/jubileuszowe-gp-kaczmarek-electric-mtb-rozpoczete\/Kaczmarek_MTB_04_2019_5.jpg\" alt=\"\" width=\"900\" height=\"598\" srcset=\"https:\/\/elektrosystemy.pl\/wp-content\/uploads\/uncategorized\/2019\/04\/11\/jubileuszowe-gp-kaczmarek-electric-mtb-rozpoczete\/Kaczmarek_MTB_04_2019_5.jpg 900w, https:\/\/elektrosystemy.pl\/wp-content\/uploads\/uncategorized\/2019\/04\/11\/jubileuszowe-gp-kaczmarek-electric-mtb-rozpoczete\/Kaczmarek_MTB_04_2019_5-600x399.jpg 600w, https:\/\/elektrosystemy.pl\/wp-content\/uploads\/uncategorized\/2019\/04\/11\/jubileuszowe-gp-kaczmarek-electric-mtb-rozpoczete\/Kaczmarek_MTB_04_2019_5-300x199.jpg 300w, https:\/\/elektrosystemy.pl\/wp-content\/uploads\/uncategorized\/2019\/04\/11\/jubileuszowe-gp-kaczmarek-electric-mtb-rozpoczete\/Kaczmarek_MTB_04_2019_5-768x510.jpg 768w\" sizes=\"(max-width: 900px) 100vw, 900px\" \/><\/a><\/p>\n<p>Drugi etap tegorocznego Grand Prix Kaczmarek Electric MTB odb\u0119dzie si\u0119 ju\u017c 28 kwietnia w Zielonej G\u00f3rze, a dok\u0142adnie na terenie Muzeum Etnograficznego w Ochli. Kolejne etapy zaplanowano na 12 maja (Sulech\u00f3w), 26 maja (Krosno Odrza\u0144skie), 9 czerwca (Lubomierz), 30 czerwca (Jakub\u00f3w), 1 wrze\u015bnia (Boles\u0142awiec), 15 wrze\u015bnia (Nowa S\u00f3l), 29 wrze\u015bnia (\u017bary) i fina\u0142owy wy\u015bcig w Wolsztynie, kt\u00f3ry b\u0119dzie mia\u0142 miejsce 5 pa\u017adziernika.<a href=\"http:\/\/elektrosystemy.pl\/wp-content\/uploads\/uncategorized\/2019\/04\/11\/jubileuszowe-gp-kaczmarek-electric-mtb-rozpoczete\/Kaczmarek_MTB_04_2019_1.jpg\"><img loading=\"lazy\" class=\"alignnone size-full wp-image-30440\" src=\"http:\/\/elektrosystemy.pl\/wp-content\/uploads\/uncategorized\/2019\/04\/11\/jubileuszowe-gp-kaczmarek-electric-mtb-rozpoczete\/Kaczmarek_MTB_04_2019_1.jpg\" alt=\"\" width=\"0\" height=\"0\" srcset=\"https:\/\/elektrosystemy.pl\/wp-content\/uploads\/uncategorized\/2019\/04\/11\/jubileuszowe-gp-kaczmarek-electric-mtb-rozpoczete\/Kaczmarek_MTB_04_2019_1.jpg 900w, https:\/\/elektrosystemy.pl\/wp-content\/uploads\/uncategorized\/2019\/04\/11\/jubileuszowe-gp-kaczmarek-electric-mtb-rozpoczete\/Kaczmarek_MTB_04_2019_1-600x400.jpg 600w, https:\/\/elektrosystemy.pl\/wp-content\/uploads\/uncategorized\/2019\/04\/11\/jubileuszowe-gp-kaczmarek-electric-mtb-rozpoczete\/Kaczmarek_MTB_04_2019_1-300x200.jpg 300w, https:\/\/elektrosystemy.pl\/wp-content\/uploads\/uncategorized\/2019\/04\/11\/jubileuszowe-gp-kaczmarek-electric-mtb-rozpoczete\/Kaczmarek_MTB_04_2019_1-768x512.jpg 768w\" sizes=\"(max-width: 900px) 100vw, 900px\" \/><\/a><\/p>\n","protected":false},"excerpt":{"rendered":"<p>6 kwietnia w wielkopolskiej Rydzynie odby\u0142 si\u0119 pierwszy etap jubileuszowej, 10 edycji Grand Prix Kaczmarek Electric MTB. W inauguracji cyklu udzia\u0142 wzi\u0119\u0142o 725 zawodnik\u00f3w oraz 150 dzieci, kt\u00f3re startowa\u0142y w dedykowanych im wy\u015bcigach. Rowerzy\u015bci rywalizowali na trzech dystansach: mini (21 km), mega (41 km) i giga (65 km). W zmaganiach w ramach kategorii bran\u017ca elektrotechniczna,&hellip;<\/p>\n","protected":false},"author":3,"featured_media":30440,"comment_status":"closed","ping_status":"closed","sticky":false,"template":"","format":"standard","meta":[],"categories":[318,619],"tags":[1517,357],"_links":{"self":[{"href":"https:\/\/elektrosystemy.pl\/index.php?rest_route=\/wp\/v2\/posts\/30435"}],"collection":[{"href":"https:\/\/elektrosystemy.pl\/index.php?rest_route=\/wp\/v2\/posts"}],"about":[{"href":"https:\/\/elektrosystemy.pl\/index.php?rest_route=\/wp\/v2\/types\/post"}],"author":[{"embeddable":true,"href":"https:\/\/elektrosystemy.pl\/index.php?rest_route=\/wp\/v2\/users\/3"}],"replies":[{"embeddable":true,"href":"https:\/\/elektrosystemy.pl\/index.php?rest_route=%2Fwp%2Fv2%2Fcomments&post=30435"}],"version-history":[{"count":1,"href":"https:\/\/elektrosystemy.pl\/index.php?rest_route=\/wp\/v2\/posts\/30435\/revisions"}],"predecessor-version":[{"id":30441,"href":"https:\/\/elektrosystemy.pl\/index.php?rest_route=\/wp\/v2\/posts\/30435\/revisions\/30441"}],"wp:featuredmedia":[{"embeddable":true,"href":"https:\/\/elektrosystemy.pl\/index.php?rest_route=\/wp\/v2\/media\/30440"}],"wp:attachment":[{"href":"https:\/\/elektrosystemy.pl\/index.php?rest_route=%2Fwp%2Fv2%2Fmedia&parent=30435"}],"wp:term":[{"taxonomy":"category","embeddable":true,"href":"https:\/\/elektrosystemy.pl\/index.php?rest_route=%2Fwp%2Fv2%2Fcategories&post=30435"},{"taxonomy":"post_tag","embeddable":true,"href":"https:\/\/elektrosystemy.pl\/index.php?rest_route=%2Fwp%2Fv2%2Ftags&post=30435"}],"curies":[{"name":"wp","href":"https:\/\/api.w.org\/{rel}","templated":true}]}}