{"id":30586,"date":"2019-04-26T10:47:12","date_gmt":"2019-04-26T08:47:12","guid":{"rendered":"http:\/\/elektrosystemy.pl\/?p=30586"},"modified":"2019-04-26T10:47:12","modified_gmt":"2019-04-26T08:47:12","slug":"pbe-elbud-gdansk-rozpoczyna-budowe-farmy-wiatrowej","status":"publish","type":"post","link":"https:\/\/elektrosystemy.pl\/?p=30586","title":{"rendered":"PBE Elbud Gda\u0144sk rozpoczyna budow\u0119 farmy wiatrowej"},"content":{"rendered":"<p><strong>Rozpocz\u0119\u0142y si\u0119 prace na budowie Farmy Wiatrowej Przykona o mocy 30 MW. Sp\u00f3\u0142ka Energa Invest, odpowiedzialna za kompleksowe przygotowanie oraz realizacj\u0119 inwestycji, wyda\u0142a polecenie rozpocz\u0119cia prac i przekazanie placu budowy generalnemu wykonawcy firmie PBE Elbud Gda\u0144sk oraz dostawcy turbin Vestas Poland. <\/strong><\/p>\n<p>Po zako\u0144czeniu budowy \u2013 zaplanowane jest na drugi kwarta\u0142 2020 roku \u2013 i oddaniu do u\u017cytkowania, FW Przykona wejdzie w sk\u0142ad aktyw\u00f3w wytw\u00f3rczych sp\u00f3\u0142ki Energa Wytwarzanie, kt\u00f3ra ju\u017c teraz dysponuje pi\u0119cioma instalacjami tego typu o \u0142\u0105cznej mocy zainstalowanej 211 MW.<\/p>\n<p>Elektrownia b\u0119dzie zlokalizowana w Gminie Przykona (pow. turecki), na terenach poeksploatacyjnych i zrekultywowanych po kopalni w\u0119gla brunatnego Adam\u00f3w. Farma o mocy 30 MW, wed\u0142ug przewidywa\u0144, rocznie produkowa\u0107 b\u0119dzie oko\u0142o 75 GWh energii elektrycznej. Na 250 hektarach rekultywowanych teren\u00f3w posadowionych zostanie dziewi\u0119\u0107 turbin wiatrowych wraz z niezb\u0119dn\u0105 infrastruktur\u0105 towarzysz\u0105c\u0105 (m.in. linie kablowe SN, linie \u015bwiat\u0142owodowe, drogi dojazdowe, place manewrowe oraz stacja GPO).<\/p>\n<p><em>\u2013 Nasza firma ma do\u015bwiadczenie w budownictwie elektroenergetycznym<\/em>, <em>m.in. zbudowa\u0142a 23 fundamenty pod turbiny w FW Kar\u015bcino, eksploatowanej przez Energ\u0119 Wytwarzanie. Teraz pe\u0142n\u0105 par\u0105 ruszy\u0142y prace na terenie przeznaczonym na farm\u0119 w Przykonie. S\u0105 to roboty drogowe, w maju rozpocznie si\u0119 palowanie pod fundamenty, a od czerwca rusz\u0105 prace fundamentowe pod turbiny wiatrowe. Kolejny etap to budowa linii kablowych, stacji abonenckiej i rozbudowa GPZ \u017buki. Jeszcze w tym roku ma nast\u0105pi\u0107 monta\u017c si\u0142owni wiatrowych. Mamy do\u015bwiadczenie w tych pracach, wi\u0119c jestem przekonany, \u017ce zgodnie z harmonogramem, w drugim kwartale 2020 roku z Przykony pop\u0142ynie pr\u0105d do sieci \u2013 <\/em>oznajmia Andrzej Mastalerz, prezes PBE Elbud Gda\u0144sk.<\/p>\n<p>Turbiny wchodz\u0105ce w sk\u0142ad farmy zostan\u0105 posadowione na wie\u017cach o wysoko\u015bci 117 m, co przy skrajnie wychylonym skrzydle o d\u0142ugo\u015bci 63 m daje \u0142\u0105czn\u0105 wysoko\u015b\u0107 turbiny 180 m nad poziomem terenu. Urz\u0105dzenia <em>o mocy 3,3 &#8211; 3,45 MW ka\u017cde<\/em> dostarczy firma Vestas Poland.<\/p>\n<p>Bior\u0105c pod uwag\u0119 potencja\u0142 terenu przeznaczonego pod t\u0119 inwestycj\u0119, Energa bierze pod uwag\u0119 mo\u017cliwo\u015b\u0107 budowy na tym obszarze w przysz\u0142o\u015bci elektrowni fotowoltaicznej wraz z magazynem energii.<\/p>\n","protected":false},"excerpt":{"rendered":"<p>Rozpocz\u0119\u0142y si\u0119 prace na budowie Farmy Wiatrowej Przykona o mocy 30 MW. Sp\u00f3\u0142ka Energa Invest, odpowiedzialna za kompleksowe przygotowanie oraz realizacj\u0119 inwestycji, wyda\u0142a polecenie rozpocz\u0119cia prac i przekazanie placu budowy generalnemu wykonawcy firmie PBE Elbud Gda\u0144sk oraz dostawcy turbin Vestas Poland. Po zako\u0144czeniu budowy \u2013 zaplanowane jest na drugi kwarta\u0142 2020 roku \u2013 i oddaniu&hellip;<\/p>\n","protected":false},"author":3,"featured_media":30587,"comment_status":"closed","ping_status":"closed","sticky":false,"template":"","format":"standard","meta":[],"categories":[850,323],"tags":[1206,375],"_links":{"self":[{"href":"https:\/\/elektrosystemy.pl\/index.php?rest_route=\/wp\/v2\/posts\/30586"}],"collection":[{"href":"https:\/\/elektrosystemy.pl\/index.php?rest_route=\/wp\/v2\/posts"}],"about":[{"href":"https:\/\/elektrosystemy.pl\/index.php?rest_route=\/wp\/v2\/types\/post"}],"author":[{"embeddable":true,"href":"https:\/\/elektrosystemy.pl\/index.php?rest_route=\/wp\/v2\/users\/3"}],"replies":[{"embeddable":true,"href":"https:\/\/elektrosystemy.pl\/index.php?rest_route=%2Fwp%2Fv2%2Fcomments&post=30586"}],"version-history":[{"count":1,"href":"https:\/\/elektrosystemy.pl\/index.php?rest_route=\/wp\/v2\/posts\/30586\/revisions"}],"predecessor-version":[{"id":30588,"href":"https:\/\/elektrosystemy.pl\/index.php?rest_route=\/wp\/v2\/posts\/30586\/revisions\/30588"}],"wp:featuredmedia":[{"embeddable":true,"href":"https:\/\/elektrosystemy.pl\/index.php?rest_route=\/wp\/v2\/media\/30587"}],"wp:attachment":[{"href":"https:\/\/elektrosystemy.pl\/index.php?rest_route=%2Fwp%2Fv2%2Fmedia&parent=30586"}],"wp:term":[{"taxonomy":"category","embeddable":true,"href":"https:\/\/elektrosystemy.pl\/index.php?rest_route=%2Fwp%2Fv2%2Fcategories&post=30586"},{"taxonomy":"post_tag","embeddable":true,"href":"https:\/\/elektrosystemy.pl\/index.php?rest_route=%2Fwp%2Fv2%2Ftags&post=30586"}],"curies":[{"name":"wp","href":"https:\/\/api.w.org\/{rel}","templated":true}]}}