{"id":30941,"date":"2019-06-26T11:53:34","date_gmt":"2019-06-26T09:53:34","guid":{"rendered":"http:\/\/elektrosystemy.pl\/?p=30941"},"modified":"2019-06-26T11:53:34","modified_gmt":"2019-06-26T09:53:34","slug":"rzad-przyjal-pakiet-prosumencki","status":"publish","type":"post","link":"https:\/\/elektrosystemy.pl\/?p=30941","title":{"rendered":"Rz\u0105d przyj\u0105\u0142 pakiet prosumencki"},"content":{"rendered":"<p><strong>25 czerwca rz\u0105d przyj\u0105\u0142 Pakiet prosumencki. Dzi\u0119ki temu ma\u0142e i \u015brednie firmy b\u0119d\u0105 mog\u0142y by\u0107 prosumentami. Status ten uzyskaj\u0105 tak\u017ce sp\u00f3\u0142dzielnie dzia\u0142aj\u0105ce na terenach wiejskich. <\/strong><\/p>\n<p><em>\u2013 Przedsi\u0119biorcy b\u0119d\u0105 mogli produkowa\u0107 energi\u0119 na w\u0142asne potrzeby, a nadwy\u017cki rozlicza\u0107 w korzystnym systemie opust\u00f3w \u2013 taki b\u0119dzie efekt tzw. pakietu prosumenckiego, zawartego w projekcie noweli ustawy o OZE. Projekt zyska\u0142 dzi\u015b akceptacj\u0119 rz\u0105du i teraz trafi do Sejmu. Do tej pory przedsi\u0119biorcy nie mogli by\u0107 prosumentami i tym samym korzysta\u0107 z rozwi\u0105za\u0144, kt\u00f3re coraz ch\u0119tniej i \u015bmielej stosuj\u0105 gospodarstwa domowe<\/em> \u2013 informuje Ministerstwo Przedsi\u0119biorczo\u015bci i Technologii.<\/p>\n<p>Tzw. pakiet prosumencki jest efektem prac Mi\u0119dzyresortowego Zespo\u0142u ds. U\u0142atwie\u0144 Inwestycji w Prosumenckie OZE, pod przewodnictwem szefowej MPiT Jadwigi Emilewicz. Stanowi on pierwsz\u0105 cz\u0119\u015b\u0107 zmian przygotowanych przez ten zesp\u00f3\u0142. W planach s\u0105 kolejne u\u0142atwienia, kt\u00f3re maj\u0105 na celu rozw\u00f3j energetyki obywatelskiej, rozpowszechnienie inwestycji w OZE i zwi\u0119kszenie udzia\u0142u prosumenckich OZE w bilansie energetycznym Polski.<\/p>\n<p><em>\u2013 Mali i \u015bredni przedsi\u0119biorcy b\u0119d\u0105 mogli by\u0107 prosumentami. To samo dotyczy sp\u00f3\u0142dzielni energetycznych, kt\u00f3re b\u0119d\u0105 mog\u0142y powstawa\u0107 na wsiach i w gminach miejsko-wiejskich. Licz\u0119 na to, \u017ce te regulacje stan\u0105 si\u0119 silnym impulsem do rozwoju energetyki odnawialnej w Polsce. Ju\u017c mamy pod tym wzgl\u0119dem konkretne osi\u0105gni\u0119cia. W ubieg\u0142ym roku w Polsce powsta\u0142o \u0142\u0105cznie oko\u0142o 28, 36 tys. mikroinstalacji PV, czyli ponad dwa razy wi\u0119cej ni\u017c w 2017 roku. Na koniec marca tego roku w sumie mieli\u015bmy ju\u017c ponad 65 tys. mikroinstalacji OZE. Wed\u0142ug og\u0142oszonego w ostatnich dniach raportu Instytutu Energetyki Odnawialnej ju\u017c w tym roku Polska mo\u017ce znale\u017a\u0107 si\u0119 ju\u017c na 4. miejscu w UE pod wzgl\u0119dem rocznych przyrost\u00f3w nowych mocy fotowoltaicznych \u2013<\/em> podkre\u015bla Jadwiga Emilewicz.<\/p>\n<p>Przyznanie przedsi\u0119biorcom statusu prosumenta, w po\u0142\u0105czeniu z innymi zmianami prawnymi i u\u0142atwieniami w inwestycje fotowoltaiczne, umo\u017cliwi im obni\u017cenie koszt\u00f3w energii. Przyczyni\u0105 si\u0119 do tego r\u00f3wnie\u017c instrumenty finansowe, wspieraj\u0105ce zakup mikroinstalacji.<\/p>\n","protected":false},"excerpt":{"rendered":"<p>25 czerwca rz\u0105d przyj\u0105\u0142 Pakiet prosumencki. Dzi\u0119ki temu ma\u0142e i \u015brednie firmy b\u0119d\u0105 mog\u0142y by\u0107 prosumentami. Status ten uzyskaj\u0105 tak\u017ce sp\u00f3\u0142dzielnie dzia\u0142aj\u0105ce na terenach wiejskich. \u2013 Przedsi\u0119biorcy b\u0119d\u0105 mogli produkowa\u0107 energi\u0119 na w\u0142asne potrzeby, a nadwy\u017cki rozlicza\u0107 w korzystnym systemie opust\u00f3w \u2013 taki b\u0119dzie efekt tzw. pakietu prosumenckiego, zawartego w projekcie noweli ustawy o OZE.&hellip;<\/p>\n","protected":false},"author":3,"featured_media":30942,"comment_status":"closed","ping_status":"closed","sticky":false,"template":"","format":"standard","meta":[],"categories":[850,846,827],"tags":[651],"_links":{"self":[{"href":"https:\/\/elektrosystemy.pl\/index.php?rest_route=\/wp\/v2\/posts\/30941"}],"collection":[{"href":"https:\/\/elektrosystemy.pl\/index.php?rest_route=\/wp\/v2\/posts"}],"about":[{"href":"https:\/\/elektrosystemy.pl\/index.php?rest_route=\/wp\/v2\/types\/post"}],"author":[{"embeddable":true,"href":"https:\/\/elektrosystemy.pl\/index.php?rest_route=\/wp\/v2\/users\/3"}],"replies":[{"embeddable":true,"href":"https:\/\/elektrosystemy.pl\/index.php?rest_route=%2Fwp%2Fv2%2Fcomments&post=30941"}],"version-history":[{"count":1,"href":"https:\/\/elektrosystemy.pl\/index.php?rest_route=\/wp\/v2\/posts\/30941\/revisions"}],"predecessor-version":[{"id":30943,"href":"https:\/\/elektrosystemy.pl\/index.php?rest_route=\/wp\/v2\/posts\/30941\/revisions\/30943"}],"wp:featuredmedia":[{"embeddable":true,"href":"https:\/\/elektrosystemy.pl\/index.php?rest_route=\/wp\/v2\/media\/30942"}],"wp:attachment":[{"href":"https:\/\/elektrosystemy.pl\/index.php?rest_route=%2Fwp%2Fv2%2Fmedia&parent=30941"}],"wp:term":[{"taxonomy":"category","embeddable":true,"href":"https:\/\/elektrosystemy.pl\/index.php?rest_route=%2Fwp%2Fv2%2Fcategories&post=30941"},{"taxonomy":"post_tag","embeddable":true,"href":"https:\/\/elektrosystemy.pl\/index.php?rest_route=%2Fwp%2Fv2%2Ftags&post=30941"}],"curies":[{"name":"wp","href":"https:\/\/api.w.org\/{rel}","templated":true}]}}