{"id":31176,"date":"2019-08-07T13:43:43","date_gmt":"2019-08-07T11:43:43","guid":{"rendered":"http:\/\/elektrosystemy.pl\/?p=31176"},"modified":"2022-02-07T20:57:19","modified_gmt":"2022-02-07T19:57:19","slug":"krzysztof-jamroz-kolejny-raz-w-zarzadzie-zpue","status":"publish","type":"post","link":"https:\/\/elektrosystemy.pl\/?p=31176","title":{"rendered":"Krzysztof Jamr\u00f3z kolejny raz w zarz\u0105dzie ZPUE"},"content":{"rendered":"<p><strong>Z dniem 1 sierpnia na cz\u0142onka zarz\u0105du ZPUE zosta\u0142 powo\u0142any Krzysztof Jamr\u00f3z. Zast\u0105pi\u0142 na tym stanowisku Wojciecha Kosi\u0144skiego, kt\u00f3ry pe\u0142ni\u0142 powy\u017csz\u0105 funkcj\u0119 do 31 lipca.<\/strong><\/p>\n<p>Krzysztof Jamr\u00f3z ma 49 lat, jest Absolwentem Politechniki Cz\u0119stochowskiej, Wydzia\u0142 Elektryczny, specjalno\u015b\u0107: elektroenergetyka.<br \/>\nW latach 1991 \u2013 2016 pracowa\u0142 w ZPUE, pocz\u0105tkowo jako \u015blusarz, p\u00f3\u017aniej obejmowa\u0142 stanowiska kierownicze, dyrektorskie, by\u0142 tak\u017ce cz\u0142onkiem zarz\u0105du oraz rady nadzorczej. W okresie od po\u0142owy 2010 do ko\u0144ca 2016 roku by\u0142 zwi\u0105zany tak\u017ce ze sp\u00f3\u0142kami zale\u017cnymi ZPUE i innymi podmiotami Grupy Koronea, gdzie pe\u0142ni\u0142 funkcje cz\u0142onka zarz\u0105d\u00f3w i rad nadzorczych.<br \/>\nW ostatnich latach (maj 2017 \u2013 marzec 2019) pracowa\u0142 na stanowisku dyrektora marketingu oraz dyrektora sprzeda\u017cy i marketingu w Oddziale Produkcji Elektrobudowy.<\/p>\n","protected":false},"excerpt":{"rendered":"<p>Z dniem 1 sierpnia na cz\u0142onka zarz\u0105du ZPUE zosta\u0142 powo\u0142any Krzysztof Jamr\u00f3z. Zast\u0105pi\u0142 na tym stanowisku Wojciecha Kosi\u0144skiego, kt\u00f3ry pe\u0142ni\u0142 powy\u017csz\u0105 funkcj\u0119 do 31 lipca. Krzysztof Jamr\u00f3z ma 49 lat, jest Absolwentem Politechniki Cz\u0119stochowskiej, Wydzia\u0142 Elektryczny, specjalno\u015b\u0107: elektroenergetyka. W latach 1991 \u2013 2016 pracowa\u0142 w ZPUE, pocz\u0105tkowo jako \u015blusarz, p\u00f3\u017aniej obejmowa\u0142 stanowiska kierownicze, dyrektorskie, by\u0142&hellip;<\/p>\n","protected":false},"author":3,"featured_media":22054,"comment_status":"closed","ping_status":"closed","sticky":false,"template":"","format":"standard","meta":[],"categories":[323],"tags":[395],"_links":{"self":[{"href":"https:\/\/elektrosystemy.pl\/index.php?rest_route=\/wp\/v2\/posts\/31176"}],"collection":[{"href":"https:\/\/elektrosystemy.pl\/index.php?rest_route=\/wp\/v2\/posts"}],"about":[{"href":"https:\/\/elektrosystemy.pl\/index.php?rest_route=\/wp\/v2\/types\/post"}],"author":[{"embeddable":true,"href":"https:\/\/elektrosystemy.pl\/index.php?rest_route=\/wp\/v2\/users\/3"}],"replies":[{"embeddable":true,"href":"https:\/\/elektrosystemy.pl\/index.php?rest_route=%2Fwp%2Fv2%2Fcomments&post=31176"}],"version-history":[{"count":1,"href":"https:\/\/elektrosystemy.pl\/index.php?rest_route=\/wp\/v2\/posts\/31176\/revisions"}],"predecessor-version":[{"id":31177,"href":"https:\/\/elektrosystemy.pl\/index.php?rest_route=\/wp\/v2\/posts\/31176\/revisions\/31177"}],"wp:featuredmedia":[{"embeddable":true,"href":"https:\/\/elektrosystemy.pl\/index.php?rest_route=\/wp\/v2\/media\/22054"}],"wp:attachment":[{"href":"https:\/\/elektrosystemy.pl\/index.php?rest_route=%2Fwp%2Fv2%2Fmedia&parent=31176"}],"wp:term":[{"taxonomy":"category","embeddable":true,"href":"https:\/\/elektrosystemy.pl\/index.php?rest_route=%2Fwp%2Fv2%2Fcategories&post=31176"},{"taxonomy":"post_tag","embeddable":true,"href":"https:\/\/elektrosystemy.pl\/index.php?rest_route=%2Fwp%2Fv2%2Ftags&post=31176"}],"curies":[{"name":"wp","href":"https:\/\/api.w.org\/{rel}","templated":true}]}}