{"id":31310,"date":"2019-09-09T05:44:41","date_gmt":"2019-09-09T03:44:41","guid":{"rendered":"http:\/\/elektrosystemy.pl\/?p=31310"},"modified":"2019-09-08T13:47:31","modified_gmt":"2019-09-08T11:47:31","slug":"atrem-ogranicza-koszty-stale","status":"publish","type":"post","link":"https:\/\/elektrosystemy.pl\/?p=31310","title":{"rendered":"Atrem ogranicza koszty sta\u0142e"},"content":{"rendered":"<p><strong>W pierwszym p\u00f3\u0142roczu Grupa Atrem zanotowa\u0142a wzrost obrot\u00f3w, ale powi\u0119kszy\u0142a te\u017c strat\u0119 netto. Obecnie Atrem pracuje nad ograniczeniem koszt\u00f3w sta\u0142ych, w czym pomaga jej przynale\u017cno\u015b\u0107 do Grupy Immobile.<\/strong><\/p>\n<p>Nieco ponad 61 mln z\u0142 wynios\u0142y przychody Grupy Atrem po sze\u015bciu miesi\u0105cach tego roku, co wobec 57,3 mln z\u0142 przed rokiem oznacza wzrost o 6,4%. Pomimo wy\u017cszych obrot\u00f3w grupa zanotowa\u0142a wi\u0119ksz\u0105 strat\u0119 netto. W okresie stycze\u0144-czerwiec 2019 wynios\u0142a ona 4,25 mln z\u0142 wobec 2,41 mln z\u0142 rok wcze\u015bniej.<\/p>\n<p><em>\u2013 W zwi\u0105zku z powszechnie znan\u0105 sytuacj\u0105 na rynku us\u0142ug i dostaw w budownictwie (\u2026) strata netto wynika g\u0142\u00f3wnie ze wzrostu koszt\u00f3w us\u0142ug i materia\u0142\u00f3w dotycz\u0105cych cz\u0119\u015bci z realizowanych kontrakt\u00f3w. Ponadto istotny wp\u0142yw na wyniki ma\u0142a r\u00f3wnie\u017c strata zwi\u0105zana z utworzeniem odpisu na nale\u017cno\u015bci z tytu\u0142u utraty warto\u015bci w kwocie 936 tys. z\u0142<\/em> \u2013 t\u0142umaczy Atrem w komunikacie.<\/p>\n<p>Obecnie Grupa Atrem realizuje g\u0142\u0119boki proces zwi\u0105zany z restrukturyzacj\u0105 koszt\u00f3w og\u00f3lnego zarz\u0105du, zwi\u0105zany z wej\u015bciem w struktury Grupy Immobile. Polega on na wykorzystaniu potencja\u0142u nowego w\u0142a\u015bciciela w zakresie pe\u0142nienia funkcji tzw. Centrum Us\u0142ug Wsp\u00f3lnych w obszarze HR, ksi\u0119gowo\u015bci, marketingu i innych koszt\u00f3w w obszarze administracji. Ju\u017c w pierwszym p\u00f3\u0142roczu 2019 koszty og\u00f3lnego zarz\u0105du spad\u0142y rok do roku o 300 tys. z\u0142, a koszty sprzeda\u017cy o ponad 150 tys. z\u0142. Kolejnym dzia\u0142aniem maj\u0105cym spowodowa\u0107 obni\u017cenie koszt\u00f3w administracyjnych jest planowane wkr\u00f3tce po\u0142\u0105czenie jednostki dominuj\u0105cej Atrem ze sp\u00f3\u0142k\u0105 zale\u017cn\u0105 Contrast.<\/p>\n","protected":false},"excerpt":{"rendered":"<p>W pierwszym p\u00f3\u0142roczu Grupa Atrem zanotowa\u0142a wzrost obrot\u00f3w, ale powi\u0119kszy\u0142a te\u017c strat\u0119 netto. Obecnie Atrem pracuje nad ograniczeniem koszt\u00f3w sta\u0142ych, w czym pomaga jej przynale\u017cno\u015b\u0107 do Grupy Immobile. Nieco ponad 61 mln z\u0142 wynios\u0142y przychody Grupy Atrem po sze\u015bciu miesi\u0105cach tego roku, co wobec 57,3 mln z\u0142 przed rokiem oznacza wzrost o 6,4%. Pomimo wy\u017cszych&hellip;<\/p>\n","protected":false},"author":3,"featured_media":31040,"comment_status":"closed","ping_status":"closed","sticky":false,"template":"","format":"standard","meta":[],"categories":[318,323],"tags":[553],"_links":{"self":[{"href":"https:\/\/elektrosystemy.pl\/index.php?rest_route=\/wp\/v2\/posts\/31310"}],"collection":[{"href":"https:\/\/elektrosystemy.pl\/index.php?rest_route=\/wp\/v2\/posts"}],"about":[{"href":"https:\/\/elektrosystemy.pl\/index.php?rest_route=\/wp\/v2\/types\/post"}],"author":[{"embeddable":true,"href":"https:\/\/elektrosystemy.pl\/index.php?rest_route=\/wp\/v2\/users\/3"}],"replies":[{"embeddable":true,"href":"https:\/\/elektrosystemy.pl\/index.php?rest_route=%2Fwp%2Fv2%2Fcomments&post=31310"}],"version-history":[{"count":1,"href":"https:\/\/elektrosystemy.pl\/index.php?rest_route=\/wp\/v2\/posts\/31310\/revisions"}],"predecessor-version":[{"id":31311,"href":"https:\/\/elektrosystemy.pl\/index.php?rest_route=\/wp\/v2\/posts\/31310\/revisions\/31311"}],"wp:featuredmedia":[{"embeddable":true,"href":"https:\/\/elektrosystemy.pl\/index.php?rest_route=\/wp\/v2\/media\/31040"}],"wp:attachment":[{"href":"https:\/\/elektrosystemy.pl\/index.php?rest_route=%2Fwp%2Fv2%2Fmedia&parent=31310"}],"wp:term":[{"taxonomy":"category","embeddable":true,"href":"https:\/\/elektrosystemy.pl\/index.php?rest_route=%2Fwp%2Fv2%2Fcategories&post=31310"},{"taxonomy":"post_tag","embeddable":true,"href":"https:\/\/elektrosystemy.pl\/index.php?rest_route=%2Fwp%2Fv2%2Ftags&post=31310"}],"curies":[{"name":"wp","href":"https:\/\/api.w.org\/{rel}","templated":true}]}}