{"id":31390,"date":"2019-09-13T15:24:54","date_gmt":"2019-09-13T13:24:54","guid":{"rendered":"http:\/\/elektrosystemy.pl\/?p=31390"},"modified":"2019-09-13T15:24:54","modified_gmt":"2019-09-13T13:24:54","slug":"elektrotim-poglebia-straty-ale-liczy-na-poprawe","status":"publish","type":"post","link":"https:\/\/elektrosystemy.pl\/?p=31390","title":{"rendered":"Elektrotim pog\u0142\u0119bia straty, ale liczy na popraw\u0119"},"content":{"rendered":"<p><strong>Grupa Elektrotim pierwsze p\u00f3\u0142rocze zako\u0144czy\u0142a wzrostem sprzeda\u017cy, ale te\u017c dwukrotnie wy\u017csz\u0105 strat\u0105 ni\u017c przed rokiem. W\u0142adze wroc\u0142awskiej sp\u00f3\u0142ki licz\u0105 na popraw\u0119 wynik\u00f3w, m.in. ze wzgl\u0119du na rosn\u0105cy portfel zam\u00f3wie\u0144 i jego jako\u015b\u0107.<\/strong><\/p>\n<p>Grupa Elektrotim mia\u0142a po pierwszym p\u00f3\u0142roczu 122,5 mln z\u0142 przychod\u00f3w wobec blisko 113 mln z\u0142 w analogicznym okresie roku ubieg\u0142ego. Wzrost obrot\u00f3w nie prze\u0142o\u017cy\u0142 si\u0119 jednak na popraw\u0119 wyniku netto \u2013 wr\u0119cz przeciwnie. Po sze\u015bciu miesi\u0105cach skonsolidowana strata netto wynios\u0142a 13,4 mln z\u0142 i by\u0142a dwa razy wi\u0119ksza ni\u017c rok wcze\u015bniej. W\u00f3wczas grupa by\u0142a 6,5 mln z\u0142 pod kresk\u0105.<br \/>\nNa poziomie jednostkowym wroc\u0142awska firma wypracowa\u0142a ponad 83 mln z\u0142 przychod\u00f3w wobec 78,2 mln z\u0142. Strata netto wynios\u0142a 11,8 mln z\u0142, podczas gdy po pierwszym p\u00f3\u0142roczu 2018 sp\u00f3\u0142ka by\u0142a 3,6 mln z\u0142 na minusie.<\/p>\n<p>W\u0142adze Elektrotimu licz\u0105, \u017ce w najbli\u017cszym czasie w grupie nast\u0105pi poprawa wynik\u00f3w.<br \/>\n<em>\u2013 Posiadany portfel zam\u00f3wie\u0144 i jego jako\u015b\u0107 uprawdopodobniaj\u0105, w perspektywie najbli\u017cszych kwarta\u0142\u00f3w, zdecydowane poprawienie wynik\u00f3w przez Grup\u0119 Kapita\u0142ow\u0105 Elektrotim<\/em> \u2013 czytamy w raporcie p\u00f3\u0142rocznym.<\/p>\n<p>Od 1 wrze\u015bnia 2018 do 30 sierpnia Elektrotim pozyska\u0142 zam\u00f3wienia o warto\u015bci 243,5 mln z\u0142, czyli o 31% wi\u0119kszej rok do roku, a portfel zam\u00f3wie\u0144 wed\u0142ug stanu na 1 wrze\u015bnia opiewa\u0142 na 248,7 mln z\u0142 (+21,5%).<\/p>\n<p>Sp\u00f3\u0142ka wskazuje na wi\u0119ksz\u0105 mar\u017cowo\u015b\u0107 nowo pozyskiwanych zlece\u0144.<br \/>\n<em>\u2013 \u015arednia stopa mar\u017cy na dzie\u0144 30 sierpnia 2019 roku z zam\u00f3wie\u0144 nowo pozyskanych wzros\u0142a w stosunku do stanu na dzie\u0144 30 sierpnia 2018 roku o 10 punkt\u00f3w procentowych<\/em> \u2013 informuje Elektrotim w raporcie.<\/p>\n","protected":false},"excerpt":{"rendered":"<p>Grupa Elektrotim pierwsze p\u00f3\u0142rocze zako\u0144czy\u0142a wzrostem sprzeda\u017cy, ale te\u017c dwukrotnie wy\u017csz\u0105 strat\u0105 ni\u017c przed rokiem. W\u0142adze wroc\u0142awskiej sp\u00f3\u0142ki licz\u0105 na popraw\u0119 wynik\u00f3w, m.in. ze wzgl\u0119du na rosn\u0105cy portfel zam\u00f3wie\u0144 i jego jako\u015b\u0107. Grupa Elektrotim mia\u0142a po pierwszym p\u00f3\u0142roczu 122,5 mln z\u0142 przychod\u00f3w wobec blisko 113 mln z\u0142 w analogicznym okresie roku ubieg\u0142ego. Wzrost obrot\u00f3w nie&hellip;<\/p>\n","protected":false},"author":3,"featured_media":16118,"comment_status":"closed","ping_status":"closed","sticky":false,"template":"","format":"standard","meta":[],"categories":[318,323],"tags":[544],"_links":{"self":[{"href":"https:\/\/elektrosystemy.pl\/index.php?rest_route=\/wp\/v2\/posts\/31390"}],"collection":[{"href":"https:\/\/elektrosystemy.pl\/index.php?rest_route=\/wp\/v2\/posts"}],"about":[{"href":"https:\/\/elektrosystemy.pl\/index.php?rest_route=\/wp\/v2\/types\/post"}],"author":[{"embeddable":true,"href":"https:\/\/elektrosystemy.pl\/index.php?rest_route=\/wp\/v2\/users\/3"}],"replies":[{"embeddable":true,"href":"https:\/\/elektrosystemy.pl\/index.php?rest_route=%2Fwp%2Fv2%2Fcomments&post=31390"}],"version-history":[{"count":1,"href":"https:\/\/elektrosystemy.pl\/index.php?rest_route=\/wp\/v2\/posts\/31390\/revisions"}],"predecessor-version":[{"id":31391,"href":"https:\/\/elektrosystemy.pl\/index.php?rest_route=\/wp\/v2\/posts\/31390\/revisions\/31391"}],"wp:featuredmedia":[{"embeddable":true,"href":"https:\/\/elektrosystemy.pl\/index.php?rest_route=\/wp\/v2\/media\/16118"}],"wp:attachment":[{"href":"https:\/\/elektrosystemy.pl\/index.php?rest_route=%2Fwp%2Fv2%2Fmedia&parent=31390"}],"wp:term":[{"taxonomy":"category","embeddable":true,"href":"https:\/\/elektrosystemy.pl\/index.php?rest_route=%2Fwp%2Fv2%2Fcategories&post=31390"},{"taxonomy":"post_tag","embeddable":true,"href":"https:\/\/elektrosystemy.pl\/index.php?rest_route=%2Fwp%2Fv2%2Ftags&post=31390"}],"curies":[{"name":"wp","href":"https:\/\/api.w.org\/{rel}","templated":true}]}}