{"id":31691,"date":"2019-10-31T13:15:59","date_gmt":"2019-10-31T12:15:59","guid":{"rendered":"http:\/\/elektrosystemy.pl\/?p=31691"},"modified":"2019-10-31T13:15:59","modified_gmt":"2019-10-31T12:15:59","slug":"andrzej-diakun-rezygnuje-z-funkcji-prezesa-elektrotimu","status":"publish","type":"post","link":"https:\/\/elektrosystemy.pl\/?p=31691","title":{"rendered":"Andrzej Diakun rezygnuje z funkcji prezesa Elektrotimu"},"content":{"rendered":"<p><span style=\"color: #333333;\">W dniu 30 pa\u017adziernika<\/span><span style=\"color: #333333;\">\u00a0Andrzej Diakun z\u0142o\u017cy\u0142\u00a0Radzie Nadzorczej Elektrotimu &#8211; ze skutkiem na dzie\u0144 odbycia\u00a0Zwyczajnego Walnego Zgromadzenia zatwierdzaj\u0105cego sprawozdanie\u00a0finansowe sp\u00f3\u0142ki za rok 2019 &#8211; rezygnacj\u0119 z pe\u0142nienia funkcji\u00a0prezesa zarz\u0105du sp\u00f3\u0142ki. W pi\u015bmie, jako przyczyn\u0119 rezygnacji,\u00a0podano powody osobiste.<br \/>\nAndrzej Diakun pe\u0142ni funkcj\u0119 prezesa Elektrotimu od 20 lat.<\/span><\/p>\n","protected":false},"excerpt":{"rendered":"<p>W dniu 30 pa\u017adziernika\u00a0Andrzej Diakun z\u0142o\u017cy\u0142\u00a0Radzie Nadzorczej Elektrotimu &#8211; ze skutkiem na dzie\u0144 odbycia\u00a0Zwyczajnego Walnego Zgromadzenia zatwierdzaj\u0105cego sprawozdanie\u00a0finansowe sp\u00f3\u0142ki za rok 2019 &#8211; rezygnacj\u0119 z pe\u0142nienia funkcji\u00a0prezesa zarz\u0105du sp\u00f3\u0142ki. W pi\u015bmie, jako przyczyn\u0119 rezygnacji,\u00a0podano powody osobiste. Andrzej Diakun pe\u0142ni funkcj\u0119 prezesa Elektrotimu od 20 lat.&hellip;<\/p>\n","protected":false},"author":3,"featured_media":16118,"comment_status":"closed","ping_status":"closed","sticky":false,"template":"","format":"standard","meta":[],"categories":[323],"tags":[544],"_links":{"self":[{"href":"https:\/\/elektrosystemy.pl\/index.php?rest_route=\/wp\/v2\/posts\/31691"}],"collection":[{"href":"https:\/\/elektrosystemy.pl\/index.php?rest_route=\/wp\/v2\/posts"}],"about":[{"href":"https:\/\/elektrosystemy.pl\/index.php?rest_route=\/wp\/v2\/types\/post"}],"author":[{"embeddable":true,"href":"https:\/\/elektrosystemy.pl\/index.php?rest_route=\/wp\/v2\/users\/3"}],"replies":[{"embeddable":true,"href":"https:\/\/elektrosystemy.pl\/index.php?rest_route=%2Fwp%2Fv2%2Fcomments&post=31691"}],"version-history":[{"count":2,"href":"https:\/\/elektrosystemy.pl\/index.php?rest_route=\/wp\/v2\/posts\/31691\/revisions"}],"predecessor-version":[{"id":31693,"href":"https:\/\/elektrosystemy.pl\/index.php?rest_route=\/wp\/v2\/posts\/31691\/revisions\/31693"}],"wp:featuredmedia":[{"embeddable":true,"href":"https:\/\/elektrosystemy.pl\/index.php?rest_route=\/wp\/v2\/media\/16118"}],"wp:attachment":[{"href":"https:\/\/elektrosystemy.pl\/index.php?rest_route=%2Fwp%2Fv2%2Fmedia&parent=31691"}],"wp:term":[{"taxonomy":"category","embeddable":true,"href":"https:\/\/elektrosystemy.pl\/index.php?rest_route=%2Fwp%2Fv2%2Fcategories&post=31691"},{"taxonomy":"post_tag","embeddable":true,"href":"https:\/\/elektrosystemy.pl\/index.php?rest_route=%2Fwp%2Fv2%2Ftags&post=31691"}],"curies":[{"name":"wp","href":"https:\/\/api.w.org\/{rel}","templated":true}]}}