{"id":31839,"date":"2019-11-27T09:41:38","date_gmt":"2019-11-27T08:41:38","guid":{"rendered":"http:\/\/elektrosystemy.pl\/?p=31839"},"modified":"2019-11-28T23:48:00","modified_gmt":"2019-11-28T22:48:00","slug":"nie-ograniczamy-sie-do-dostaw-produktow","status":"publish","type":"post","link":"https:\/\/elektrosystemy.pl\/?p=31839","title":{"rendered":"Nie ograniczamy si\u0119  do dostaw produkt\u00f3w"},"content":{"rendered":"<p><span style=\"font-size: 12pt;\"><strong>Rozmowa z Wiktorem K\u0119pi\u0144skim,<\/strong><\/span><br \/>\n<span style=\"font-size: 12pt;\"><strong>dyrektorem operacyjnym i cz\u0142onkiem Zarz\u0105du firmy Onninen Polska <\/strong><\/span><\/p>\n<p><strong><a href=\"http:\/\/elektrosystemy.pl\/wp-content\/uploads\/2015\/07\/23\/test1\/Okladka_ES_11_2019_www.jpg\"><img loading=\"lazy\" class=\"alignleft wp-image-31789\" style=\"margin: 6px 10px 1px 2px;\" src=\"http:\/\/elektrosystemy.pl\/wp-content\/uploads\/2015\/07\/23\/test1\/Okladka_ES_11_2019_www.jpg\" alt=\"\" width=\"136\" height=\"197\" srcset=\"https:\/\/elektrosystemy.pl\/wp-content\/uploads\/2015\/07\/23\/test1\/Okladka_ES_11_2019_www.jpg 600w, https:\/\/elektrosystemy.pl\/wp-content\/uploads\/2015\/07\/23\/test1\/Okladka_ES_11_2019_www-416x602.jpg 416w, https:\/\/elektrosystemy.pl\/wp-content\/uploads\/2015\/07\/23\/test1\/Okladka_ES_11_2019_www-207x300.jpg 207w\" sizes=\"(max-width: 136px) 100vw, 136px\" \/><\/a>1 lipca Kesko, w\u0142a\u015bciciel Onninena, sfinalizowa\u0142 zakup nieruchomo\u015bci w Teolinie, na kt\u00f3rej zlokalizowany jest magazyn centralny Onninen. Jakie korzy\u015bci wynikaj\u0105 z tej transakcji?<\/strong><br \/>\n\u2013 Doskona\u0142a lokalizacja magazynu w centrum kraju gwarantuje, \u017ce firma jest w stanie zabezpieczy\u0107 nawet bardzo specyficzne wymagania rynku odno\u015bnie czasu i miejsca dostawy. To daje dobre perspektywy, zw\u0142aszcza w obliczu planowanych akwizycji i du\u017cej inwestycji w automatyzacj\u0119 proces\u00f3w logistycznych. Chcemy by\u0107 partnerem na miar\u0119 potrzeb we wszystkich segmentach naszych klient\u00f3w i mie\u0107 pewno\u015b\u0107, \u017ce magazyn centralny zapewni serwis logistyczny dla ca\u0142ej organizacji. Onninen stoi dzi\u015b w obliczu konieczno\u015bci automatyzacji proces\u00f3w logistycznych, aby wyj\u015b\u0107 naprzeciw rosn\u0105cym oczekiwaniom rynku. Zanim zaczniemy inwestowa\u0107 w nowoczesne i d\u0142ugoterminowe rozwi\u0105zania, chcemy mie\u0107 pewno\u015b\u0107, \u017ce jeste\u015bmy u siebie \u2013 st\u0105d decyzja o uniezale\u017cnieniu i zakupie nieruchomo\u015bci w Teolinie. Finalizuj\u0105c zakup nieruchomo\u015bci, Kesko stawia kolejn\u0105 kropk\u0119 na mapie swoich \u015brodk\u00f3w trwa\u0142ych w Europie. Jest to szczeg\u00f3lny rejon, poniewa\u017c Kesko dopiero rozbudowuje tu swoje struktury postrzegaj\u0105c Polsk\u0119 jako rynek o du\u017cym potencjale, w kt\u00f3ry warto inwestowa\u0107.<\/p>\n<p><a href=\"http:\/\/elektrosystemy.pl\/wp-content\/uploads\/wywiady\/2019\/11\/27\/nie-ograniczamy-sie-do-dostaw-produktow\/Rys4_ONINEN_11_2019_www.jpg\"><img loading=\"lazy\" class=\"aligncenter wp-image-31845 size-full\" src=\"http:\/\/elektrosystemy.pl\/wp-content\/uploads\/wywiady\/2019\/11\/27\/nie-ograniczamy-sie-do-dostaw-produktow\/Rys4_ONINEN_11_2019_www.jpg\" alt=\"Chcemy by\u0107 partnerem na miar\u0119 potrzeb we wszystkich segmentach naszych klient\u00f3w i mie\u0107 pewno\u015b\u0107, \u017ce\u00a0magazyn centralny zapewni serwis logistyczny dla ca\u0142ej organizacji \u2013 twierdzi Wiktor K\u0119pi\u0144ski\" width=\"900\" height=\"601\" srcset=\"https:\/\/elektrosystemy.pl\/wp-content\/uploads\/wywiady\/2019\/11\/27\/nie-ograniczamy-sie-do-dostaw-produktow\/Rys4_ONINEN_11_2019_www.jpg 900w, https:\/\/elektrosystemy.pl\/wp-content\/uploads\/wywiady\/2019\/11\/27\/nie-ograniczamy-sie-do-dostaw-produktow\/Rys4_ONINEN_11_2019_www-600x401.jpg 600w, https:\/\/elektrosystemy.pl\/wp-content\/uploads\/wywiady\/2019\/11\/27\/nie-ograniczamy-sie-do-dostaw-produktow\/Rys4_ONINEN_11_2019_www-300x200.jpg 300w, https:\/\/elektrosystemy.pl\/wp-content\/uploads\/wywiady\/2019\/11\/27\/nie-ograniczamy-sie-do-dostaw-produktow\/Rys4_ONINEN_11_2019_www-768x513.jpg 768w\" sizes=\"(max-width: 900px) 100vw, 900px\" \/><\/a><em><span style=\"color: #008080;\">Chcemy by\u0107 partnerem na miar\u0119 potrzeb we wszystkich segmentach naszych klient\u00f3w i mie\u0107 pewno\u015b\u0107, \u017ce\u00a0magazyn centralny zapewni serwis logistyczny dla ca\u0142ej organizacji \u2013 twierdzi Wiktor K\u0119pi\u0144ski<\/span><\/em><\/p>\n<p><strong>\u2013 Centrum dystrybucyjne to serce ka\u017cdej du\u017cej sieci handlowej, kt\u00f3re odpowiada za sprawn\u0105 logistyk\u0119. Jakie inwestycje Onninen przeprowadzi\u0142 w os\u00adtatnim czasie w Teolinie, a jakie zamierza zrealizowa\u0107 w najbli\u017cszych miesi\u0105cach? W jaki spos\u00f3b wp\u0142yn\u0105 one na popraw\u0119 obs\u0142ugi klient\u00f3w?<\/strong><br \/>\n\u2013 Onninen \u0142\u0105czy wiele bran\u017c technicznych w jednym miejscu, co bez w\u0105tpienia stanowi przewag\u0119 na rynku lokalnym, ale wymaga r\u00f3wnie\u017c \u015bwietnej organizacji zaplecza logistycznego. Magazyn centralny dostarcza towary do 36 punkt\u00f3w sprzeda\u017cy Onninen oraz bezpo\u015brednio do naszych profesjonalnych partner\u00f3w, w tym klient\u00f3w OnnShop. Wiele materia\u0142\u00f3w technicznych wymaga specjalistycznych warunk\u00f3w sk\u0142adowania i transportu. Centrum Dystrybucyjne w Teolinie rozpocz\u0119\u0142o swoj\u0105 dzia\u0142alno\u015b\u0107 w 2003 roku i od tego czasu by\u0142o ju\u017c dwukrotnie powi\u0119kszane i modernizowane. Jeszcze w ko\u0144c\u00f3wce tego roku zamierzamy wdro\u017cy\u0107 rozwi\u0105zanie TMS (Transport Management System). Standardem w realizacji zam\u00f3wie\u0144 jest obecnie pe\u0142na informacja o statusach przesy\u0142ki. Klienci chc\u0105 wiedzie\u0107, co dzieje si\u0119 z zam\u00f3wionym przez nich towarem, np. czy zam\u00f3wienie opu\u015bci\u0142o Centrum Dystrybucyjne, czy zosta\u0142o dostarczone do oddzia\u0142u lub kiedy spodziewana jest dostawa na plac budowy. Takie w\u0142a\u015bnie rozwi\u0105zania planujemy wprowadzi\u0107 w najbli\u017cszym czasie. B\u0119dzie to proces w pe\u0142ni zautomatyzowany \u2013 bez zaanga\u017cowania handlowc\u00f3w, z elektronicznym dowodem dostawy i kodami SMS do odbioru dostawy na placu budowy. Do ko\u0144ca roku zamierzamy r\u00f3wnie\u017c zwi\u0119kszy\u0107 powierzchni\u0119 magazynow\u0105 o 1600 m<sup>2<\/sup>. Wisienk\u0105 na torcie b\u0119dzie instalacja automatycznych rozwi\u0105za\u0144 do obs\u0142ugi obszaru drobnicowego. Finansowo jest to olbrzymia inwestycja por\u00f3wnywalna warto\u015bci\u0105 z budow\u0105 du\u017cej hali magazynowej. Wybrali\u015bmy sprawdzone na rynku rozwi\u0105zanie austriackiej firmy Knapp. Prace instalacyjne trwaj\u0105 i w lipcu 2020 spodziewamy si\u0119 zako\u0144czenia projektu, a co za tym idzie znacz\u0105cych usprawnie\u0144 w zakresie kompletacji towar\u00f3w. Mamy nadziej\u0119, \u017ce nasi klienci szybko odczuj\u0105 pozytywne efekty tej modernizacji, a Onninen znacz\u0105co zwi\u0119kszy swoj\u0105 wydajno\u015b\u0107 i zyska nowe szanse.<\/p>\n<p><a href=\"http:\/\/elektrosystemy.pl\/wp-content\/uploads\/wywiady\/2019\/11\/27\/nie-ograniczamy-sie-do-dostaw-produktow\/Rys1_ONINEN_11_2019_www.jpg\"><img loading=\"lazy\" class=\"aligncenter wp-image-31846\" src=\"http:\/\/elektrosystemy.pl\/wp-content\/uploads\/wywiady\/2019\/11\/27\/nie-ograniczamy-sie-do-dostaw-produktow\/Rys1_ONINEN_11_2019_www.jpg\" alt=\"Jeste\u015bmy bardzo dumni z przekroczenia jednego miliarda z\u0142otych obrot\u00f3w. Wierz\u0119, \u017ce w bie\u017c\u0105cym roku nasz wynik finansowy b\u0119dzie jeszcze lepszy \u2013 m\u00f3wi Wiktor K\u0119pi\u0144ski\" width=\"400\" height=\"599\" srcset=\"https:\/\/elektrosystemy.pl\/wp-content\/uploads\/wywiady\/2019\/11\/27\/nie-ograniczamy-sie-do-dostaw-produktow\/Rys1_ONINEN_11_2019_www.jpg 601w, https:\/\/elektrosystemy.pl\/wp-content\/uploads\/wywiady\/2019\/11\/27\/nie-ograniczamy-sie-do-dostaw-produktow\/Rys1_ONINEN_11_2019_www-416x623.jpg 416w, https:\/\/elektrosystemy.pl\/wp-content\/uploads\/wywiady\/2019\/11\/27\/nie-ograniczamy-sie-do-dostaw-produktow\/Rys1_ONINEN_11_2019_www-200x300.jpg 200w, https:\/\/elektrosystemy.pl\/wp-content\/uploads\/wywiady\/2019\/11\/27\/nie-ograniczamy-sie-do-dostaw-produktow\/Rys1_ONINEN_11_2019_www-600x899.jpg 600w\" sizes=\"(max-width: 400px) 100vw, 400px\" \/><\/a><span style=\"color: #008080;\"><em>Jeste\u015bmy bardzo dumni z przekroczenia jednego miliarda z\u0142otych obrot\u00f3w. Wierz\u0119, \u017ce w bie\u017c\u0105cym roku nasz wynik finansowy b\u0119dzie jeszcze lepszy \u2013 m\u00f3wi Wiktor K\u0119pi\u0144ski<\/em><\/span><\/p>\n<p><strong>\u2013 Onninen w ostatnim czasie mocno skupia\u0142 si\u0119 na reorganizacji wewn\u0119trznej, tworz\u0105c m.in. nowe jednostki biznesowe odpowiedzialne za obs\u0142ug\u0119 konkretnych segment\u00f3w rynku. Prosz\u0119 pokr\u00f3tce opisa\u0107 zmiany, kt\u00f3re zasz\u0142y w firmie i korzy\u015bci z tego wynikaj\u0105ce.<\/strong><br \/>\n\u2013 Onninen jest du\u017c\u0105 firm\u0105 o obrotach wynosz\u0105cych ponad miliard z\u0142otych. Patrz\u0105c z tej perspektywy niew\u0105tpliwie osi\u0105gn\u0119li\u015bmy sukces, jednak z drugiej strony zdali\u015bmy sobie spraw\u0119, \u017ce nie wykorzystujemy w pe\u0142ni swoich mo\u017cliwo\u015bci i nie koncentrujemy si\u0119 wystarczaj\u0105co dobrze na potrzebach poszczeg\u00f3lnych grup odbiorc\u00f3w. Wiemy, i\u017c oczekiwania klient\u00f3w diametralnie r\u00f3\u017cni\u0105 si\u0119 z punktu widzenia segment\u00f3w, na kt\u00f3rych oni dzia\u0142aj\u0105. To, co jest dobre dla jednego klienta, nie musi by\u0107 dobre dla pozosta\u0142ych. Dlatego zreformowali\u015bmy struktur\u0119 Onninen tworz\u0105c trzy niezale\u017cne organizacje handlowe odpowiedzialne za obs\u0142ug\u0119 poszczeg\u00f3lnych segment\u00f3w sprzeda\u017cy: Segment Instalator\u00f3w, za kt\u00f3ry odpowiada Stanis\u0142aw Wicherek, Segment Redystrybucji, za kt\u00f3ry odpowiada Andrzej Pr\u0119tki oraz Segment Infrastruktury, Przemys\u0142u i Budownictwa, za kt\u00f3ry odpowiada Tomasz Chmurzy\u0144ski. W ramach koncepcji Omnichannel wyodr\u0119bnili\u015bmy przyjazne kana\u0142y sprzeda\u017cy wspieraj\u0105ce wszystkie wymienione segmenty. Klienci mog\u0105 korzysta\u0107 zar\u00f3wno z samoobs\u0142ugowych oddzia\u0142\u00f3w stacjonarnych, us\u0142ug projektowych, jak i szerokiego wachlarza rozwi\u0105za\u0144 e-commerce. Procesem odpowiedzialnym za rozw\u00f3j narz\u0119dzi i us\u0142ug wspieraj\u0105cych nasze wielokana\u0142owe dzia\u0142ania zarz\u0105dza Krzysztof Koniarski. Dzi\u0119ki tym zmianom ka\u017cdy z segment\u00f3w precyzyjnie buduje ofert\u0119 towar\u00f3w i serwis\u00f3w dla konkretnej grupy klient\u00f3w i pod bardzo indywidualne potrzeby. Teraz nasi profesjonalni partnerzy maj\u0105 warunki handlowe i spos\u00f3b obs\u0142ugi dostosowany do ich potrzeb.<\/p>\n<p><a href=\"http:\/\/elektrosystemy.pl\/wp-content\/uploads\/wywiady\/2019\/11\/27\/nie-ograniczamy-sie-do-dostaw-produktow\/Rys3_ONINEN_11_2019_www.jpg\"><img loading=\"lazy\" class=\"aligncenter wp-image-31849 size-full\" src=\"http:\/\/elektrosystemy.pl\/wp-content\/uploads\/wywiady\/2019\/11\/27\/nie-ograniczamy-sie-do-dostaw-produktow\/Rys3_ONINEN_11_2019_www.jpg\" alt=\"Magazyn centralny dostarcza towary do 36 punkt\u00f3w sprzeda\u017cy Onninen oraz bezpo\u015brednio do\u00a0naszych profesjonalnych partner\u00f3w, w tym klient\u00f3w OnnShop \u2013 informuje Wiktor K\u0119pi\u0144ski\" width=\"900\" height=\"601\" srcset=\"https:\/\/elektrosystemy.pl\/wp-content\/uploads\/wywiady\/2019\/11\/27\/nie-ograniczamy-sie-do-dostaw-produktow\/Rys3_ONINEN_11_2019_www.jpg 900w, https:\/\/elektrosystemy.pl\/wp-content\/uploads\/wywiady\/2019\/11\/27\/nie-ograniczamy-sie-do-dostaw-produktow\/Rys3_ONINEN_11_2019_www-600x401.jpg 600w, https:\/\/elektrosystemy.pl\/wp-content\/uploads\/wywiady\/2019\/11\/27\/nie-ograniczamy-sie-do-dostaw-produktow\/Rys3_ONINEN_11_2019_www-300x200.jpg 300w, https:\/\/elektrosystemy.pl\/wp-content\/uploads\/wywiady\/2019\/11\/27\/nie-ograniczamy-sie-do-dostaw-produktow\/Rys3_ONINEN_11_2019_www-768x513.jpg 768w\" sizes=\"(max-width: 900px) 100vw, 900px\" \/><\/a><em><span style=\"color: #008080;\">Magazyn centralny dostarcza towary do 36 punkt\u00f3w sprzeda\u017cy Onninen oraz bezpo\u015brednio do\u00a0naszych profesjonalnych partner\u00f3w, w tym klient\u00f3w OnnShop \u2013 informuje Wiktor K\u0119pi\u0144ski<\/span><\/em><\/p>\n<p><strong>\u2013 Onninen w Polsce zako\u0144czy\u0142 ubieg\u0142y rok rekordowymi obrotami, po raz pierwszy przekraczaj\u0105c poziom 1 mld z\u0142. Czy w tym roku uda si\u0119 poprawi\u0107 zesz\u0142oroczny wynik? Je\u015bli tak, to jakie czynniki w najwi\u0119kszym stopniu b\u0119d\u0105 mia\u0142y na to wp\u0142yw? Czy decyduj\u0105ce s\u0105 czynniki zewn\u0119trzne takie jak koniunktura gospodarcza lub sytuacja w budownictwie?<\/strong><br \/>\n\u2013 Jeste\u015bmy bardzo dumni z przekroczenia jednego miliarda obrot\u00f3w. Wierz\u0119, \u017ce w bie\u017c\u0105cym roku nasz wynik finansowy b\u0119dzie jeszcze lepszy, poniewa\u017c k\u0142adziemy du\u017cy nacisk na dalsz\u0105 popraw\u0119 rentowno\u015bci prowadzonego biznesu. Czynniki zewn\u0119trzne zale\u017cne od sytuacji gospodarczej z pewno\u015bci\u0105 zawsze maj\u0105 wp\u0142yw na ca\u0142\u0105 bran\u017c\u0119, kt\u00f3rej Onninen jest przecie\u017c istotn\u0105 cz\u0119\u015bci\u0105. Mamy jednak nadziej\u0119, \u017ce wprowadzone zmiany strukturalne pozwol\u0105 nam na elastyczno\u015b\u0107, kt\u00f3rej klienci oczekuj\u0105, potrzebuj\u0105 i doceniaj\u0105 zw\u0142aszcza w trudnych momentach zawirowa\u0144 rynkowych. Dobra organizacja proces\u00f3w pozwala trafnie diagnozowa\u0107 problemy zanim stan\u0105 si\u0119 one zbyt trudne do rozwi\u0105zania.<\/p>\n<p><a href=\"http:\/\/elektrosystemy.pl\/wp-content\/uploads\/wywiady\/2019\/11\/27\/nie-ograniczamy-sie-do-dostaw-produktow\/Rys6_ONINEN_11_2019_www.jpg\"><img loading=\"lazy\" class=\"aligncenter wp-image-31850 size-full\" src=\"http:\/\/elektrosystemy.pl\/wp-content\/uploads\/wywiady\/2019\/11\/27\/nie-ograniczamy-sie-do-dostaw-produktow\/Rys6_ONINEN_11_2019_www.jpg\" alt=\"Centrum Dystrybucyjne Onninen w Teolinie\" width=\"900\" height=\"474\" srcset=\"https:\/\/elektrosystemy.pl\/wp-content\/uploads\/wywiady\/2019\/11\/27\/nie-ograniczamy-sie-do-dostaw-produktow\/Rys6_ONINEN_11_2019_www.jpg 900w, https:\/\/elektrosystemy.pl\/wp-content\/uploads\/wywiady\/2019\/11\/27\/nie-ograniczamy-sie-do-dostaw-produktow\/Rys6_ONINEN_11_2019_www-600x316.jpg 600w, https:\/\/elektrosystemy.pl\/wp-content\/uploads\/wywiady\/2019\/11\/27\/nie-ograniczamy-sie-do-dostaw-produktow\/Rys6_ONINEN_11_2019_www-300x158.jpg 300w, https:\/\/elektrosystemy.pl\/wp-content\/uploads\/wywiady\/2019\/11\/27\/nie-ograniczamy-sie-do-dostaw-produktow\/Rys6_ONINEN_11_2019_www-768x404.jpg 768w\" sizes=\"(max-width: 900px) 100vw, 900px\" \/><\/a><span style=\"color: #008080;\"><em>Centrum Dystrybucyjne Onninen w Teolinie<\/em><\/span><\/p>\n<p><strong>\u2013 W ubieg\u0142ym roku Onninen zdoby\u0142 kontrakt na dostaw\u0119 kabli i tras kablowych w ramach budowy drugiej linii metra w Warszawie. Obecnie ten najwi\u0119kszy w historii sp\u00f3\u0142ki w Polsce projekt jest finalizowany. Prosz\u0119 pokr\u00f3tce opisa\u0107 realizacj\u0119 tego przedsi\u0119wzi\u0119cia oraz powiedzie\u0107, za co Onninen odpowiada\u0142 w ramach tego kontraktu.<\/strong><br \/>\n\u2013 Rzeczywi\u015bcie jest to najwi\u0119kszy kontrakt, kt\u00f3ry realizowali\u015bmy do tej pory w Polsce. Nasze zadanie polega\u0142o mi\u0119dzy innymi na dostawie tras kablowych firmy Baks i kabli produkowanych przez Tele-Fonik\u0119. Warto jednak podkre\u015bli\u0107, \u017ce rola Onninen nie ogranicza\u0142a si\u0119 tylko do dostaw produkt\u00f3w! Brali\u015bmy czynny udzia\u0142 w kreowaniu najlepszych rozwi\u0105za\u0144 dedykowanych dla tego typu inwestycji. Bardzo przyda\u0142o si\u0119 dotychczasowe do\u015bwiadczenie, kt\u00f3re zdobyli\u015bmy przy realizacji takich transakcji, jak dostawa kabli na Stadion Narodowy w Warszawie, czy wcze\u015bniejszy etap rozbudowy II linii metra. To by\u0142a praca zespo\u0142owa. Po\u0142\u0105czyli\u015bmy sprawny \u0142a\u0144cuch dostaw z Centrum Dystrybucyjnego, do\u015bwiadczenie handlowc\u00f3w i wiedz\u0119 techniczn\u0105 naszego zespo\u0142u projektowego z potencja\u0142em naszych dostawc\u00f3w. Efekt \u2013 kolejna flagowa inwestycja w naszym portfolio i nowe, bezcenne do\u015bwiadczenia w segmencie budownictwa i infrastruktury.<br \/>\n<strong>\u2013 Czy w zwi\u0105zku z realizacj\u0105 powy\u017cszego kontraktu firma zamierza uczestniczy\u0107 w podobnych pod wzgl\u0119dem z\u0142o\u017cono\u015bci, jak i warto\u015bci przedsi\u0119wzi\u0119ciach? A tak\u017ce jak wygl\u0105daj\u0105 plany rozwoju firmy w najbli\u017cszej przysz\u0142o\u015bci?<\/strong><br \/>\n\u2013 Realizacja wielkich kontrakt\u00f3w jest bez w\u0105tpienia jedn\u0105 z silnych stron firmy Onninen. Posiadamy kompetencje, do\u015bwiadczenie, zaplecze organizacyjne, logistyczne i finansowe. Ka\u017cdego dnia realizujemy wsp\u00f3lnie z klientami du\u017ce inwestycje i z pewno\u015bci\u0105 b\u0119dziemy otwarci i czujni na nowe mo\u017cliwo\u015bci r\u00f3wnie\u017c w przysz\u0142o\u015bci. Jednocze\u015bnie du\u017cy nacisk k\u0142adziemy na organiczny rozw\u00f3j firmy koncentruj\u0105c si\u0119 na potrzebach partner\u00f3w handlowych w poszczeg\u00f3lnych segmentach, modernizacji magazynu centralnego i transformacji naszych 36 hurtowni na nowoczesne punkty samoobs\u0142ugowe. R\u00f3wnocze\u015bnie jeste\u015bmy zainteresowani wzrostem poprzez akwizycje firm, kt\u00f3re posiadaj\u0105 know-how w nowych dla nas obszarach w rozumieniu zar\u00f3wno biznesowym, jak i geograficznym.<\/p>\n","protected":false},"excerpt":{"rendered":"<p>Rozmowa z Wiktorem K\u0119pi\u0144skim, dyrektorem operacyjnym i cz\u0142onkiem Zarz\u0105du firmy Onninen Polska 1 lipca Kesko, w\u0142a\u015bciciel Onninena, sfinalizowa\u0142 zakup nieruchomo\u015bci w Teolinie, na kt\u00f3rej zlokalizowany jest magazyn centralny Onninen. Jakie korzy\u015bci wynikaj\u0105 z tej transakcji? \u2013 Doskona\u0142a lokalizacja magazynu w centrum kraju gwarantuje, \u017ce firma jest w stanie zabezpieczy\u0107 nawet bardzo specyficzne wymagania rynku odno\u015bnie&hellip;<\/p>\n","protected":false},"author":3,"featured_media":31844,"comment_status":"closed","ping_status":"closed","sticky":false,"template":"","format":"standard","meta":[],"categories":[318,319],"tags":[328],"_links":{"self":[{"href":"https:\/\/elektrosystemy.pl\/index.php?rest_route=\/wp\/v2\/posts\/31839"}],"collection":[{"href":"https:\/\/elektrosystemy.pl\/index.php?rest_route=\/wp\/v2\/posts"}],"about":[{"href":"https:\/\/elektrosystemy.pl\/index.php?rest_route=\/wp\/v2\/types\/post"}],"author":[{"embeddable":true,"href":"https:\/\/elektrosystemy.pl\/index.php?rest_route=\/wp\/v2\/users\/3"}],"replies":[{"embeddable":true,"href":"https:\/\/elektrosystemy.pl\/index.php?rest_route=%2Fwp%2Fv2%2Fcomments&post=31839"}],"version-history":[{"count":9,"href":"https:\/\/elektrosystemy.pl\/index.php?rest_route=\/wp\/v2\/posts\/31839\/revisions"}],"predecessor-version":[{"id":31853,"href":"https:\/\/elektrosystemy.pl\/index.php?rest_route=\/wp\/v2\/posts\/31839\/revisions\/31853"}],"wp:featuredmedia":[{"embeddable":true,"href":"https:\/\/elektrosystemy.pl\/index.php?rest_route=\/wp\/v2\/media\/31844"}],"wp:attachment":[{"href":"https:\/\/elektrosystemy.pl\/index.php?rest_route=%2Fwp%2Fv2%2Fmedia&parent=31839"}],"wp:term":[{"taxonomy":"category","embeddable":true,"href":"https:\/\/elektrosystemy.pl\/index.php?rest_route=%2Fwp%2Fv2%2Fcategories&post=31839"},{"taxonomy":"post_tag","embeddable":true,"href":"https:\/\/elektrosystemy.pl\/index.php?rest_route=%2Fwp%2Fv2%2Ftags&post=31839"}],"curies":[{"name":"wp","href":"https:\/\/api.w.org\/{rel}","templated":true}]}}