{"id":31879,"date":"2019-12-04T11:01:32","date_gmt":"2019-12-04T10:01:32","guid":{"rendered":"http:\/\/elektrosystemy.pl\/?p=31879"},"modified":"2019-12-04T11:01:32","modified_gmt":"2019-12-04T10:01:32","slug":"sonel-obchodzi-25-lecie-dzialalnosci","status":"publish","type":"post","link":"https:\/\/elektrosystemy.pl\/?p=31879","title":{"rendered":"Sonel obchodzi 25-lecie dzia\u0142alno\u015bci"},"content":{"rendered":"<p><strong>Sonel obchodzi w tym roku jubileusz 25-lecia dzia\u0142alno\u015bci na rynku. Powsta\u0142a w 1994 roku w \u015awidnicy sp\u00f3\u0142ka jest obecnie najwi\u0119kszym producentem urz\u0105dze\u0144 pomiarowych w Europie \u015arodkowo-Wschodniej, a jej rozwi\u0105zania trafiaj\u0105 do ponad 50 kraj\u00f3w na ca\u0142ym \u015bwiecie. Ca\u0142kiem mo\u017cliwe, \u017ce jubileuszowy 2019 rok Sonel zako\u0144czy przychodami, kt\u00f3re przekrocz\u0105 symboliczny poziom 100 mln z\u0142.<\/strong><\/p>\n<p><a href=\"http:\/\/elektrosystemy.pl\/wp-content\/uploads\/2015\/07\/23\/test1\/Okladka_ES_11_2019_www.jpg\"><img loading=\"lazy\" class=\"alignleft wp-image-31789\" style=\"margin: 6px 10px 1px 2px;\" src=\"http:\/\/elektrosystemy.pl\/wp-content\/uploads\/2015\/07\/23\/test1\/Okladka_ES_11_2019_www.jpg\" alt=\"\" width=\"132\" height=\"191\" srcset=\"https:\/\/elektrosystemy.pl\/wp-content\/uploads\/2015\/07\/23\/test1\/Okladka_ES_11_2019_www.jpg 600w, https:\/\/elektrosystemy.pl\/wp-content\/uploads\/2015\/07\/23\/test1\/Okladka_ES_11_2019_www-416x602.jpg 416w, https:\/\/elektrosystemy.pl\/wp-content\/uploads\/2015\/07\/23\/test1\/Okladka_ES_11_2019_www-207x300.jpg 207w\" sizes=\"(max-width: 132px) 100vw, 132px\" \/><\/a>W 1994 roku w \u015awidnicy swoj\u0105 dzia\u0142alno\u015b\u0107 rozpoczyna sp\u00f3\u0142ka Sonel. Powstaje ona na bazie za\u0142o\u017conego pi\u0119\u0107 lat wcze\u015bniej Zak\u0142adu Innowacyjno-Wdro\u017ceniowego TIM we Wroc\u0142awiu. Pocz\u0105tkowo firma zajmuje si\u0119 handlem artyku\u0142ami elektrotechnicznymi, jednak przedmiotem jej dzia\u0142alno\u015bci jest tak\u017ce produkcja przyrz\u0105d\u00f3w pomiarowych oraz opraw o\u015bwietleniowych, a tak\u017ce us\u0142ugi. Siedziba sp\u00f3\u0142ki, gdzie odbywa si\u0119 produkcja mie\u015bci si\u0119 w zabytkowych budynkach przy ulicy ul. Armii Krajowej 29. W tej lokalizacji Sonel b\u0119dzie funkcjonowa\u0142 przez kolejne kilkana\u015bcie lat.<br \/>\nW 1995 roku sp\u00f3\u0142ka wypuszcza na rynek pierwsze polskiej konstrukcji mikroprocesorowe mierniki rezystancji izolacji oraz miernik parametr\u00f3w wy\u0142\u0105cznik\u00f3w r\u00f3\u017cnicowopr\u0105dowych, a ju\u017c w roku 1996 rozpoczyna ekspansj\u0119 zagraniczn\u0105 \u2013 rusza ze sprzeda\u017c\u0105 eksportow\u0105. Kolejne lata ostatniej dekady XX wieku to okres dalszej rozbudowy parku maszynowego oraz rozwoju portfolio produktowego. W tym czasie Sonel wyposa\u017ca zak\u0142ad w lini\u0119 monta\u017cu powierzchniowego SMT, co przyczynia si\u0119 do automatyzacji produkcji, a tak\u017ce wprowadza do oferty kolejne urz\u0105dzenia, m.in. przyrz\u0105dy do pomiar\u00f3w impedancji p\u0119tli zwarcia (jedne z pierwszych tego typu urz\u0105dze\u0144 na \u015bwiecie), a tak\u017ce pierwszy w Polsce mikroprocesorowy miernik uziemie\u0144 i rezystywno\u015bci gruntu.<\/p>\n<p><a href=\"http:\/\/elektrosystemy.pl\/wp-content\/uploads\/wydarzenia\/2019\/12\/04\/sonel-obchodzi-25-lecie-dzialalnosci\/Rys1_SONEL_stary-budynek.jpg\"><img loading=\"lazy\" class=\"aligncenter wp-image-31880 size-full\" src=\"http:\/\/elektrosystemy.pl\/wp-content\/uploads\/wydarzenia\/2019\/12\/04\/sonel-obchodzi-25-lecie-dzialalnosci\/Rys1_SONEL_stary-budynek.jpg\" alt=\"Pierwsza siedziba firmy, w kt\u00f3rej Sonel funkcjonowa\u0142 kilkana\u015bcie lat\" width=\"900\" height=\"675\" srcset=\"https:\/\/elektrosystemy.pl\/wp-content\/uploads\/wydarzenia\/2019\/12\/04\/sonel-obchodzi-25-lecie-dzialalnosci\/Rys1_SONEL_stary-budynek.jpg 900w, https:\/\/elektrosystemy.pl\/wp-content\/uploads\/wydarzenia\/2019\/12\/04\/sonel-obchodzi-25-lecie-dzialalnosci\/Rys1_SONEL_stary-budynek-600x450.jpg 600w, https:\/\/elektrosystemy.pl\/wp-content\/uploads\/wydarzenia\/2019\/12\/04\/sonel-obchodzi-25-lecie-dzialalnosci\/Rys1_SONEL_stary-budynek-300x225.jpg 300w, https:\/\/elektrosystemy.pl\/wp-content\/uploads\/wydarzenia\/2019\/12\/04\/sonel-obchodzi-25-lecie-dzialalnosci\/Rys1_SONEL_stary-budynek-768x576.jpg 768w\" sizes=\"(max-width: 900px) 100vw, 900px\" \/><\/a><span style=\"color: #008080;\"><em>Pierwsza siedziba firmy, w kt\u00f3rej Sonel funkcjonowa\u0142 kilkana\u015bcie lat<\/em><\/span><\/p>\n<p><a href=\"http:\/\/elektrosystemy.pl\/wp-content\/uploads\/wydarzenia\/2019\/12\/04\/sonel-obchodzi-25-lecie-dzialalnosci\/Rys2_SONEL_nowy-budynek.jpg\"><img loading=\"lazy\" class=\"aligncenter wp-image-31881 size-full\" src=\"http:\/\/elektrosystemy.pl\/wp-content\/uploads\/wydarzenia\/2019\/12\/04\/sonel-obchodzi-25-lecie-dzialalnosci\/Rys2_SONEL_nowy-budynek.jpg\" alt=\"Obecna siedziba Sonela mie\u015bci si\u0119 na terenie Wa\u0142brzyskiej Specjalnej Strefy Ekonomicznej\" width=\"900\" height=\"601\" srcset=\"https:\/\/elektrosystemy.pl\/wp-content\/uploads\/wydarzenia\/2019\/12\/04\/sonel-obchodzi-25-lecie-dzialalnosci\/Rys2_SONEL_nowy-budynek.jpg 900w, https:\/\/elektrosystemy.pl\/wp-content\/uploads\/wydarzenia\/2019\/12\/04\/sonel-obchodzi-25-lecie-dzialalnosci\/Rys2_SONEL_nowy-budynek-600x401.jpg 600w, https:\/\/elektrosystemy.pl\/wp-content\/uploads\/wydarzenia\/2019\/12\/04\/sonel-obchodzi-25-lecie-dzialalnosci\/Rys2_SONEL_nowy-budynek-300x200.jpg 300w, https:\/\/elektrosystemy.pl\/wp-content\/uploads\/wydarzenia\/2019\/12\/04\/sonel-obchodzi-25-lecie-dzialalnosci\/Rys2_SONEL_nowy-budynek-768x513.jpg 768w\" sizes=\"(max-width: 900px) 100vw, 900px\" \/><\/a><span style=\"color: #008080;\"><em>Obecna siedziba Sonela mie\u015bci si\u0119 na terenie Wa\u0142brzyskiej Specjalnej Strefy Ekonomicznej<\/em><\/span><br \/>\n\u2013 <em>Zaczynali\u015bmy w czasach, gdy istnia\u0142o du\u017ce zapotrzebowanie na specjalistyczne urz\u0105dzenia pomiarowe, natomiast na rynku dost\u0119p do tego typu rozwi\u0105za\u0144 by\u0142 bardzo ograniczony. Chcieli\u015bmy wype\u0142ni\u0107 t\u0119 luk\u0119. Patrz\u0105c z perspektywy 25 lat i tego gdzie teraz jeste\u015bmy, wydaje si\u0119, \u017ce nam si\u0119 to uda\u0142o<\/em> \u2013 podkre\u015bla Krzysztof Wieczorkowski, prezes firmy Sonel.<\/p>\n<p><a href=\"http:\/\/elektrosystemy.pl\/wp-content\/uploads\/wydarzenia\/2019\/12\/04\/sonel-obchodzi-25-lecie-dzialalnosci\/Rys3a_SONEL_konstruktorzy.jpg\"><img loading=\"lazy\" class=\"aligncenter wp-image-31882 size-full\" src=\"http:\/\/elektrosystemy.pl\/wp-content\/uploads\/wydarzenia\/2019\/12\/04\/sonel-obchodzi-25-lecie-dzialalnosci\/Rys3a_SONEL_konstruktorzy.jpg\" alt=\"Konstruktorzy firmy Sonel z pierwszymi wyprodukowanymi przez sp\u00f3\u0142k\u0119 miernikami\" width=\"900\" height=\"637\" srcset=\"https:\/\/elektrosystemy.pl\/wp-content\/uploads\/wydarzenia\/2019\/12\/04\/sonel-obchodzi-25-lecie-dzialalnosci\/Rys3a_SONEL_konstruktorzy.jpg 900w, https:\/\/elektrosystemy.pl\/wp-content\/uploads\/wydarzenia\/2019\/12\/04\/sonel-obchodzi-25-lecie-dzialalnosci\/Rys3a_SONEL_konstruktorzy-600x425.jpg 600w, https:\/\/elektrosystemy.pl\/wp-content\/uploads\/wydarzenia\/2019\/12\/04\/sonel-obchodzi-25-lecie-dzialalnosci\/Rys3a_SONEL_konstruktorzy-300x212.jpg 300w, https:\/\/elektrosystemy.pl\/wp-content\/uploads\/wydarzenia\/2019\/12\/04\/sonel-obchodzi-25-lecie-dzialalnosci\/Rys3a_SONEL_konstruktorzy-768x544.jpg 768w\" sizes=\"(max-width: 900px) 100vw, 900px\" \/><\/a><span style=\"color: #008080;\"><em>Konstruktorzy firmy Sonel z pierwszymi wyprodukowanymi przez sp\u00f3\u0142k\u0119 miernikami<\/em><\/span><\/p>\n<p><a href=\"http:\/\/elektrosystemy.pl\/wp-content\/uploads\/wydarzenia\/2019\/12\/04\/sonel-obchodzi-25-lecie-dzialalnosci\/Rys5_SONEL_mierniki.jpg\"><img loading=\"lazy\" class=\"alignnone wp-image-31883\" src=\"http:\/\/elektrosystemy.pl\/wp-content\/uploads\/wydarzenia\/2019\/12\/04\/sonel-obchodzi-25-lecie-dzialalnosci\/Rys5_SONEL_mierniki.jpg\" alt=\"\" width=\"350\" height=\"410\" srcset=\"https:\/\/elektrosystemy.pl\/wp-content\/uploads\/wydarzenia\/2019\/12\/04\/sonel-obchodzi-25-lecie-dzialalnosci\/Rys5_SONEL_mierniki.jpg 600w, https:\/\/elektrosystemy.pl\/wp-content\/uploads\/wydarzenia\/2019\/12\/04\/sonel-obchodzi-25-lecie-dzialalnosci\/Rys5_SONEL_mierniki-416x487.jpg 416w, https:\/\/elektrosystemy.pl\/wp-content\/uploads\/wydarzenia\/2019\/12\/04\/sonel-obchodzi-25-lecie-dzialalnosci\/Rys5_SONEL_mierniki-256x300.jpg 256w\" sizes=\"(max-width: 350px) 100vw, 350px\" \/><\/a><\/p>\n<p><span style=\"color: #008080;\"><em>Pierwsze mierniki wyprodukowane przez Sonel w 1995 roku<\/em><\/span><\/p>\n<p><strong>Wa\u017cny 2008 rok<\/strong><\/p>\n<p>Pierwsze lata XXI wieku to dla Sonela okres dalszego dynamicznego rozwoju. W tym czasie sp\u00f3\u0142ka wprowadza do swojej oferty pierwszy miernik wielofunkcyjny, a sprzeda\u017c eksportowa jest realizowana ju\u017c do ponad 20 kraj\u00f3w. Istotn\u0105 dat\u0105 w historii firmy jest rok 2008. Wtedy bowiem ma miejsce kilka wa\u017cnych wydarze\u0144. Jednym z nich jest przeprowadzka do nowej siedziby. 1 maja sp\u00f3\u0142ka rozpoczyna dzia\u0142alno\u015b\u0107 w nowym obiekcie wybudowanym na terenie Wa\u0142brzyskiej Specjalnej Strefy Ekonomicznej. Produkcja odbywa si\u0119 w warunkach spe\u0142niaj\u0105cych najwy\u017csze standardy europejskie, co jest mo\u017cliwe m.in. dzi\u0119ki wyposa\u017ceniu zak\u0142adu w najnowocze\u015bniejsz\u0105 na \u015bwiecie lini\u0119 do monta\u017cu SMT. W kolejnym miesi\u0105cu Sonel debiutuje na warszawskiej Gie\u0142dzie Papier\u00f3w Warto\u015bciowych, pozyskuj\u0105c wcze\u015bniej z rynku blisko 27 mln z\u0142. 2008 rok to tak\u017ce czas, w kt\u00f3rym zatrudnienie w sp\u00f3\u0142ce przekracza poziom 200 pracownik\u00f3w \u2013 to 15% wi\u0119cej ni\u017c w roku 2007 i a\u017c trzykrotnie wi\u0119cej ni\u017c 10 lat wcze\u015bniej.<br \/>\n\u2013 <em>Przeprowadzka do nowej siedziby, pozyskanie du\u017cego kapita\u0142u z rynku, a nast\u0119pnie debiut na GPW, by\u0142y jednymi z najwa\u017cniejszych wydarze\u0144 w historii Sonela. Dzi\u0119ki nim uda\u0142o nam si\u0119 znacz\u0105co przyspieszy\u0107 rozw\u00f3j, o czym \u015bwiadcz\u0105 liczby. Rok, w kt\u00f3rym debiutowali\u015bmy na parkiecie, zako\u0144czyli\u015bmy przychodami w wysoko\u015bci 29 mln z\u0142, w roku 2018 obr\u00f3t wyni\u00f3s\u0142 ju\u017c blisko 92 mln z\u0142, czyli by\u0142 ponad trzykrotnie wy\u017cszy<\/em> \u2013 dodaje prezes.<\/p>\n<p><a href=\"http:\/\/elektrosystemy.pl\/wp-content\/uploads\/wydarzenia\/2019\/12\/04\/sonel-obchodzi-25-lecie-dzialalnosci\/Rys6_SONEL_produkcja_automat.jpg\"><img loading=\"lazy\" class=\"aligncenter wp-image-31888 size-full\" src=\"http:\/\/elektrosystemy.pl\/wp-content\/uploads\/wydarzenia\/2019\/12\/04\/sonel-obchodzi-25-lecie-dzialalnosci\/Rys6_SONEL_produkcja_automat.jpg\" alt=\"Proces produkcji w firmie Sonel charakteryzuje si\u0119 wysokim stopniem automatyzacji\" width=\"900\" height=\"675\" srcset=\"https:\/\/elektrosystemy.pl\/wp-content\/uploads\/wydarzenia\/2019\/12\/04\/sonel-obchodzi-25-lecie-dzialalnosci\/Rys6_SONEL_produkcja_automat.jpg 900w, https:\/\/elektrosystemy.pl\/wp-content\/uploads\/wydarzenia\/2019\/12\/04\/sonel-obchodzi-25-lecie-dzialalnosci\/Rys6_SONEL_produkcja_automat-600x450.jpg 600w, https:\/\/elektrosystemy.pl\/wp-content\/uploads\/wydarzenia\/2019\/12\/04\/sonel-obchodzi-25-lecie-dzialalnosci\/Rys6_SONEL_produkcja_automat-300x225.jpg 300w, https:\/\/elektrosystemy.pl\/wp-content\/uploads\/wydarzenia\/2019\/12\/04\/sonel-obchodzi-25-lecie-dzialalnosci\/Rys6_SONEL_produkcja_automat-768x576.jpg 768w\" sizes=\"(max-width: 900px) 100vw, 900px\" \/><\/a><span style=\"color: #008080;\"><em>Proces produkcji w firmie Sonel charakteryzuje si\u0119 wysokim stopniem automatyzacji<\/em><\/span><\/p>\n<p><strong>Bie\u017c\u0105ca dekada<\/strong><\/p>\n<p>W bie\u017c\u0105cej dekadzie sp\u00f3\u0142ka nie zwalnia tempa. W 2010 roku rozszerza portfolio produktowe o nowy segment \u2013 kamery termowizyjne, a w kolejnych latach wprowadza do oferty szereg nowo\u015bci, m.in. pierwsze polskie mierniki bezpiecze\u0144stwa urz\u0105dze\u0144 elektrycznych (2011), analizator jako\u015bci zasilania PQM-711 (2016), wielofunkcyjny miernik parametr\u00f3w instalacji elektrycznej MPI-540 (2018), czy analizator jako\u015bci izolacji MIC-15k1 (2019). W drugim dziesi\u0119cioleciu XXI wieku Sonel rozbudowuje tak\u017ce swoje struktury, zar\u00f3wno w kraju i zagranic\u0105, tworz\u0105c grup\u0119 kapita\u0142ow\u0105. Powo\u0142uje sp\u00f3\u0142ki zale\u017cne Sonel Instruments India Private Limited oraz Foxytech.<\/p>\n<p><strong>Laboratorium Badawczo \u2013 Wzorcuj\u0105ce<\/strong><\/p>\n<p>Wraz z rozwojem firmy nast\u0119powa\u0142 tak\u017ce systematyczny rozw\u00f3j laboratorium, kt\u00f3re od pocz\u0105tku zwi\u0105zane by\u0142o z g\u0142\u00f3wnym obszarem aktywno\u015bci sp\u00f3\u0142ki Sonel, jakim jest produkcja przyrz\u0105d\u00f3w pomiarowych dla energetyki.<br \/>\nW\u0142asne, nowocze\u015bnie wyposa\u017cone wraz z wykwalifikowanym personelem laboratorium, stanowi obecnie strategiczny element firmy, kt\u00f3ry pozwala wprowadza\u0107 na rynek nowatorskie, innowacyjne produkty charakteryzuj\u0105ce si\u0119 wysok\u0105 jako\u015bci\u0105.<br \/>\n\u2013<em> Laboratorium dysponuje najbardziej precyzyjnym wyposa\u017ceniem pomiarowym w sp\u00f3\u0142ce. Posiada mo\u017cliwo\u015bci wykonania potwierdze\u0144 metrologicznych wi\u0119kszo\u015bci przyrz\u0105d\u00f3w stosowanych w przedsi\u0119biorstwie, a tak\u017ce uczestniczy w procesie projektowania i wdra\u017caniach nowych wyrob\u00f3w. Laboratorium pe\u0142ni r\u00f3wnie\u017c wa\u017cn\u0105 funkcj\u0119 w procesie zapewnienia i monitorowania jako\u015bci produkt\u00f3w. To tu odbywaj\u0105 si\u0119 niezale\u017cne wzorcowania oraz cykliczne badania wyrob\u00f3w pobranych z partii produkcyjnych<\/em> \u2013 wyja\u015bnia Dorota Ko\u0142akowska, specjalista metrolog w firmie Sonel.<br \/>\nDzia\u0142aj\u0105ce w sp\u00f3\u0142ce Sonel Laboratorium Badawczo \u2013 Wzorcuj\u0105ce posiada od 2017 roku akredytacj\u0119 Polskiego Centrum Akredytacji AP 173, kt\u00f3ra obejmuje wzorcowanie miernik\u00f3w i wzorc\u00f3w napi\u0119\u0107, pr\u0105d\u00f3w i rezystancji, miernik\u00f3w rezystancji uziemie\u0144, jak r\u00f3wnie\u017c wzorcowanie pirometr\u00f3w i kamer termowizyjnych oraz miernik\u00f3w impedancji p\u0119tli zwarcia.<br \/>\n\u2013 <em>Nasze laboratorium stanowi obecnie jedno z najlepiej wyposa\u017conych, \u015bwiadcz\u0105cych kompleksowe us\u0142ugi wzorcowa\u0144 dla bran\u017cy energetycznej jednostek tego typu w kraju<\/em> \u2013 dodaje Dorota Ko\u0142akowska.<\/p>\n<p><a href=\"http:\/\/elektrosystemy.pl\/wp-content\/uploads\/wydarzenia\/2019\/12\/04\/sonel-obchodzi-25-lecie-dzialalnosci\/Rys4_SONEL_klatka_Farradaya.jpg\"><img loading=\"lazy\" class=\"aligncenter wp-image-31889 size-full\" src=\"http:\/\/elektrosystemy.pl\/wp-content\/uploads\/wydarzenia\/2019\/12\/04\/sonel-obchodzi-25-lecie-dzialalnosci\/Rys4_SONEL_klatka_Farradaya.jpg\" alt=\"Klatka Faradaya w Laboratorium Badawczo \u2013 Wzorcuj\u0105cym firmy Sonel\" width=\"900\" height=\"596\" srcset=\"https:\/\/elektrosystemy.pl\/wp-content\/uploads\/wydarzenia\/2019\/12\/04\/sonel-obchodzi-25-lecie-dzialalnosci\/Rys4_SONEL_klatka_Farradaya.jpg 900w, https:\/\/elektrosystemy.pl\/wp-content\/uploads\/wydarzenia\/2019\/12\/04\/sonel-obchodzi-25-lecie-dzialalnosci\/Rys4_SONEL_klatka_Farradaya-600x397.jpg 600w, https:\/\/elektrosystemy.pl\/wp-content\/uploads\/wydarzenia\/2019\/12\/04\/sonel-obchodzi-25-lecie-dzialalnosci\/Rys4_SONEL_klatka_Farradaya-300x199.jpg 300w, https:\/\/elektrosystemy.pl\/wp-content\/uploads\/wydarzenia\/2019\/12\/04\/sonel-obchodzi-25-lecie-dzialalnosci\/Rys4_SONEL_klatka_Farradaya-768x509.jpg 768w\" sizes=\"(max-width: 900px) 100vw, 900px\" \/><\/a><span style=\"color: #008080;\"><em>Klatka Faradaya w Laboratorium Badawczo \u2013 Wzorcuj\u0105cym firmy Sonel<\/em><\/span><\/p>\n<p><strong>Sonel dzi\u015b\u2026<\/strong><\/p>\n<p>Po 25 latach Sonel nale\u017cy do czo\u0142owych graczy w bran\u017cy mierniczej. Jest najwi\u0119kszym producentem urz\u0105dze\u0144 pomiarowych w Europie \u015arodkowo-Wschodniej i jednym z najwi\u0119kszych na \u015bwiecie. Specjalizuje si\u0119 jednak nie tylko w produkcji rozwi\u0105za\u0144 z zakresu miernictwa. Istotn\u0105 cz\u0119\u015b\u0107 dzia\u0142alno\u015bci stanowi\u0105 us\u0142ugi monta\u017cu kontraktowego THT i SMT, a tak\u017ce us\u0142ugi wzorcowania przyrz\u0105d\u00f3w zwi\u0105zanych z pomiarami wielko\u015bci elektrycznych i nieelektrycznych, kt\u00f3re wykonywane s\u0105 we wspomnianym wcze\u015bniej akredytowanym Laboratorium Badawczo-Wzorcuj\u0105cym. Sp\u00f3\u0142ka organizuje tak\u017ce cykliczne szkolenia zakresu teorii wykonywania pomiar\u00f3w, ich metodyki, obs\u0142ugi oraz analizy przeprowadzanych bada\u0144 z jednoczesnym wykonywaniem protoko\u0142\u00f3w.<br \/>\nW 2018 roku Grupa Sonel wypracowa\u0142a blisko 92 mln z\u0142 przychod\u00f3w, a w pierwszym p\u00f3\u0142roczu tego roku 51,5 mln z\u0142 (o 28,5% wi\u0119cej rdr.). Bior\u0105c pod uwag\u0119 wysok\u0105 dynamik\u0119 sprzeda\u017cy po sze\u015bciu miesi\u0105cach, wielce prawdopodobne jest, \u017ce w ca\u0142ym roku bie\u017c\u0105cym Sonel przekroczy symboliczn\u0105 barier\u0119 100 mln z\u0142 skonsolidowanej sprzeda\u017cy.<\/p>\n<p><a href=\"http:\/\/elektrosystemy.pl\/wp-content\/uploads\/wydarzenia\/2019\/12\/04\/sonel-obchodzi-25-lecie-dzialalnosci\/Rys7_SONEL_MIC-15k1L.jpg\"><img loading=\"lazy\" class=\"alignnone wp-image-31890\" src=\"http:\/\/elektrosystemy.pl\/wp-content\/uploads\/wydarzenia\/2019\/12\/04\/sonel-obchodzi-25-lecie-dzialalnosci\/Rys7_SONEL_MIC-15k1L.jpg\" alt=\"Analizator jako\u015bci izolacji MIC-15k1\" width=\"450\" height=\"597\" srcset=\"https:\/\/elektrosystemy.pl\/wp-content\/uploads\/wydarzenia\/2019\/12\/04\/sonel-obchodzi-25-lecie-dzialalnosci\/Rys7_SONEL_MIC-15k1L.jpg 900w, https:\/\/elektrosystemy.pl\/wp-content\/uploads\/wydarzenia\/2019\/12\/04\/sonel-obchodzi-25-lecie-dzialalnosci\/Rys7_SONEL_MIC-15k1L-600x796.jpg 600w, https:\/\/elektrosystemy.pl\/wp-content\/uploads\/wydarzenia\/2019\/12\/04\/sonel-obchodzi-25-lecie-dzialalnosci\/Rys7_SONEL_MIC-15k1L-226x300.jpg 226w, https:\/\/elektrosystemy.pl\/wp-content\/uploads\/wydarzenia\/2019\/12\/04\/sonel-obchodzi-25-lecie-dzialalnosci\/Rys7_SONEL_MIC-15k1L-768x1019.jpg 768w, https:\/\/elektrosystemy.pl\/wp-content\/uploads\/wydarzenia\/2019\/12\/04\/sonel-obchodzi-25-lecie-dzialalnosci\/Rys7_SONEL_MIC-15k1L-772x1024.jpg 772w\" sizes=\"(max-width: 450px) 100vw, 450px\" \/><\/a><\/p>\n<p><span style=\"color: #008080;\"><em>Jedna z nowo\u015bci wprowadzona na rynek w 2019 roku \u2013 analizator jako\u015bci izolacji MIC-15k1<\/em><\/span><\/p>\n<p><strong>\u2026i jutro<\/strong><\/p>\n<p>W kolejnych latach sp\u00f3\u0142ka zamierza kontynuowa\u0107 dotychczasow\u0105 dzia\u0142alno\u015b\u0107 systematycznie zwi\u0119kszaj\u0105c jej skal\u0119. W planach s\u0105 m.in. wdro\u017cenia nowych rozwi\u0105za\u0144 i produkt\u00f3w oraz zdobywanie kolejnych ryn\u00adk\u00f3w zbytu.<br \/>\n\u2013<em> Mamy ugruntowan\u0105 pozycj\u0119 zar\u00f3wno w kraju, jak i w eksporcie. Nie zamierzamy jednak spoczywa\u0107 na laurach i chcemy nadal si\u0119 rozwija\u0107. Zdobyte przez 25 lat do\u015bwiadczenie sprawia, \u017ce wiemy jak to robi\u0107<\/em> \u2013 podsumowuje Krzysztof Wieczorkowski.<\/p>\n","protected":false},"excerpt":{"rendered":"<p>Sonel obchodzi w tym roku jubileusz 25-lecia dzia\u0142alno\u015bci na rynku. Powsta\u0142a w 1994 roku w \u015awidnicy sp\u00f3\u0142ka jest obecnie najwi\u0119kszym producentem urz\u0105dze\u0144 pomiarowych w Europie \u015arodkowo-Wschodniej, a jej rozwi\u0105zania trafiaj\u0105 do ponad 50 kraj\u00f3w na ca\u0142ym \u015bwiecie. Ca\u0142kiem mo\u017cliwe, \u017ce jubileuszowy 2019 rok Sonel zako\u0144czy przychodami, kt\u00f3re przekrocz\u0105 symboliczny poziom 100 mln z\u0142. W 1994&hellip;<\/p>\n","protected":false},"author":3,"featured_media":31881,"comment_status":"closed","ping_status":"closed","sticky":false,"template":"","format":"standard","meta":[],"categories":[320],"tags":[429],"_links":{"self":[{"href":"https:\/\/elektrosystemy.pl\/index.php?rest_route=\/wp\/v2\/posts\/31879"}],"collection":[{"href":"https:\/\/elektrosystemy.pl\/index.php?rest_route=\/wp\/v2\/posts"}],"about":[{"href":"https:\/\/elektrosystemy.pl\/index.php?rest_route=\/wp\/v2\/types\/post"}],"author":[{"embeddable":true,"href":"https:\/\/elektrosystemy.pl\/index.php?rest_route=\/wp\/v2\/users\/3"}],"replies":[{"embeddable":true,"href":"https:\/\/elektrosystemy.pl\/index.php?rest_route=%2Fwp%2Fv2%2Fcomments&post=31879"}],"version-history":[{"count":6,"href":"https:\/\/elektrosystemy.pl\/index.php?rest_route=\/wp\/v2\/posts\/31879\/revisions"}],"predecessor-version":[{"id":31892,"href":"https:\/\/elektrosystemy.pl\/index.php?rest_route=\/wp\/v2\/posts\/31879\/revisions\/31892"}],"wp:featuredmedia":[{"embeddable":true,"href":"https:\/\/elektrosystemy.pl\/index.php?rest_route=\/wp\/v2\/media\/31881"}],"wp:attachment":[{"href":"https:\/\/elektrosystemy.pl\/index.php?rest_route=%2Fwp%2Fv2%2Fmedia&parent=31879"}],"wp:term":[{"taxonomy":"category","embeddable":true,"href":"https:\/\/elektrosystemy.pl\/index.php?rest_route=%2Fwp%2Fv2%2Fcategories&post=31879"},{"taxonomy":"post_tag","embeddable":true,"href":"https:\/\/elektrosystemy.pl\/index.php?rest_route=%2Fwp%2Fv2%2Ftags&post=31879"}],"curies":[{"name":"wp","href":"https:\/\/api.w.org\/{rel}","templated":true}]}}