{"id":32713,"date":"2020-03-25T09:48:28","date_gmt":"2020-03-25T08:48:28","guid":{"rendered":"http:\/\/elektrosystemy.pl\/?p=32713"},"modified":"2020-03-25T09:48:28","modified_gmt":"2020-03-25T08:48:28","slug":"sonel-nie-planuje-dywidendy-przez-koronawirusa","status":"publish","type":"post","link":"https:\/\/elektrosystemy.pl\/?p=32713","title":{"rendered":"Sonel nie planuje dywidendy przez koronawirusa"},"content":{"rendered":"<p>Zarz\u0105d Sonela rekomenduje Walnemu Zgromadzeniu Akcjonariuszy przekazanie ca\u0142ego zysku firmy za 2019 rok na kapita\u0142 rezerwowy.<\/p>\n<p><em>\u2013 Powy\u017csze spowodowane jest niepewno\u015bci\u0105, co do przysz\u0142o\u015bci w zwi\u0105zku z zagro\u017ceniem Covid-19. Niniejszy wniosek zostanie skierowany w dniu 15 kwietnia 2020 roku do Rady Nadzorczej sp\u00f3\u0142ki w celu zaopiniowania. Ostateczn\u0105 decyzj\u0119 dotycz\u0105c\u0105 podzia\u0142u zysku za rok obrotowy 2019 podejmie Walne Zgromadzenie Akcjonariuszy<\/em> <em>\u2013 <\/em>informuje Sonel w komunikacie.<\/p>\n<p>Zarz\u0105d Sonela w zwi\u0105zku z sytuacj\u0105 epidemiologiczn\u0105 wynikaj\u0105c\u0105 z epidemii COVID-19, informuje, \u017ce na bie\u017c\u0105co monitoruje mo\u017cliwy wp\u0142yw sytuacji na dzia\u0142alno\u015b\u0107 operacyjn\u0105, wyniki finansowe i perspektywy aktywno\u015bci i rozwoju sp\u00f3\u0142ki. W\u0142adze \u015bwidnickiego producenta informuj\u0105, \u017ce sp\u00f3\u0142ka prowadzi dzia\u0142alno\u015b\u0107 bez istotnych zmian. Aktualnie niewielka cz\u0119\u015b\u0107 za\u0142ogi korzysta z zasi\u0142k\u00f3w opieku\u0144czych na czas opieki nad dzie\u0107mi. Je\u017celi istnieje uzasadniona potrzeba i mo\u017cliwo\u015b\u0107, pracownicy korzystaj\u0105 z mo\u017cliwo\u015bci pracy zdalnej.<\/p>\n<p><em>\u2013 Zarz\u0105d liczy si\u0119 z negatywnymi skutkami epidemii. Jakkolwiek sp\u00f3\u0142ka jest w dobrej kondycji finansowej, to d\u0142u\u017cszy okres zahamowania aktywno\u015bci gospodarczej w Polsce i na \u015bwiecie mo\u017ce si\u0119 prze\u0142o\u017cy\u0107 na wyniki Sonel w 2020 roku <\/em>\u2013 czytamy w komunikacie Sonela.<\/p>\n","protected":false},"excerpt":{"rendered":"<p>Zarz\u0105d Sonela rekomenduje Walnemu Zgromadzeniu Akcjonariuszy przekazanie ca\u0142ego zysku firmy za 2019 rok na kapita\u0142 rezerwowy. \u2013 Powy\u017csze spowodowane jest niepewno\u015bci\u0105, co do przysz\u0142o\u015bci w zwi\u0105zku z zagro\u017ceniem Covid-19. Niniejszy wniosek zostanie skierowany w dniu 15 kwietnia 2020 roku do Rady Nadzorczej sp\u00f3\u0142ki w celu zaopiniowania. Ostateczn\u0105 decyzj\u0119 dotycz\u0105c\u0105 podzia\u0142u zysku za rok obrotowy 2019&hellip;<\/p>\n","protected":false},"author":3,"featured_media":31881,"comment_status":"closed","ping_status":"closed","sticky":false,"template":"","format":"standard","meta":[],"categories":[318,323],"tags":[429],"_links":{"self":[{"href":"https:\/\/elektrosystemy.pl\/index.php?rest_route=\/wp\/v2\/posts\/32713"}],"collection":[{"href":"https:\/\/elektrosystemy.pl\/index.php?rest_route=\/wp\/v2\/posts"}],"about":[{"href":"https:\/\/elektrosystemy.pl\/index.php?rest_route=\/wp\/v2\/types\/post"}],"author":[{"embeddable":true,"href":"https:\/\/elektrosystemy.pl\/index.php?rest_route=\/wp\/v2\/users\/3"}],"replies":[{"embeddable":true,"href":"https:\/\/elektrosystemy.pl\/index.php?rest_route=%2Fwp%2Fv2%2Fcomments&post=32713"}],"version-history":[{"count":1,"href":"https:\/\/elektrosystemy.pl\/index.php?rest_route=\/wp\/v2\/posts\/32713\/revisions"}],"predecessor-version":[{"id":32714,"href":"https:\/\/elektrosystemy.pl\/index.php?rest_route=\/wp\/v2\/posts\/32713\/revisions\/32714"}],"wp:featuredmedia":[{"embeddable":true,"href":"https:\/\/elektrosystemy.pl\/index.php?rest_route=\/wp\/v2\/media\/31881"}],"wp:attachment":[{"href":"https:\/\/elektrosystemy.pl\/index.php?rest_route=%2Fwp%2Fv2%2Fmedia&parent=32713"}],"wp:term":[{"taxonomy":"category","embeddable":true,"href":"https:\/\/elektrosystemy.pl\/index.php?rest_route=%2Fwp%2Fv2%2Fcategories&post=32713"},{"taxonomy":"post_tag","embeddable":true,"href":"https:\/\/elektrosystemy.pl\/index.php?rest_route=%2Fwp%2Fv2%2Ftags&post=32713"}],"curies":[{"name":"wp","href":"https:\/\/api.w.org\/{rel}","templated":true}]}}