{"id":32979,"date":"2020-04-27T14:55:10","date_gmt":"2020-04-27T12:55:10","guid":{"rendered":"http:\/\/elektrosystemy.pl\/?p=32979"},"modified":"2020-04-27T14:55:10","modified_gmt":"2020-04-27T12:55:10","slug":"wiadomo-kto-zostanie-prezesem-elektrotimu","status":"publish","type":"post","link":"https:\/\/elektrosystemy.pl\/?p=32979","title":{"rendered":"Wiadomo kto zostanie prezesem Elektrotimu"},"content":{"rendered":"<p><strong>Nowym prezesem Elektrotimu wybrany zosta\u0142 Ariusz Bober. Swoj\u0105 funkcj\u0119 zacznie pe\u0142ni\u0107 od 1 sierpnia. Na stanowisku zast\u0105pi Andrzeja Diakuna, kt\u00f3ry szefuje wroc\u0142awskiej sp\u00f3\u0142ce od ponad 20 lat.<\/strong><\/p>\n<p>W dniu 24 kwietnia rada nadzorcza Elektrotimu powo\u0142a\u0142a Ariusza Bobera na prezesa zarz\u0105du sp\u00f3\u0142ki do pe\u0142nienia funkcji od dnia 1 sierpnia 2020 roku. Ariusz Bober z wykszta\u0142cenia jest magistrem in\u017cynierem elektrykiem. W roku 1990 uko\u0144czy\u0142 studia na Wydziale Elektrycznym Politechniki Lubelskiej, kierunek: elektroenergetyka, specjalno\u015b\u0107: wytwarzanie i przesy\u0142 energii elektrycznej.<\/p>\n<p>Ponadto przysz\u0142y prezes Elektrotimu uko\u0144czy\u0142 w roku 2002 studia magisterskie na Wydziale Organizacji i Zarz\u0105dzania Uniwersytetu Warszawskiego, zorganizowane wsp\u00f3lnie przez Uniwersytet Warszawski i University of Illinois (Mi\u0119dzynarodowe Centrum Zarz\u0105dzania, angielskoj\u0119zyczny program MBA).<\/p>\n<p>Ariusz Bober posiada uprawnienia budowlane do projektowania i kierowania robotami budowlanymi, legitymuje si\u0119 certyfikatem PRINCE 2 i innymi uprawnieniami bran\u017cowymi. Uko\u0144czy\u0142 te\u017c wiele szkole\u0144 i kurs\u00f3w specjalistycznych.<\/p>\n<p>Nowy szef wroc\u0142awskiej sp\u00f3\u0142ki w przesz\u0142o\u015bci pracowa\u0142:<\/p>\n<ul>\n<li>w latach 1991 \u2013 1995 w ZWAR w Przasnyszu, kolejno jako: konstruktor, zast\u0119pca kierownika pracowni starszy specjalista,<\/li>\n<li>w latach 1996 \u2013 1999 w ABB ZWAR w Warszawie, kolejno jako: kierownik dzia\u0142u marketingu i rozwoju, dyrektor projektu, dyrektor oddzia\u0142u serwisu, dyrektor oddzia\u0142u stacji i system\u00f3w elektroenergetycznych,<\/li>\n<li>w roku 2000 w Kross w Przasnyszu jako prezes zarz\u0105du \u2013 dyrektor generalny,<\/li>\n<li>w latach 2001 \u2013 2015 w Elektrobudowie jako cz\u0142onek zarz\u0105du \u2013 dyrektor oddzia\u0142u sp\u00f3\u0142ki dystrybucji energii,<\/li>\n<li>w roku 2016 w Energa Operator jako dyrektor pionu zarz\u0105dzania maj\u0105tkiem sieciowym,<\/li>\n<li>w latach 2016 \u2013 2018 w Eltar Energy jako dyrektor generalny \u2013 prezes zarz\u0105du,<\/li>\n<li>w latach 2018 \u2013 2020 w Trakcja PRKiI jako dyrektor dywizji energetycznej.<\/li>\n<\/ul>\n<p>Ponadto Ariusz Bober pe\u0142ni\u0142 funkcj\u0119 cz\u0142onka rady nadzorczej w sp\u00f3\u0142kach prawa rosyjskiego Kruelta z siedzib\u0105 w Sankt-Petersburgu i Wektor w Wotki\u0144sku oraz pe\u0142ni\u0142 funkcj\u0119 w radzie dyrektor\u00f3w w sp\u00f3\u0142ce Saudi Elektrobudowa z siedzib\u0105 w Riadzie. Pe\u0142ni\u0142 r\u00f3wnie\u017c funkcj\u0119 cz\u0142onka rady nadzorczej w sp\u00f3\u0142ce \u2013 Polska Grupa Gospodarki Odpadami PGGO w \u0141odzi.<\/p>\n<p>Ariusz Bober zast\u0105pi na stanowisku prezesa Andrzeja Diakuna, kt\u00f3ry szefuje wroc\u0142awskiej sp\u00f3\u0142ce od 1999 roku, a wi\u0119c od momentu jej powstania. 30 pa\u017adziernika ubieg\u0142ego roku Andrzej Diakun z\u0142o\u017cy\u0142 radzie nadzorczej rezygnacj\u0119 z pe\u0142nienia funkcji prezesa zarz\u0105du sp\u00f3\u0142ki \u2013 ze skutkiem na dzie\u0144 odbycia ZWZ zatwierdzaj\u0105cego sprawozdanie finansowe sp\u00f3\u0142ki za rok 2019. W pi\u015bmie, jako przyczyn\u0119 rezygnacji, podano powody osobiste.<\/p>\n","protected":false},"excerpt":{"rendered":"<p>Nowym prezesem Elektrotimu wybrany zosta\u0142 Ariusz Bober. Swoj\u0105 funkcj\u0119 zacznie pe\u0142ni\u0107 od 1 sierpnia. Na stanowisku zast\u0105pi Andrzeja Diakuna, kt\u00f3ry szefuje wroc\u0142awskiej sp\u00f3\u0142ce od ponad 20 lat. W dniu 24 kwietnia rada nadzorcza Elektrotimu powo\u0142a\u0142a Ariusza Bobera na prezesa zarz\u0105du sp\u00f3\u0142ki do pe\u0142nienia funkcji od dnia 1 sierpnia 2020 roku. Ariusz Bober z wykszta\u0142cenia jest&hellip;<\/p>\n","protected":false},"author":3,"featured_media":16118,"comment_status":"closed","ping_status":"closed","sticky":false,"template":"","format":"standard","meta":[],"categories":[318,323],"tags":[544],"_links":{"self":[{"href":"https:\/\/elektrosystemy.pl\/index.php?rest_route=\/wp\/v2\/posts\/32979"}],"collection":[{"href":"https:\/\/elektrosystemy.pl\/index.php?rest_route=\/wp\/v2\/posts"}],"about":[{"href":"https:\/\/elektrosystemy.pl\/index.php?rest_route=\/wp\/v2\/types\/post"}],"author":[{"embeddable":true,"href":"https:\/\/elektrosystemy.pl\/index.php?rest_route=\/wp\/v2\/users\/3"}],"replies":[{"embeddable":true,"href":"https:\/\/elektrosystemy.pl\/index.php?rest_route=%2Fwp%2Fv2%2Fcomments&post=32979"}],"version-history":[{"count":1,"href":"https:\/\/elektrosystemy.pl\/index.php?rest_route=\/wp\/v2\/posts\/32979\/revisions"}],"predecessor-version":[{"id":32980,"href":"https:\/\/elektrosystemy.pl\/index.php?rest_route=\/wp\/v2\/posts\/32979\/revisions\/32980"}],"wp:featuredmedia":[{"embeddable":true,"href":"https:\/\/elektrosystemy.pl\/index.php?rest_route=\/wp\/v2\/media\/16118"}],"wp:attachment":[{"href":"https:\/\/elektrosystemy.pl\/index.php?rest_route=%2Fwp%2Fv2%2Fmedia&parent=32979"}],"wp:term":[{"taxonomy":"category","embeddable":true,"href":"https:\/\/elektrosystemy.pl\/index.php?rest_route=%2Fwp%2Fv2%2Fcategories&post=32979"},{"taxonomy":"post_tag","embeddable":true,"href":"https:\/\/elektrosystemy.pl\/index.php?rest_route=%2Fwp%2Fv2%2Ftags&post=32979"}],"curies":[{"name":"wp","href":"https:\/\/api.w.org\/{rel}","templated":true}]}}