{"id":33036,"date":"2020-05-04T05:10:30","date_gmt":"2020-05-04T03:10:30","guid":{"rendered":"http:\/\/elektrosystemy.pl\/?p=33036"},"modified":"2020-04-30T20:11:29","modified_gmt":"2020-04-30T18:11:29","slug":"orlen-przejmie-okolo-80-akcji-energi","status":"publish","type":"post","link":"https:\/\/elektrosystemy.pl\/?p=33036","title":{"rendered":"Orlen przejmie oko\u0142o 80% akcji Energi"},"content":{"rendered":"<p><strong>PKN Orlen w ci\u0105gu czterech miesi\u0119cy spe\u0142ni\u0142 wszystkie warunki zawieszaj\u0105ce niezb\u0119dne do przeprowadzenia transakcji przej\u0119cia Grupy Energa, w tym osi\u0105gni\u0119cie progu 66% akcji obj\u0119tych wezwaniem. <\/strong><\/p>\n<p>27 kwietnia Orlen rozpocz\u0105\u0142 proces nabycia akcji energetycznej sp\u00f3\u0142ki. Jak wynika z informacji od PKO PB \u2013 Biura Maklerskiego w Warszawie, czyli podmiotu po\u015brednicz\u0105cego w wezwaniu, przedmiotem transakcji zawieranych w ramach wezwania by\u0142y akcje Energa stanowi\u0105ce oko\u0142o 80% kapita\u0142u zak\u0142adowego sp\u00f3\u0142ki oraz oko\u0142o 85% og\u00f3lnej liczby g\u0142os\u00f3w na walnym zgromadzeniu. Liczba akcji, kt\u00f3r\u0105 ostatecznie nab\u0119dzie PKN Orlen w zwi\u0105zku z procesem przej\u0119cia Grupy Energa, b\u0119dzie znana 30 kwietnia.<\/p>\n<p>Paliwowy koncern og\u0142osi\u0142 wezwanie na 100% akcji Grupy Energa 5 grudnia 2019 roku. Pierwotnie mia\u0142o ono potrwa\u0107 do 9 kwietnia. W zwi\u0105zku z sytuacj\u0105 spowodowan\u0105 epidemi\u0105 koronawirusa, 26 marca termin przyjmowania zapis\u00f3w na akcje pomorskiej grupy zosta\u0142 wyd\u0142u\u017cony do 22 kwietnia. Bezwarunkow\u0105 zgod\u0119 Komisji Europejskiej na przeprowadzenie transakcji koncern otrzyma\u0142 31 marca. Cena za jedn\u0105 akcj\u0119 gda\u0144skiej grupy w wezwaniu zosta\u0142a 15 kwietnia podwy\u017cszona z 7 do 8,35 z\u0142. Z kolei 18 kwietnia podpisane zosta\u0142o porozumienie ze Skarbem Pa\u0144stwa dotycz\u0105ce kontynuacji strategicznych inwestycji Grupy Energa i utrzymania polityki zatrudnienia zapewniaj\u0105cej prawid\u0142owe funkcjonowanie jej sp\u00f3\u0142ek. Ostatni warunek zawieszaj\u0105cy, czyli osi\u0105gni\u0119cie progu 66% akcji obj\u0119tych wezwaniem, zosta\u0142 spe\u0142niony 20 kwietnia.<\/p>\n<p>Wed\u0142ug Orlenu, sfinalizowanie transakcji pozwoli efektywniej wykorzysta\u0107 potencja\u0142 obu firm. Grupa Energa posiada \u0142\u0105cznie ponad 50 aktyw\u00f3w produkuj\u0105cych energi\u0119 z odnawialnych \u017ar\u00f3de\u0142, w tym przede wszystkim elektrownie wodne, l\u0105dowe farmy wiatrowe i farmy fotowoltaiczne. Ponad 30% produkowanego przez Grup\u0119 Energa wolumenu energii elektrycznej pochodzi z OZE. Dla Orlenu to ciekawy portfel OZE, kt\u00f3ry bilansuje posiadane przez sp\u00f3\u0142k\u0119 aktywa konwencjonalne, np. bloki parowo-gazowe w P\u0142ocku i W\u0142oc\u0142awku.<\/p>\n<p>Transakcja umo\u017cliwi r\u00f3wnie\u017c wykorzystanie obecnych nadwy\u017cek produkcyjnych PKN Orlen przez Grup\u0119 Energa. Pozwoli to na ograniczenie koszt\u00f3w operacyjnych zwi\u0105zanych z obrotem energi\u0105 na Towarowej Gie\u0142dzie Energii. Z kolei po\u0142\u0105czenie bazy klient\u00f3w obydwu grup wygeneruje potencja\u0142 do sprzeda\u017cy dodatkowych produkt\u00f3w i us\u0142ug, szczeg\u00f3lnie w segmencie mniejszych odbiorc\u00f3w.<\/p>\n","protected":false},"excerpt":{"rendered":"<p>PKN Orlen w ci\u0105gu czterech miesi\u0119cy spe\u0142ni\u0142 wszystkie warunki zawieszaj\u0105ce niezb\u0119dne do przeprowadzenia transakcji przej\u0119cia Grupy Energa, w tym osi\u0105gni\u0119cie progu 66% akcji obj\u0119tych wezwaniem. 27 kwietnia Orlen rozpocz\u0105\u0142 proces nabycia akcji energetycznej sp\u00f3\u0142ki. Jak wynika z informacji od PKO PB \u2013 Biura Maklerskiego w Warszawie, czyli podmiotu po\u015brednicz\u0105cego w wezwaniu, przedmiotem transakcji zawieranych w&hellip;<\/p>\n","protected":false},"author":3,"featured_media":33038,"comment_status":"closed","ping_status":"closed","sticky":false,"template":"","format":"standard","meta":[],"categories":[850,323],"tags":[349,966],"_links":{"self":[{"href":"https:\/\/elektrosystemy.pl\/index.php?rest_route=\/wp\/v2\/posts\/33036"}],"collection":[{"href":"https:\/\/elektrosystemy.pl\/index.php?rest_route=\/wp\/v2\/posts"}],"about":[{"href":"https:\/\/elektrosystemy.pl\/index.php?rest_route=\/wp\/v2\/types\/post"}],"author":[{"embeddable":true,"href":"https:\/\/elektrosystemy.pl\/index.php?rest_route=\/wp\/v2\/users\/3"}],"replies":[{"embeddable":true,"href":"https:\/\/elektrosystemy.pl\/index.php?rest_route=%2Fwp%2Fv2%2Fcomments&post=33036"}],"version-history":[{"count":1,"href":"https:\/\/elektrosystemy.pl\/index.php?rest_route=\/wp\/v2\/posts\/33036\/revisions"}],"predecessor-version":[{"id":33037,"href":"https:\/\/elektrosystemy.pl\/index.php?rest_route=\/wp\/v2\/posts\/33036\/revisions\/33037"}],"wp:featuredmedia":[{"embeddable":true,"href":"https:\/\/elektrosystemy.pl\/index.php?rest_route=\/wp\/v2\/media\/33038"}],"wp:attachment":[{"href":"https:\/\/elektrosystemy.pl\/index.php?rest_route=%2Fwp%2Fv2%2Fmedia&parent=33036"}],"wp:term":[{"taxonomy":"category","embeddable":true,"href":"https:\/\/elektrosystemy.pl\/index.php?rest_route=%2Fwp%2Fv2%2Fcategories&post=33036"},{"taxonomy":"post_tag","embeddable":true,"href":"https:\/\/elektrosystemy.pl\/index.php?rest_route=%2Fwp%2Fv2%2Ftags&post=33036"}],"curies":[{"name":"wp","href":"https:\/\/api.w.org\/{rel}","templated":true}]}}