{"id":33089,"date":"2020-05-08T11:21:15","date_gmt":"2020-05-08T09:21:15","guid":{"rendered":"http:\/\/elektrosystemy.pl\/?p=33089"},"modified":"2020-05-08T11:21:15","modified_gmt":"2020-05-08T09:21:15","slug":"syndyk-wydzierzawil-elektrobudowe","status":"publish","type":"post","link":"https:\/\/elektrosystemy.pl\/?p=33089","title":{"rendered":"Syndyk wydzier\u017cawi\u0142 Elektrobudow\u0119"},"content":{"rendered":"<p>7 maja syndyk masy upad\u0142o\u015bci Elektrobudowy podpisa\u0142 ze sp\u00f3\u0142k\u0105 Zarmen umow\u0119 dzier\u017cawy zorganizowanych cz\u0119\u015bci przedsi\u0119biorstwa. Zgodnie z porozumieniem Zarmen wydzier\u017cawi od Elektrobudowy:<\/p>\n<ul>\n<li>zorganizowan\u0105 cz\u0119\u015b\u0107 przedsi\u0119biorstwa \u201eProdukcja\u201d, w sk\u0142ad kt\u00f3rej wchodzi zesp\u00f3\u0142 sk\u0142adnik\u00f3w materialnych i niematerialnych przeznaczonych do prowadzenia dzia\u0142alno\u015bci gospodarczej polegaj\u0105cej na produkcji rozdzielnic i szynoprzewod\u00f3w w zak\u0142adach w Tychach i Koninie, na okres od dnia 7 maja 2020 r. do dnia 31 grudnia 2025 r.,<\/li>\n<li>zorganizowan\u0105 cz\u0119\u015b\u0107 przedsi\u0119biorstwa \u201eRealizacja\u201d, w sk\u0142ad kt\u00f3rej wchodzi zesp\u00f3\u0142 sk\u0142adnik\u00f3w materialnych i niematerialnych przeznaczonych do prowadzenia dzia\u0142alno\u015bci gospodarczej polegaj\u0105cej na \u015bwiadczeniu us\u0142ug (realizacji kontrakt\u00f3w) w bran\u017cy energetycznej i przemys\u0142owej, zlokalizowanej w Katowicach oraz w poszczeg\u00f3lnych lokalizacjach, gdzie taka dzia\u0142alno\u015b\u0107 jest prowadzona, na okres od dnia 1 czerwca 2020 r. do dnia 31 grudnia 2025 r.<\/li>\n<\/ul>\n<p>R\u00f3wnie\u017c 7 maja rezygnacj\u0119 z cz\u0142onkostwa w zarz\u0105dzie Elektrobudowy z\u0142o\u017cyli wszyscy jego przedstawiciele: Jacek Podg\u00f3rski \u2013 prezes zarz\u0105du, Adam \u015awigulski \u2013 wiceprezes zarz\u0105du oraz Krzysztof Czajka \u2013 cz\u0142onek zarz\u0105du. Jako przyczyny z\u0142o\u017conych rezygnacji wy\u017cej wymienione osoby wskaza\u0142y przede wszystkim na ograniczone kompetencje w kierowaniu sp\u00f3\u0142k\u0105 wynikaj\u0105ce z decyzji o og\u0142oszeniu upad\u0142o\u015bci wobec sp\u00f3\u0142ki.<\/p>\n","protected":false},"excerpt":{"rendered":"<p>7 maja syndyk masy upad\u0142o\u015bci Elektrobudowy podpisa\u0142 ze sp\u00f3\u0142k\u0105 Zarmen umow\u0119 dzier\u017cawy zorganizowanych cz\u0119\u015bci przedsi\u0119biorstwa. Zgodnie z porozumieniem Zarmen wydzier\u017cawi od Elektrobudowy: zorganizowan\u0105 cz\u0119\u015b\u0107 przedsi\u0119biorstwa \u201eProdukcja\u201d, w sk\u0142ad kt\u00f3rej wchodzi zesp\u00f3\u0142 sk\u0142adnik\u00f3w materialnych i niematerialnych przeznaczonych do prowadzenia dzia\u0142alno\u015bci gospodarczej polegaj\u0105cej na produkcji rozdzielnic i szynoprzewod\u00f3w w zak\u0142adach w Tychach i Koninie, na okres od&hellip;<\/p>\n","protected":false},"author":3,"featured_media":30569,"comment_status":"closed","ping_status":"closed","sticky":false,"template":"","format":"standard","meta":[],"categories":[318,323],"tags":[515,1846],"_links":{"self":[{"href":"https:\/\/elektrosystemy.pl\/index.php?rest_route=\/wp\/v2\/posts\/33089"}],"collection":[{"href":"https:\/\/elektrosystemy.pl\/index.php?rest_route=\/wp\/v2\/posts"}],"about":[{"href":"https:\/\/elektrosystemy.pl\/index.php?rest_route=\/wp\/v2\/types\/post"}],"author":[{"embeddable":true,"href":"https:\/\/elektrosystemy.pl\/index.php?rest_route=\/wp\/v2\/users\/3"}],"replies":[{"embeddable":true,"href":"https:\/\/elektrosystemy.pl\/index.php?rest_route=%2Fwp%2Fv2%2Fcomments&post=33089"}],"version-history":[{"count":1,"href":"https:\/\/elektrosystemy.pl\/index.php?rest_route=\/wp\/v2\/posts\/33089\/revisions"}],"predecessor-version":[{"id":33090,"href":"https:\/\/elektrosystemy.pl\/index.php?rest_route=\/wp\/v2\/posts\/33089\/revisions\/33090"}],"wp:featuredmedia":[{"embeddable":true,"href":"https:\/\/elektrosystemy.pl\/index.php?rest_route=\/wp\/v2\/media\/30569"}],"wp:attachment":[{"href":"https:\/\/elektrosystemy.pl\/index.php?rest_route=%2Fwp%2Fv2%2Fmedia&parent=33089"}],"wp:term":[{"taxonomy":"category","embeddable":true,"href":"https:\/\/elektrosystemy.pl\/index.php?rest_route=%2Fwp%2Fv2%2Fcategories&post=33089"},{"taxonomy":"post_tag","embeddable":true,"href":"https:\/\/elektrosystemy.pl\/index.php?rest_route=%2Fwp%2Fv2%2Ftags&post=33089"}],"curies":[{"name":"wp","href":"https:\/\/api.w.org\/{rel}","templated":true}]}}