{"id":33152,"date":"2020-05-20T05:11:18","date_gmt":"2020-05-20T03:11:18","guid":{"rendered":"https:\/\/elektrosystemy.pl\/?p=33152"},"modified":"2020-05-19T16:22:37","modified_gmt":"2020-05-19T14:22:37","slug":"spolka-corka-orlenu-pozyska-prad-ze-slonca","status":"publish","type":"post","link":"https:\/\/elektrosystemy.pl\/?p=33152","title":{"rendered":"Sp\u00f3\u0142ka c\u00f3rka Orlenu pozyska pr\u0105d ze s\u0142o\u0144ca"},"content":{"rendered":"<p>Na budynku sp\u00f3\u0142ki Orlen Projekt w P\u0142ocku zamontowana zosta\u0142a mikroinstalacja fotowoltaiczna o mocy blisko 50 kWp. To najwi\u0119ksza mikroinstalacja PV w Grupie Orlen. Umo\u017cliwi ona sp\u00f3\u0142ce zmniejszenie do 25% w skali roku op\u0142at za zu\u017cycie energii elektrycznej oraz ograniczy emisji CO<sub>2<\/sub> do atmosfery.<\/p>\n<p>Instalacja zosta\u0142a zamontowana na budynku s\u0105siaduj\u0105cym z g\u0142\u00f3wnym budynkiem sp\u00f3\u0142ki Orlen Projekt. Sk\u0142ada si\u0119 z 175 paneli polikrystalicznych o mocy 285 W ka\u017cdy, wyposa\u017conych w optymalizery mocy, kt\u00f3re pozwalaj\u0105 zwi\u0119kszy\u0107 do 25% wytworzonej energii elektrycznej w przypadku niekorzystnych warunk\u00f3w atmosferycznych lub zacienienia. Przewidywana roczna produkcja energii z tej mikroinstalacji wynosi oko\u0142o 51 MWh. Odpowiada to zapotrzebowaniu na energi\u0119 elektryczn\u0105 dla 12 gospodarstw domowych.<\/p>\n<p>Wcze\u015bniej p\u0142ocki koncern w ramach programu pilota\u017cowego zamontowa\u0142 panele fotowoltaiczne o \u0142\u0105cznej mocy oko\u0142o 180 kWp. Instalacje z ogniw krzemowych mono i polikrystalicznych powsta\u0142y na dachach i wiatach 11 wybranych stacji paliw w Polsce.<\/p>\n","protected":false},"excerpt":{"rendered":"<p>Na budynku sp\u00f3\u0142ki Orlen Projekt w P\u0142ocku zamontowana zosta\u0142a mikroinstalacja fotowoltaiczna o mocy blisko 50 kWp. To najwi\u0119ksza mikroinstalacja PV w Grupie Orlen. Umo\u017cliwi ona sp\u00f3\u0142ce zmniejszenie do 25% w skali roku op\u0142at za zu\u017cycie energii elektrycznej oraz ograniczy emisji CO2 do atmosfery. Instalacja zosta\u0142a zamontowana na budynku s\u0105siaduj\u0105cym z g\u0142\u00f3wnym budynkiem sp\u00f3\u0142ki Orlen Projekt.&hellip;<\/p>\n","protected":false},"author":3,"featured_media":31703,"comment_status":"closed","ping_status":"closed","sticky":false,"template":"","format":"standard","meta":[],"categories":[850,827],"tags":[966],"_links":{"self":[{"href":"https:\/\/elektrosystemy.pl\/index.php?rest_route=\/wp\/v2\/posts\/33152"}],"collection":[{"href":"https:\/\/elektrosystemy.pl\/index.php?rest_route=\/wp\/v2\/posts"}],"about":[{"href":"https:\/\/elektrosystemy.pl\/index.php?rest_route=\/wp\/v2\/types\/post"}],"author":[{"embeddable":true,"href":"https:\/\/elektrosystemy.pl\/index.php?rest_route=\/wp\/v2\/users\/3"}],"replies":[{"embeddable":true,"href":"https:\/\/elektrosystemy.pl\/index.php?rest_route=%2Fwp%2Fv2%2Fcomments&post=33152"}],"version-history":[{"count":1,"href":"https:\/\/elektrosystemy.pl\/index.php?rest_route=\/wp\/v2\/posts\/33152\/revisions"}],"predecessor-version":[{"id":33153,"href":"https:\/\/elektrosystemy.pl\/index.php?rest_route=\/wp\/v2\/posts\/33152\/revisions\/33153"}],"wp:featuredmedia":[{"embeddable":true,"href":"https:\/\/elektrosystemy.pl\/index.php?rest_route=\/wp\/v2\/media\/31703"}],"wp:attachment":[{"href":"https:\/\/elektrosystemy.pl\/index.php?rest_route=%2Fwp%2Fv2%2Fmedia&parent=33152"}],"wp:term":[{"taxonomy":"category","embeddable":true,"href":"https:\/\/elektrosystemy.pl\/index.php?rest_route=%2Fwp%2Fv2%2Fcategories&post=33152"},{"taxonomy":"post_tag","embeddable":true,"href":"https:\/\/elektrosystemy.pl\/index.php?rest_route=%2Fwp%2Fv2%2Ftags&post=33152"}],"curies":[{"name":"wp","href":"https:\/\/api.w.org\/{rel}","templated":true}]}}