{"id":33234,"date":"2020-06-03T13:54:22","date_gmt":"2020-06-03T11:54:22","guid":{"rendered":"https:\/\/elektrosystemy.pl\/?p=33234"},"modified":"2020-06-05T11:11:08","modified_gmt":"2020-06-05T09:11:08","slug":"gp-kaczmarek-electric-mtb-w-nowej-formule","status":"publish","type":"post","link":"https:\/\/elektrosystemy.pl\/?p=33234","title":{"rendered":"GP Kaczmarek Electric MTB w nowej formule"},"content":{"rendered":"<p><strong>Pierwszy start w ramach XI Grand Prix Karczmarek Electric MTB mia\u0142 si\u0119 odby\u0107 29 marca, ale w zwi\u0105zku z epidemi\u0105 koronawirusa przeprowadzenie zaplanowanych wy\u015bcig\u00f3w w dotychczasowej formule nie by\u0142o mo\u017cliwe. Organizatorzy Grand Prix nie poddali si\u0119 jednak. Po przeanalizowaniu wszystkich mo\u017cliwo\u015bci oraz wzi\u0119ciu pod uwag\u0119 bezpiecze\u0144stwa i zdrowia uczestnik\u00f3w, postanowiono zorganizowa\u0107 pocz\u0105tek kolarskiego sezonu 2020 w zupe\u0142nie nowej ods\u0142onie, kt\u00f3ra \u0142\u0105czy w sobie \u015bciganie wirtualne z tym w rzeczywistym \u015bwiecie.<\/strong><\/p>\n<p>Jako pierwszy zorganizowano rajd \u201eKaczmarek Electric MTB \u2013 Koronawirus Etap Sulech\u00f3w\u201d. Zawodnicy \u015bcigaj\u0105 si\u0119 solo, w wybranym przez siebie terminie, mieszcz\u0105cym si\u0119 w 14 dniowych wide\u0142kach czasowych. Wszyscy zawodnicy maj\u0105 do pokonania ten sam, specjalnie oznaczony le\u015bny odcinek (oko\u0142o 6 km) trasy MTB.<\/p>\n<p>Warunkiem wzi\u0119cia udzia\u0142u w klasyfikacji jest przejechanie wyznaczonej trasy z uruchomion\u0105 na telefonie aplikacj\u0105 rejestruj\u0105c\u0105 przejazd. Wynik mo\u017cna por\u00f3wna\u0107 z innymi za pomoc\u0105 aplikacji. Dany odcinek mo\u017cna opanowywa\u0107 do perfekcji, startuj\u0105c dowoln\u0105 ilo\u015b\u0107 razy. Co jest na pewno szans\u0105 dla tych najbardziej ambitnych, kt\u00f3rzy chc\u0105 si\u0119gn\u0105\u0107 po z\u0142oto. Rywalizacja opiera si\u0119 na zasadzie wzajemnej uczciwo\u015bci, ale przede wszystkim na ch\u0119ci do dobrej zabawy i aktywnego sp\u0119dzania czasu.<\/p>\n<p><em>\u2013 Nikt nie spodziewa\u0142 si\u0119 takiej wiosny. Mogli\u015bmy podda\u0107 si\u0119 i przeczeka\u0107, albo zmierzy\u0107 si\u0119 z sytuacj\u0105 i skroi\u0107 zawody na jej miar\u0119. Wybrali\u015bmy drug\u0105 opcj\u0119. W imi\u0119 bezpiecze\u0144stwa musieli\u015bmy zrezygnowa\u0107 ze wsp\u00f3lnych start\u00f3w, ale jak si\u0119 okazuje, zawody mo\u017cna odbywa\u0107 te\u017c indywidualnie. Mamy nadziej\u0119, \u017ce obrana przez nas droga zapewni dobr\u0105 zabaw\u0119 bior\u0105cym udzia\u0142 w rozgrywkach. Zach\u0119camy do zmierzenia si\u0119 z kolejnymi etapami XI cyklu KE MTB. Dop\u00f3ki nie b\u0119dzie mo\u017cliwe przeprowadzenie zawod\u00f3w kolarskich w tradycyjnej formule, b\u0119dziemy organizowa\u0107 wirtualne etapy naszych wy\u015bcig\u00f3w. II etap planujemy przeprowadzi\u0107 w pierwszej po\u0142owie czerwca w \u017barach, nast\u0119pnie przeniesiemy si\u0119 do Boles\u0142awca i Chodzie\u017cy<\/em> \u2013 informuje Cezary Kaczmarek, prezes sp\u00f3\u0142ki Kaczmarek Electric, organizatora wy\u015bcig\u00f3w.<\/p>\n<p>Wi\u0119cej informacji na temat zawod\u00f3w znajduje si\u0119 na stronie <a href=\"https:\/\/mtb.ke.pl\/wirtualna-rywalizacja-covid-19\/\">https:\/\/mtb.ke.pl\/wirtualna-rywalizacja-covid-19\/<\/a>.<\/p>\n","protected":false},"excerpt":{"rendered":"<p>Pierwszy start w ramach XI Grand Prix Karczmarek Electric MTB mia\u0142 si\u0119 odby\u0107 29 marca, ale w zwi\u0105zku z epidemi\u0105 koronawirusa przeprowadzenie zaplanowanych wy\u015bcig\u00f3w w dotychczasowej formule nie by\u0142o mo\u017cliwe. Organizatorzy Grand Prix nie poddali si\u0119 jednak. Po przeanalizowaniu wszystkich mo\u017cliwo\u015bci oraz wzi\u0119ciu pod uwag\u0119 bezpiecze\u0144stwa i zdrowia uczestnik\u00f3w, postanowiono zorganizowa\u0107 pocz\u0105tek kolarskiego sezonu 2020&hellip;<\/p>\n","protected":false},"author":3,"featured_media":33235,"comment_status":"closed","ping_status":"closed","sticky":false,"template":"","format":"standard","meta":[],"categories":[318,619,320],"tags":[1517,357],"_links":{"self":[{"href":"https:\/\/elektrosystemy.pl\/index.php?rest_route=\/wp\/v2\/posts\/33234"}],"collection":[{"href":"https:\/\/elektrosystemy.pl\/index.php?rest_route=\/wp\/v2\/posts"}],"about":[{"href":"https:\/\/elektrosystemy.pl\/index.php?rest_route=\/wp\/v2\/types\/post"}],"author":[{"embeddable":true,"href":"https:\/\/elektrosystemy.pl\/index.php?rest_route=\/wp\/v2\/users\/3"}],"replies":[{"embeddable":true,"href":"https:\/\/elektrosystemy.pl\/index.php?rest_route=%2Fwp%2Fv2%2Fcomments&post=33234"}],"version-history":[{"count":1,"href":"https:\/\/elektrosystemy.pl\/index.php?rest_route=\/wp\/v2\/posts\/33234\/revisions"}],"predecessor-version":[{"id":33236,"href":"https:\/\/elektrosystemy.pl\/index.php?rest_route=\/wp\/v2\/posts\/33234\/revisions\/33236"}],"wp:featuredmedia":[{"embeddable":true,"href":"https:\/\/elektrosystemy.pl\/index.php?rest_route=\/wp\/v2\/media\/33235"}],"wp:attachment":[{"href":"https:\/\/elektrosystemy.pl\/index.php?rest_route=%2Fwp%2Fv2%2Fmedia&parent=33234"}],"wp:term":[{"taxonomy":"category","embeddable":true,"href":"https:\/\/elektrosystemy.pl\/index.php?rest_route=%2Fwp%2Fv2%2Fcategories&post=33234"},{"taxonomy":"post_tag","embeddable":true,"href":"https:\/\/elektrosystemy.pl\/index.php?rest_route=%2Fwp%2Fv2%2Ftags&post=33234"}],"curies":[{"name":"wp","href":"https:\/\/api.w.org\/{rel}","templated":true}]}}