{"id":33245,"date":"2020-06-05T16:09:26","date_gmt":"2020-06-05T14:09:26","guid":{"rendered":"https:\/\/elektrosystemy.pl\/?p=33245"},"modified":"2020-06-06T19:25:46","modified_gmt":"2020-06-06T17:25:46","slug":"miroslaw-nowakowski-tymczasowym-prezesem-elektrotimu","status":"publish","type":"post","link":"https:\/\/elektrosystemy.pl\/?p=33245","title":{"rendered":"Elektrotim: Miros\u0142aw Nowakowski tymczasowym prezesem"},"content":{"rendered":"<p>Rada Nadzorcza Elektrotimu podj\u0119\u0142a uchwa\u0142\u0119 w sprawie oddelegowania cz\u0142onka Rady Nadzorczej sp\u00f3\u0142ki, Miros\u0142awa Nowakowskiego do czasowego wykonywania czynno\u015bci prezesa zarz\u0105du sp\u00f3\u0142ki. Miros\u0142aw Nowakowski b\u0119dzie zarz\u0105dza\u0142 Elektrotimem przez ca\u0142y lipiec.<\/p>\n<p>Wed\u0142ug uzasadnienia uchwa\u0142y, oddelegowanie Miros\u0142awa Nowakowskiego do wykonywania czynno\u015bci prezesa zarz\u0105du wynika z rezygnacji z pe\u0142nienia tej funkcji przez obecnego prezesa Andrzeja Diakuna ze skutkiem na dzie\u0144 odbycia Zwyczajnego Walnego Zgromadzenia Elektrotim (30 czerwca) zatwierdzaj\u0105cego sprawozdanie finansowe za rok 2019 i powo\u0142ania do pe\u0142nienia funkcji nowego prezesa Ariusza Bobera od dnia 1 sierpnia, co skutkowa\u0142o brakiem osoby zarz\u0105dzaj\u0105cej sp\u00f3\u0142k\u0105 od 1 do 31 lipca.<\/p>\n","protected":false},"excerpt":{"rendered":"<p>Rada Nadzorcza Elektrotimu podj\u0119\u0142a uchwa\u0142\u0119 w sprawie oddelegowania cz\u0142onka Rady Nadzorczej sp\u00f3\u0142ki, Miros\u0142awa Nowakowskiego do czasowego wykonywania czynno\u015bci prezesa zarz\u0105du sp\u00f3\u0142ki. Miros\u0142aw Nowakowski b\u0119dzie zarz\u0105dza\u0142 Elektrotimem przez ca\u0142y lipiec. Wed\u0142ug uzasadnienia uchwa\u0142y, oddelegowanie Miros\u0142awa Nowakowskiego do wykonywania czynno\u015bci prezesa zarz\u0105du wynika z rezygnacji z pe\u0142nienia tej funkcji przez obecnego prezesa Andrzeja Diakuna ze skutkiem na&hellip;<\/p>\n","protected":false},"author":3,"featured_media":16118,"comment_status":"closed","ping_status":"closed","sticky":false,"template":"","format":"standard","meta":[],"categories":[318,323],"tags":[544],"_links":{"self":[{"href":"https:\/\/elektrosystemy.pl\/index.php?rest_route=\/wp\/v2\/posts\/33245"}],"collection":[{"href":"https:\/\/elektrosystemy.pl\/index.php?rest_route=\/wp\/v2\/posts"}],"about":[{"href":"https:\/\/elektrosystemy.pl\/index.php?rest_route=\/wp\/v2\/types\/post"}],"author":[{"embeddable":true,"href":"https:\/\/elektrosystemy.pl\/index.php?rest_route=\/wp\/v2\/users\/3"}],"replies":[{"embeddable":true,"href":"https:\/\/elektrosystemy.pl\/index.php?rest_route=%2Fwp%2Fv2%2Fcomments&post=33245"}],"version-history":[{"count":3,"href":"https:\/\/elektrosystemy.pl\/index.php?rest_route=\/wp\/v2\/posts\/33245\/revisions"}],"predecessor-version":[{"id":33248,"href":"https:\/\/elektrosystemy.pl\/index.php?rest_route=\/wp\/v2\/posts\/33245\/revisions\/33248"}],"wp:featuredmedia":[{"embeddable":true,"href":"https:\/\/elektrosystemy.pl\/index.php?rest_route=\/wp\/v2\/media\/16118"}],"wp:attachment":[{"href":"https:\/\/elektrosystemy.pl\/index.php?rest_route=%2Fwp%2Fv2%2Fmedia&parent=33245"}],"wp:term":[{"taxonomy":"category","embeddable":true,"href":"https:\/\/elektrosystemy.pl\/index.php?rest_route=%2Fwp%2Fv2%2Fcategories&post=33245"},{"taxonomy":"post_tag","embeddable":true,"href":"https:\/\/elektrosystemy.pl\/index.php?rest_route=%2Fwp%2Fv2%2Ftags&post=33245"}],"curies":[{"name":"wp","href":"https:\/\/api.w.org\/{rel}","templated":true}]}}