{"id":33265,"date":"2020-06-09T08:35:21","date_gmt":"2020-06-09T06:35:21","guid":{"rendered":"https:\/\/elektrosystemy.pl\/?p=33265"},"modified":"2020-06-09T11:42:30","modified_gmt":"2020-06-09T09:42:30","slug":"atrem-ze-spadkiem-obrotow-i-mniejsza-strata","status":"publish","type":"post","link":"https:\/\/elektrosystemy.pl\/?p=33265","title":{"rendered":"Atrem ze spadkiem obrot\u00f3w i mniejsz\u0105 strat\u0105"},"content":{"rendered":"<p>Atrem w pierwszym kwartale bie\u017c\u0105cego roku osi\u0105gn\u0105\u0142 18,7 mln z\u0142 przychod\u00f3w, czyli o 33% mniej ni\u017c w analogicznym okresie roku ubieg\u0142ego. Jak podkre\u015bla sp\u00f3\u0142ka, cz\u0119\u015bciowo (w drugiej po\u0142owie kwarta\u0142u) spadek obrot\u00f3w spowodowany by\u0142 koronawirusem, a cz\u0119\u015bciowo faktem, i\u017c kontrakty z segmentu elektroenergetyka, po uzyskaniu stosownych zg\u00f3d wkraczaj\u0105 w faz\u0119 realizacji.<\/p>\n<p><em>\u2013 Pomimo znacznie mniejszych przychod\u00f3w, sp\u00f3\u0142ka ponios\u0142a mniejsz\u0105 strat\u0119 na dzia\u0142alno\u015bci operacyjnej, kt\u00f3ra wynios\u0142a -0,9 mln z\u0142 wobec \u2013 1,8 mln z\u0142 w analogicznym okresie w 2019 roku. Spadek zwi\u0105zany jest z popraw\u0105 rentowno\u015bci kontrakt\u00f3w oraz spadkiem koszt\u00f3w og\u00f3lnego zarz\u0105du<\/em> \u2013 napisano w komentarzu do wynik\u00f3w.<\/p>\n<p>Mniejsza by\u0142a tak\u017ce strata netto. W okresie stycze\u0144-marzec 2020 Atrem by\u0142 1,6 mln z\u0142 pod kresk\u0105, podczas gdy rok wcze\u015bniej wynik by\u0142 na poziomie -2,2 mln z\u0142.<\/p>\n<p><a href=\"https:\/\/elektrosystemy.pl\/wp-content\/uploads\/rynek\/2020\/06\/09\/atrem-ze-spadkiem-obrotow-i-mniejsza-strata\/atrem_www_06_2020_83894.jpg\"><img loading=\"lazy\" class=\"wp-image-33266 aligncenter\" src=\"https:\/\/elektrosystemy.pl\/wp-content\/uploads\/rynek\/2020\/06\/09\/atrem-ze-spadkiem-obrotow-i-mniejsza-strata\/atrem_www_06_2020_83894.jpg\" alt=\"\" width=\"400\" height=\"417\" srcset=\"https:\/\/elektrosystemy.pl\/wp-content\/uploads\/rynek\/2020\/06\/09\/atrem-ze-spadkiem-obrotow-i-mniejsza-strata\/atrem_www_06_2020_83894.jpg 1000w, https:\/\/elektrosystemy.pl\/wp-content\/uploads\/rynek\/2020\/06\/09\/atrem-ze-spadkiem-obrotow-i-mniejsza-strata\/atrem_www_06_2020_83894-288x300.jpg 288w, https:\/\/elektrosystemy.pl\/wp-content\/uploads\/rynek\/2020\/06\/09\/atrem-ze-spadkiem-obrotow-i-mniejsza-strata\/atrem_www_06_2020_83894-982x1024.jpg 982w, https:\/\/elektrosystemy.pl\/wp-content\/uploads\/rynek\/2020\/06\/09\/atrem-ze-spadkiem-obrotow-i-mniejsza-strata\/atrem_www_06_2020_83894-768x801.jpg 768w, https:\/\/elektrosystemy.pl\/wp-content\/uploads\/rynek\/2020\/06\/09\/atrem-ze-spadkiem-obrotow-i-mniejsza-strata\/atrem_www_06_2020_83894-600x626.jpg 600w\" sizes=\"(max-width: 400px) 100vw, 400px\" \/><\/a><\/p>\n<p>Atrem dzia\u0142a w bran\u017cy in\u017cynieryjnej i wykonuje prace zwi\u0105zane z automatyk\u0105 przemys\u0142ow\u0105, elektroenergetyk\u0105 oraz budow\u0105 system\u00f3w lotniskowych i logistycznych. Sp\u00f3\u0142ka realizuje zlecenia zar\u00f3wno jako generalny wykonawca inwestycji, jak r\u00f3wnie\u017c podwykonawca najwi\u0119kszych grup budowlanych w Polsce.<\/p>\n<p>Od ubieg\u0142ego roku Atrem jest cz\u0119\u015bci\u0105 Grupy Immobile, kt\u00f3ra w maju przej\u0119\u0142a 66% akcji wielkopolskiego przedsi\u0119biorstwa.<\/p>\n","protected":false},"excerpt":{"rendered":"<p>Atrem w pierwszym kwartale bie\u017c\u0105cego roku osi\u0105gn\u0105\u0142 18,7 mln z\u0142 przychod\u00f3w, czyli o 33% mniej ni\u017c w analogicznym okresie roku ubieg\u0142ego. Jak podkre\u015bla sp\u00f3\u0142ka, cz\u0119\u015bciowo (w drugiej po\u0142owie kwarta\u0142u) spadek obrot\u00f3w spowodowany by\u0142 koronawirusem, a cz\u0119\u015bciowo faktem, i\u017c kontrakty z segmentu elektroenergetyka, po uzyskaniu stosownych zg\u00f3d wkraczaj\u0105 w faz\u0119 realizacji. \u2013 Pomimo znacznie mniejszych przychod\u00f3w,&hellip;<\/p>\n","protected":false},"author":3,"featured_media":31040,"comment_status":"closed","ping_status":"closed","sticky":false,"template":"","format":"standard","meta":[],"categories":[323],"tags":[553],"_links":{"self":[{"href":"https:\/\/elektrosystemy.pl\/index.php?rest_route=\/wp\/v2\/posts\/33265"}],"collection":[{"href":"https:\/\/elektrosystemy.pl\/index.php?rest_route=\/wp\/v2\/posts"}],"about":[{"href":"https:\/\/elektrosystemy.pl\/index.php?rest_route=\/wp\/v2\/types\/post"}],"author":[{"embeddable":true,"href":"https:\/\/elektrosystemy.pl\/index.php?rest_route=\/wp\/v2\/users\/3"}],"replies":[{"embeddable":true,"href":"https:\/\/elektrosystemy.pl\/index.php?rest_route=%2Fwp%2Fv2%2Fcomments&post=33265"}],"version-history":[{"count":3,"href":"https:\/\/elektrosystemy.pl\/index.php?rest_route=\/wp\/v2\/posts\/33265\/revisions"}],"predecessor-version":[{"id":33269,"href":"https:\/\/elektrosystemy.pl\/index.php?rest_route=\/wp\/v2\/posts\/33265\/revisions\/33269"}],"wp:featuredmedia":[{"embeddable":true,"href":"https:\/\/elektrosystemy.pl\/index.php?rest_route=\/wp\/v2\/media\/31040"}],"wp:attachment":[{"href":"https:\/\/elektrosystemy.pl\/index.php?rest_route=%2Fwp%2Fv2%2Fmedia&parent=33265"}],"wp:term":[{"taxonomy":"category","embeddable":true,"href":"https:\/\/elektrosystemy.pl\/index.php?rest_route=%2Fwp%2Fv2%2Fcategories&post=33265"},{"taxonomy":"post_tag","embeddable":true,"href":"https:\/\/elektrosystemy.pl\/index.php?rest_route=%2Fwp%2Fv2%2Ftags&post=33265"}],"curies":[{"name":"wp","href":"https:\/\/api.w.org\/{rel}","templated":true}]}}