{"id":33614,"date":"2020-08-06T13:15:58","date_gmt":"2020-08-06T11:15:58","guid":{"rendered":"https:\/\/elektrosystemy.pl\/?p=33614"},"modified":"2020-08-06T14:11:16","modified_gmt":"2020-08-06T12:11:16","slug":"konkurs-osobowosc-roku-2020","status":"publish","type":"post","link":"https:\/\/elektrosystemy.pl\/?p=33614","title":{"rendered":"Konkurs Osobowo\u015b\u0107 Roku 2020"},"content":{"rendered":"<p><strong>Kapitu\u0142a Konkursu Osobowo\u015b\u0107 Roku rozpocz\u0119\u0142a przyjmowanie zg\u0142osze\u0144 do jego 5. edycji odbywaj\u0105cej si\u0119 w 2020 roku. Wyniki Konkursu zostan\u0105 og\u0142oszone podczas Mi\u0119dzynarodowych Targ\u00f3w Elektrotechnika i Mi\u0119dzynarodowych Targ\u00f3w \u015awiat\u0142o w Warszawie.<\/strong><\/p>\n<p>Celem konkursu jest szeroka promocja os\u00f3b, kt\u00f3re wnios\u0142y istotny wk\u0142ad w rozw\u00f3j i propagowanie nowych rozwi\u0105za\u0144, tak technicznych, jak i organizacyjnych oraz systemowych w zakresie elektrotechniki, elektroenergetyki, teletechniki i o\u015bwietlenia w Polsce, sprawienie, aby nie by\u0142y one anonimowe i mog\u0142y stanowi\u0107 wz\u00f3r do na\u015bladowania dla innych.<br \/>\nNagroda ma za zadanie uhonorowanie dzia\u0142alno\u015bci os\u00f3b fizycznych, kt\u00f3re przyczyni\u0142y si\u0119 do rozwoju bran\u017cy elektrotechnicznej, elektroenergetycznej, teletechnicznej i o\u015bwietleniowej poprzez swoj\u0105 dzia\u0142alno\u015b\u0107 w obszarze nauki, przemys\u0142u, us\u0142ug, popularyzacji wiedzy a tak\u017ce prawa, normalizacji i kszta\u0142towania przedsi\u0119biorczo\u015bci w Polsce.<\/p>\n<p>Tytu\u0142 ma charakter honorowy i nadawany jest corocznie osobom fizycznym w trzech kategoriach:<\/p>\n<ul>\n<li>nauka,<\/li>\n<li>gospodarka,<\/li>\n<li>otoczenie biznesu.<\/li>\n<\/ul>\n<p>Wyniki Konkursu zostan\u0105 og\u0142oszone podczas Mi\u0119dzynarodowych Targ\u00f3w Elektrotechnika i Mi\u0119dzynarodowych Targ\u00f3w \u015awiat\u0142o w Warszawie. W roku 2021, odb\u0119d\u0105 si\u0119 one w dniach 3-5 marca. Laureatom zostan\u0105 uroczy\u015bcie wr\u0119czone dyplomy. Dyplomy otrzymuj\u0105 tak\u017ce nominowani do Tytu\u0142u.<\/p>\n<p>Organizatorami Konkursu Osobowo\u015b\u0107 Roku s\u0105 og\u00f3lnopolskie organizacje bran\u017cowe: Polska Izba In\u017cynier\u00f3w Budownictwa, Stowarzyszenie Elektryk\u00f3w Polskich, Polska Izba Gospodarcza Elektrotechniki, Polskie Stowarzyszenie Bran\u017cy Elektroenergetycznej, Stowarzyszenie Polskich Energetyk\u00f3w, Polska Izba Radiodyfuzji Cyfrowej, Krajowa Izba Gospodarcza Elektryki, Krajowa Izba Gospodarcza Elektroniki i Telekomunikacji, Stowarzyszenie Teletechnik\u00f3w Polskich XXI, Polski Zwi\u0105zek Przemys\u0142u O\u015bwietleniowego.<\/p>\n<p>Wype\u0142nione formularze zg\u0142oszeniowe nale\u017cy przesy\u0142a\u0107 do 31 grudnia 2020 r.:<\/p>\n<ul>\n<li>w wersji elektronicznej na adres e-mail: <a href=\"mailto:biuro@pzpo.pl\">biuro@pzpo.pl<\/a>;<\/li>\n<li>w wersji papierowej na adres: Polski Zwi\u0105zek Przemys\u0142u O\u015bwietleniowego, 02-697 Warszawa, ul. Rzymowskiego 30<\/li>\n<\/ul>\n<p>Formularz zg\u0142oszeniowy, Regulamin Konkursu, Kryteria przyznawania tytu\u0142u znajduj\u0105 si\u0119 na stronie <a href=\"http:\/\/www.osobowoscroku.pl\">www.osobowoscroku.pl<\/a><\/p>\n","protected":false},"excerpt":{"rendered":"<p>Kapitu\u0142a Konkursu Osobowo\u015b\u0107 Roku rozpocz\u0119\u0142a przyjmowanie zg\u0142osze\u0144 do jego 5. edycji odbywaj\u0105cej si\u0119 w 2020 roku. Wyniki Konkursu zostan\u0105 og\u0142oszone podczas Mi\u0119dzynarodowych Targ\u00f3w Elektrotechnika i Mi\u0119dzynarodowych Targ\u00f3w \u015awiat\u0142o w Warszawie. Celem konkursu jest szeroka promocja os\u00f3b, kt\u00f3re wnios\u0142y istotny wk\u0142ad w rozw\u00f3j i propagowanie nowych rozwi\u0105za\u0144, tak technicznych, jak i organizacyjnych oraz systemowych w zakresie&hellip;<\/p>\n","protected":false},"author":3,"featured_media":22516,"comment_status":"closed","ping_status":"closed","sticky":false,"template":"","format":"standard","meta":[],"categories":[318,320],"tags":[1236,498,1658,660,1449,1448,2141,1450,534],"_links":{"self":[{"href":"https:\/\/elektrosystemy.pl\/index.php?rest_route=\/wp\/v2\/posts\/33614"}],"collection":[{"href":"https:\/\/elektrosystemy.pl\/index.php?rest_route=\/wp\/v2\/posts"}],"about":[{"href":"https:\/\/elektrosystemy.pl\/index.php?rest_route=\/wp\/v2\/types\/post"}],"author":[{"embeddable":true,"href":"https:\/\/elektrosystemy.pl\/index.php?rest_route=\/wp\/v2\/users\/3"}],"replies":[{"embeddable":true,"href":"https:\/\/elektrosystemy.pl\/index.php?rest_route=%2Fwp%2Fv2%2Fcomments&post=33614"}],"version-history":[{"count":4,"href":"https:\/\/elektrosystemy.pl\/index.php?rest_route=\/wp\/v2\/posts\/33614\/revisions"}],"predecessor-version":[{"id":33618,"href":"https:\/\/elektrosystemy.pl\/index.php?rest_route=\/wp\/v2\/posts\/33614\/revisions\/33618"}],"wp:featuredmedia":[{"embeddable":true,"href":"https:\/\/elektrosystemy.pl\/index.php?rest_route=\/wp\/v2\/media\/22516"}],"wp:attachment":[{"href":"https:\/\/elektrosystemy.pl\/index.php?rest_route=%2Fwp%2Fv2%2Fmedia&parent=33614"}],"wp:term":[{"taxonomy":"category","embeddable":true,"href":"https:\/\/elektrosystemy.pl\/index.php?rest_route=%2Fwp%2Fv2%2Fcategories&post=33614"},{"taxonomy":"post_tag","embeddable":true,"href":"https:\/\/elektrosystemy.pl\/index.php?rest_route=%2Fwp%2Fv2%2Ftags&post=33614"}],"curies":[{"name":"wp","href":"https:\/\/api.w.org\/{rel}","templated":true}]}}