{"id":33722,"date":"2020-08-28T11:57:40","date_gmt":"2020-08-28T09:57:40","guid":{"rendered":"https:\/\/elektrosystemy.pl\/?p=33722"},"modified":"2020-08-28T11:59:34","modified_gmt":"2020-08-28T09:59:34","slug":"rafako-zapowiada-redukcje-zatrudnienia","status":"publish","type":"post","link":"https:\/\/elektrosystemy.pl\/?p=33722","title":{"rendered":"Rafako zapowiada redukcj\u0119 zatrudnienia"},"content":{"rendered":"<p><strong>Zarz\u0105d Rafako rozpoczyna proces restrukturyzacji sp\u00f3\u0142ki. Jednym z jego element\u00f3w b\u0119dzie redukcja zatrudnienia. Wynika to z konieczno\u015bci dopasowania si\u0119 do zmieniaj\u0105cej si\u0119 sytuacji rynkowej i ma umo\u017cliwi\u0107 kontynuowanie dzia\u0142alno\u015bci raciborskiej fabryki oraz poprawi\u0107 jej sytuacj\u0119 finansow\u0105.<\/strong><\/p>\n<p>W opinii zarz\u0105du, powo\u0142anego 12 sierpnia br. na now\u0105 kadencj\u0119, dla uzdrowienia sytuacji w firmie niezb\u0119dne s\u0105 radykalne dzia\u0142ania zmierzaj\u0105ce do obni\u017cenia koszt\u00f3w funkcjonowania przedsi\u0119biorstwa. Tym bardziej, \u017ce sytuacja na tradycyjnym dla Rafako rynku, jest z roku na rok trudniejsza.<\/p>\n<p>Jednym z element\u00f3w procesu restrukturyzacji b\u0119dzie redukcja zatrudnienia. Zgodnie z przepisami prawa pracy, zarz\u0105d poinformuje o planach zwolnie\u0144 grupowych dzia\u0142aj\u0105ce w sp\u00f3\u0142ce zwi\u0105zki zawodowe. Zostan\u0105 im przekazane informacje o przyczynach, grupach zawodowych, okresie, w kt\u00f3rym nast\u0105pi\u0105 zwolnienia oraz o kryteriach doboru pracownik\u00f3w do zwolnienia i kolejno\u015bci dokonywania zwolnie\u0144.<br \/>\nW ramach zwolnie\u0144 grupowych zaplanowano redukcj\u0119 zatrudnienia o maksymalnie czterystu pracownik\u00f3w.<\/p>\n<p>&#8211;<em> To bardzo trudna decyzja, ale bez niej sp\u00f3\u0142ka nie poradzi sobie w obecnej sytuacji rynkowej. Chc\u0105c przetrwa\u0107, musimy znacz\u0105co ograniczy\u0107 koszty i redukcja zatrudnienia jest jednym z wielu dzia\u0142a\u0144 jakie podejmujemy. Zarz\u0105d podj\u0105\u0142 ju\u017c wcze\u015bniej decyzje o wypowiedzeniu wielu um\u00f3w doradczych oraz analizuje mo\u017cliwo\u015bci dezinwestycji i sprzeda\u017cy cz\u0119\u015bci maj\u0105tku, niezwi\u0105zanego z bezpo\u015brednio z produkcj\u0105. Chc\u0119 podkre\u015bli\u0107, \u017ce podana w komunikacie liczba Pracownik\u00f3w to warto\u015b\u0107 maksymalna i Zarz\u0105d zrobi wszystko, aby zachowa\u0107 jak najwi\u0119cej miejsc pracy <\/em>&#8211; powiedzia\u0142 Mariusz Zawisza, prezes zarz\u0105du Rafako,<\/p>\n<p>Zmiany w strukturze zatrudnienia zosta\u0142y zapocz\u0105tkowane w Rafako ju\u017c w 2017 r. i by\u0142y zwi\u0105zane ze spadaj\u0105cym popytem na produkty, w kt\u00f3rych sp\u00f3\u0142ka od lat by\u0142a wyspecjalizowana. W kraju nie ma dzi\u015b zapotrzebowania na bloki nadkrytyczne, a pozyskiwanie i realizacja nowych zlece\u0144 za granic\u0105 zosta\u0142y w czasie pandemii znacz\u0105co utrudnione i trudno dzi\u015b okre\u015bli\u0107 jak b\u0119d\u0105 wygl\u0105da\u0142y eksportowe mo\u017cliwo\u015bci Rafako. Dlatego sp\u00f3\u0142k\u0119 czeka nie tylko redukcja zatrudnienia ale tak\u017ce optymalizacja proces\u00f3w i zasob\u00f3w biznesowych i operacyjnych.<br \/>\n&#8211; <em>Proces naprawczy to jedno, bo nie sta\u0107 nas na dalsze generowanie strat, ale r\u00f3wnie wa\u017cne jest, by Sp\u00f3\u0142ka jak najszybciej przystosowa\u0142a si\u0119 do zmieniaj\u0105cych si\u0119 wymaga\u0144 rynkowych. Chodzi z jednej strony o przetrwanie trudnego czasu a zarazem okre\u015blenie niszy na rynku, w kt\u00f3rej odnajdziemy si\u0119 jako firma technologiczna i utrzymamy siln\u0105 pozycj\u0119, bo coraz mniej jest zam\u00f3wie\u0144 na nasze tradycyjne wyroby, a konkurencja na tym malej\u0105cym rynku jest coraz wi\u0119ksza<\/em> \u2013 powiedzia\u0142 Rados\u0142aw Domagalski-\u0141ab\u0119dzki, wiceprezes zarz\u0105du Rafako.<\/p>\n","protected":false},"excerpt":{"rendered":"<p>Zarz\u0105d Rafako rozpoczyna proces restrukturyzacji sp\u00f3\u0142ki. Jednym z jego element\u00f3w b\u0119dzie redukcja zatrudnienia. Wynika to z konieczno\u015bci dopasowania si\u0119 do zmieniaj\u0105cej si\u0119 sytuacji rynkowej i ma umo\u017cliwi\u0107 kontynuowanie dzia\u0142alno\u015bci raciborskiej fabryki oraz poprawi\u0107 jej sytuacj\u0119 finansow\u0105. W opinii zarz\u0105du, powo\u0142anego 12 sierpnia br. na now\u0105 kadencj\u0119, dla uzdrowienia sytuacji w firmie niezb\u0119dne s\u0105 radykalne dzia\u0142ania&hellip;<\/p>\n","protected":false},"author":3,"featured_media":33723,"comment_status":"closed","ping_status":"closed","sticky":false,"template":"","format":"standard","meta":[],"categories":[323],"tags":[409],"_links":{"self":[{"href":"https:\/\/elektrosystemy.pl\/index.php?rest_route=\/wp\/v2\/posts\/33722"}],"collection":[{"href":"https:\/\/elektrosystemy.pl\/index.php?rest_route=\/wp\/v2\/posts"}],"about":[{"href":"https:\/\/elektrosystemy.pl\/index.php?rest_route=\/wp\/v2\/types\/post"}],"author":[{"embeddable":true,"href":"https:\/\/elektrosystemy.pl\/index.php?rest_route=\/wp\/v2\/users\/3"}],"replies":[{"embeddable":true,"href":"https:\/\/elektrosystemy.pl\/index.php?rest_route=%2Fwp%2Fv2%2Fcomments&post=33722"}],"version-history":[{"count":1,"href":"https:\/\/elektrosystemy.pl\/index.php?rest_route=\/wp\/v2\/posts\/33722\/revisions"}],"predecessor-version":[{"id":33724,"href":"https:\/\/elektrosystemy.pl\/index.php?rest_route=\/wp\/v2\/posts\/33722\/revisions\/33724"}],"wp:featuredmedia":[{"embeddable":true,"href":"https:\/\/elektrosystemy.pl\/index.php?rest_route=\/wp\/v2\/media\/33723"}],"wp:attachment":[{"href":"https:\/\/elektrosystemy.pl\/index.php?rest_route=%2Fwp%2Fv2%2Fmedia&parent=33722"}],"wp:term":[{"taxonomy":"category","embeddable":true,"href":"https:\/\/elektrosystemy.pl\/index.php?rest_route=%2Fwp%2Fv2%2Fcategories&post=33722"},{"taxonomy":"post_tag","embeddable":true,"href":"https:\/\/elektrosystemy.pl\/index.php?rest_route=%2Fwp%2Fv2%2Ftags&post=33722"}],"curies":[{"name":"wp","href":"https:\/\/api.w.org\/{rel}","templated":true}]}}