{"id":33856,"date":"2020-09-09T04:54:42","date_gmt":"2020-09-09T02:54:42","guid":{"rendered":"https:\/\/elektrosystemy.pl\/?p=33856"},"modified":"2020-09-08T20:56:17","modified_gmt":"2020-09-08T18:56:17","slug":"rafako-poszerza-sklad-zarzadu","status":"publish","type":"post","link":"https:\/\/elektrosystemy.pl\/?p=33856","title":{"rendered":"Rafako poszerza sk\u0142ad zarz\u0105du"},"content":{"rendered":"<p><strong>Rada nadzorcza Rafako w restrukturyzacji podj\u0119\u0142a 8 wrze\u015bnia 2020 uchwa\u0142y w sprawie uzupe\u0142nienia sk\u0142adu zarz\u0105du sp\u00f3\u0142ki z dniem 10 wrze\u015bnia 2020 roku. Do zarz\u0105du powo\u0142ano Jaros\u0142awa Pietrzyka na stanowisko wiceprezesa ds. operacyjnych i Ew\u0119 Porzucek na stanowisko wiceprezesa ds. finansowych.<\/strong><\/p>\n<p>Jaros\u0142aw Pietrzyk od niedawna pe\u0142ni\u0142 funkcj\u0119 prezesa Rafako Engineering. Wcze\u015bniej przez wiele lat by\u0142 prezesem Mostostalu Zabrze Realizacje Przemys\u0142owe (d. Mostostal K\u0119dzierzyn ) i wiceprezesem Mostostalu Zabrze. Jest absolwentem Politechniki Wroc\u0142awskiej, a w Szkole G\u0142\u00f3wnej Handlowej w Warszawie uko\u0144czy\u0142 podyplomowe studia mened\u017cerskie oparte na programie MBA.<\/p>\n<p>Ewa Porzucek jest absolwentk\u0105 Uniwersytetu Ekonomicznego w Katowicach, ma r\u00f3wnie\u017c tytu\u0142 MBA National Louis Univeristy. Ostatnio pe\u0142ni\u0142a funkcj\u0119 dyrektora finansowego w sp\u00f3\u0142ce Sunex. Wcze\u015bniej by\u0142a dyrektorem finansowym w Europoles Kromiss. W latach 2006-2018 by\u0142a dyrektorem finansowym Grupy FCC w Polsce.<\/p>\n<p>W zwi\u0105zku ze wskazanymi wy\u017cej decyzjami rady nadzorczej Rafako zarz\u0105d sp\u00f3\u0142ki od 10 wrze\u015bnia 2020 roku b\u0119dzie funkcjonowa\u0142 w nast\u0119puj\u0105cym sk\u0142adzie: Mariusz Zawisza &#8211; prezes, Rados\u0142aw Domagalski-\u0141ab\u0119dzki \u2013 wiceprezes, Jaros\u0142aw Pietrzyk \u2013 wiceprezes ds. operacyjnych, Ewa Porzucek \u2013 wiceprezes ds. finansowych.<\/p>\n","protected":false},"excerpt":{"rendered":"<p>Rada nadzorcza Rafako w restrukturyzacji podj\u0119\u0142a 8 wrze\u015bnia 2020 uchwa\u0142y w sprawie uzupe\u0142nienia sk\u0142adu zarz\u0105du sp\u00f3\u0142ki z dniem 10 wrze\u015bnia 2020 roku. Do zarz\u0105du powo\u0142ano Jaros\u0142awa Pietrzyka na stanowisko wiceprezesa ds. operacyjnych i Ew\u0119 Porzucek na stanowisko wiceprezesa ds. finansowych. Jaros\u0142aw Pietrzyk od niedawna pe\u0142ni\u0142 funkcj\u0119 prezesa Rafako Engineering. Wcze\u015bniej przez wiele lat by\u0142 prezesem&hellip;<\/p>\n","protected":false},"author":3,"featured_media":33723,"comment_status":"closed","ping_status":"closed","sticky":false,"template":"","format":"standard","meta":[],"categories":[323],"tags":[409],"_links":{"self":[{"href":"https:\/\/elektrosystemy.pl\/index.php?rest_route=\/wp\/v2\/posts\/33856"}],"collection":[{"href":"https:\/\/elektrosystemy.pl\/index.php?rest_route=\/wp\/v2\/posts"}],"about":[{"href":"https:\/\/elektrosystemy.pl\/index.php?rest_route=\/wp\/v2\/types\/post"}],"author":[{"embeddable":true,"href":"https:\/\/elektrosystemy.pl\/index.php?rest_route=\/wp\/v2\/users\/3"}],"replies":[{"embeddable":true,"href":"https:\/\/elektrosystemy.pl\/index.php?rest_route=%2Fwp%2Fv2%2Fcomments&post=33856"}],"version-history":[{"count":1,"href":"https:\/\/elektrosystemy.pl\/index.php?rest_route=\/wp\/v2\/posts\/33856\/revisions"}],"predecessor-version":[{"id":33857,"href":"https:\/\/elektrosystemy.pl\/index.php?rest_route=\/wp\/v2\/posts\/33856\/revisions\/33857"}],"wp:featuredmedia":[{"embeddable":true,"href":"https:\/\/elektrosystemy.pl\/index.php?rest_route=\/wp\/v2\/media\/33723"}],"wp:attachment":[{"href":"https:\/\/elektrosystemy.pl\/index.php?rest_route=%2Fwp%2Fv2%2Fmedia&parent=33856"}],"wp:term":[{"taxonomy":"category","embeddable":true,"href":"https:\/\/elektrosystemy.pl\/index.php?rest_route=%2Fwp%2Fv2%2Fcategories&post=33856"},{"taxonomy":"post_tag","embeddable":true,"href":"https:\/\/elektrosystemy.pl\/index.php?rest_route=%2Fwp%2Fv2%2Ftags&post=33856"}],"curies":[{"name":"wp","href":"https:\/\/api.w.org\/{rel}","templated":true}]}}