{"id":33966,"date":"2020-09-29T11:18:11","date_gmt":"2020-09-29T09:18:11","guid":{"rendered":"https:\/\/elektrosystemy.pl\/?p=33966"},"modified":"2020-09-29T11:18:11","modified_gmt":"2020-09-29T09:18:11","slug":"rafako-sprzedaje-spolke-e-bus","status":"publish","type":"post","link":"https:\/\/elektrosystemy.pl\/?p=33966","title":{"rendered":"Rafako sprzedaje sp\u00f3\u0142k\u0119 E-Bus"},"content":{"rendered":"<p><strong>Rafako podpisa\u0142o umowy sprzeda\u017cy 100% udzia\u0142\u00f3w w sp\u00f3\u0142ce zale\u017cnej E-Bus oraz oddzia\u0142u w Solcu Kujawskim na rzecz Agencji Rozwoju Przemys\u0142u. \u0141\u0105czna warto\u015b\u0107 transakcji wynosi 31 mln z\u0142.<\/strong><\/p>\n<p>Rafako podpisa\u0142o w sierpniu przedwst\u0119pn\u0105 umow\u0119 sprzeda\u017cy 100% udzia\u0142\u00f3w w sp\u00f3\u0142ce zale\u017cnej E-Bus. Przy udziale ARP podpisano w\u00f3wczas tak\u017ce przedwst\u0119pn\u0105 umow\u0119 ze sp\u00f3\u0142k\u0105 E-Bus, dotycz\u0105c\u0105 sprzeda\u017cy oddzia\u0142u Rafako w Solcu Kujawskim. Jak poinformowa\u0142a Agencji Rozwoju Przemys\u0142u celem przej\u0119cia jest uruchomienie seryjnej produkcji autobus\u00f3w elektrycznych.<\/p>\n<p>&#8211; <em>Realizacja projektu autobusu elektrycznego wpisuje si\u0119 w Strategi\u0119 na Rzecz Odpowiedzialnego Rozwoju. Efekty prac Rafako nad stworzeniem nowego modelu autobusu, z uzyskan\u0105 homologacj\u0105, otwieraj\u0105 mo\u017cliwo\u015b\u0107 pozyskania rynku zbytu po uruchomieniu, w ramach sp\u00f3\u0142ki celowej, seryjnej produkcji autobus\u00f3w elektrycznych<\/em> &#8211; czytamy w komunikacie ARP<\/p>\n<p>&#8211; <em>Polska nale\u017cy do lider\u00f3w eksportu autobus\u00f3w elektrycznych w Unii Europejskiej. To bardzo perspektywiczny rynek nie tylko w wymiarze unijnym, ale i krajowym. W najbli\u017cszych latach coraz wi\u0119cej samorz\u0105d\u00f3w b\u0119dzie przechodzi\u0107 na niskoemisyjny transport publiczny, a od 2025 mo\u017cemy si\u0119 spodziewa\u0107, \u017ce w miastach powy\u017cej 100 tys. mieszka\u0144c\u00f3w nie b\u0119d\u0105 sprzedawane autobusy spalinowe<\/em> &#8211; powiedzia\u0142 wiceprezes ARP Pawe\u0142 Kolczy\u0144ski.<\/p>\n<p>Agencja poda\u0142a, \u017ce prototyp autobusu elektrycznego o d\u0142ugo\u015bci 8,5 metr\u00f3w predysponowany jest do specjalistycznych cel\u00f3w np. dowozu uczni\u00f3w do szk\u00f3\u0142 zar\u00f3wno w miastach, jak i na terenach podmiejskich.<\/p>\n<p>Celem ARP jest rozw\u00f3j, w ramach sp\u00f3\u0142ki celowej, autobusu elektrycznego. Plany obejmuj\u0105 r\u00f3wnie\u017c przygotowanie nowych prototyp\u00f3w d\u0142u\u017cszych pojazd\u00f3w, oraz wej\u015bcie na rynki polskie i zagraniczne. S\u0105 one zbie\u017cne z trendami zwi\u0105zanymi z ograniczeniem emisji spalin, elektromobilno\u015bci\u0105 i sprzyjaj\u0105 rozwojowi innowacyjnych polskich produkt\u00f3w.<\/p>\n<p>Wed\u0142ug ARP prognozy dotycz\u0105ce przysz\u0142o\u015bci rynku autobus\u00f3w elektrycznych s\u0105 optymistyczne. Wskazano za danymi Electric Bus Market 2013-2025, \u017ce \u015bwiatowy rynek autobus\u00f3w elektrycznych b\u0119dzie r\u00f3s\u0142 rocznie o oko\u0142o 17%. Trend ten jest zauwa\u017calny r\u00f3wnie\u017c w Polsce.<\/p>\n","protected":false},"excerpt":{"rendered":"<p>Rafako podpisa\u0142o umowy sprzeda\u017cy 100% udzia\u0142\u00f3w w sp\u00f3\u0142ce zale\u017cnej E-Bus oraz oddzia\u0142u w Solcu Kujawskim na rzecz Agencji Rozwoju Przemys\u0142u. \u0141\u0105czna warto\u015b\u0107 transakcji wynosi 31 mln z\u0142. Rafako podpisa\u0142o w sierpniu przedwst\u0119pn\u0105 umow\u0119 sprzeda\u017cy 100% udzia\u0142\u00f3w w sp\u00f3\u0142ce zale\u017cnej E-Bus. Przy udziale ARP podpisano w\u00f3wczas tak\u017ce przedwst\u0119pn\u0105 umow\u0119 ze sp\u00f3\u0142k\u0105 E-Bus, dotycz\u0105c\u0105 sprzeda\u017cy oddzia\u0142u Rafako&hellip;<\/p>\n","protected":false},"author":3,"featured_media":33967,"comment_status":"closed","ping_status":"closed","sticky":false,"template":"","format":"standard","meta":[],"categories":[1332,323],"tags":[1292,2330,409],"_links":{"self":[{"href":"https:\/\/elektrosystemy.pl\/index.php?rest_route=\/wp\/v2\/posts\/33966"}],"collection":[{"href":"https:\/\/elektrosystemy.pl\/index.php?rest_route=\/wp\/v2\/posts"}],"about":[{"href":"https:\/\/elektrosystemy.pl\/index.php?rest_route=\/wp\/v2\/types\/post"}],"author":[{"embeddable":true,"href":"https:\/\/elektrosystemy.pl\/index.php?rest_route=\/wp\/v2\/users\/3"}],"replies":[{"embeddable":true,"href":"https:\/\/elektrosystemy.pl\/index.php?rest_route=%2Fwp%2Fv2%2Fcomments&post=33966"}],"version-history":[{"count":1,"href":"https:\/\/elektrosystemy.pl\/index.php?rest_route=\/wp\/v2\/posts\/33966\/revisions"}],"predecessor-version":[{"id":33968,"href":"https:\/\/elektrosystemy.pl\/index.php?rest_route=\/wp\/v2\/posts\/33966\/revisions\/33968"}],"wp:featuredmedia":[{"embeddable":true,"href":"https:\/\/elektrosystemy.pl\/index.php?rest_route=\/wp\/v2\/media\/33967"}],"wp:attachment":[{"href":"https:\/\/elektrosystemy.pl\/index.php?rest_route=%2Fwp%2Fv2%2Fmedia&parent=33966"}],"wp:term":[{"taxonomy":"category","embeddable":true,"href":"https:\/\/elektrosystemy.pl\/index.php?rest_route=%2Fwp%2Fv2%2Fcategories&post=33966"},{"taxonomy":"post_tag","embeddable":true,"href":"https:\/\/elektrosystemy.pl\/index.php?rest_route=%2Fwp%2Fv2%2Ftags&post=33966"}],"curies":[{"name":"wp","href":"https:\/\/api.w.org\/{rel}","templated":true}]}}