{"id":34221,"date":"2020-11-02T00:50:25","date_gmt":"2020-11-01T23:50:25","guid":{"rendered":"https:\/\/elektrosystemy.pl\/?p=34221"},"modified":"2020-11-02T00:49:08","modified_gmt":"2020-11-01T23:49:08","slug":"targi-energetics-2020-zmieniaja-termin","status":"publish","type":"post","link":"https:\/\/elektrosystemy.pl\/?p=34221","title":{"rendered":"Targi Energetics jednak w przysz\u0142ym roku"},"content":{"rendered":"<p><strong>Zarz\u0105d Targ\u00f3w Lublin S.A. poinformowa\u0142, i\u017c w zwi\u0105zku z obecn\u0105 sytuacj\u0105 epidemiczn\u0105 oraz dynamicznymi zmianami dotycz\u0105cymi obostrze\u0144, nie jest mo\u017cliwa organizacja Targ\u00f3w Energetycznych Energetics w pierwotnie za\u0142o\u017conym terminie tj. 17-18 listopada b.r.<\/strong><\/p>\n<p>W zwi\u0105zku z powy\u017cszym Targi Energetyczne Energetics zostaj\u0105 prze\u0142o\u017cone i odb\u0119d\u0105 si\u0119 w dniach<strong> 16-18 listopada 2021 r.<\/strong><\/p>\n","protected":false},"excerpt":{"rendered":"<p>Zarz\u0105d Targ\u00f3w Lublin S.A. poinformowa\u0142, i\u017c w zwi\u0105zku z obecn\u0105 sytuacj\u0105 epidemiczn\u0105 oraz dynamicznymi zmianami dotycz\u0105cymi obostrze\u0144, nie jest mo\u017cliwa organizacja Targ\u00f3w Energetycznych Energetics w pierwotnie za\u0142o\u017conym terminie tj. 17-18 listopada b.r. W zwi\u0105zku z powy\u017cszym Targi Energetyczne Energetics zostaj\u0105 prze\u0142o\u017cone i odb\u0119d\u0105 si\u0119 w dniach 16-18 listopada 2021 r.&hellip;<\/p>\n","protected":false},"author":3,"featured_media":34222,"comment_status":"closed","ping_status":"closed","sticky":false,"template":"","format":"standard","meta":[],"categories":[318,323,327],"tags":[334],"_links":{"self":[{"href":"https:\/\/elektrosystemy.pl\/index.php?rest_route=\/wp\/v2\/posts\/34221"}],"collection":[{"href":"https:\/\/elektrosystemy.pl\/index.php?rest_route=\/wp\/v2\/posts"}],"about":[{"href":"https:\/\/elektrosystemy.pl\/index.php?rest_route=\/wp\/v2\/types\/post"}],"author":[{"embeddable":true,"href":"https:\/\/elektrosystemy.pl\/index.php?rest_route=\/wp\/v2\/users\/3"}],"replies":[{"embeddable":true,"href":"https:\/\/elektrosystemy.pl\/index.php?rest_route=%2Fwp%2Fv2%2Fcomments&post=34221"}],"version-history":[{"count":3,"href":"https:\/\/elektrosystemy.pl\/index.php?rest_route=\/wp\/v2\/posts\/34221\/revisions"}],"predecessor-version":[{"id":34307,"href":"https:\/\/elektrosystemy.pl\/index.php?rest_route=\/wp\/v2\/posts\/34221\/revisions\/34307"}],"wp:featuredmedia":[{"embeddable":true,"href":"https:\/\/elektrosystemy.pl\/index.php?rest_route=\/wp\/v2\/media\/34222"}],"wp:attachment":[{"href":"https:\/\/elektrosystemy.pl\/index.php?rest_route=%2Fwp%2Fv2%2Fmedia&parent=34221"}],"wp:term":[{"taxonomy":"category","embeddable":true,"href":"https:\/\/elektrosystemy.pl\/index.php?rest_route=%2Fwp%2Fv2%2Fcategories&post=34221"},{"taxonomy":"post_tag","embeddable":true,"href":"https:\/\/elektrosystemy.pl\/index.php?rest_route=%2Fwp%2Fv2%2Ftags&post=34221"}],"curies":[{"name":"wp","href":"https:\/\/api.w.org\/{rel}","templated":true}]}}