{"id":34281,"date":"2020-10-29T12:54:37","date_gmt":"2020-10-29T11:54:37","guid":{"rendered":"https:\/\/elektrosystemy.pl\/?p=34281"},"modified":"2020-10-29T12:59:29","modified_gmt":"2020-10-29T11:59:29","slug":"nowy-termin-targow-swiatlo-i-targow-elektrotechnika","status":"publish","type":"post","link":"https:\/\/elektrosystemy.pl\/?p=34281","title":{"rendered":"Nowy termin Targ\u00f3w \u015awiat\u0142o i Targ\u00f3w Elektrotechnika"},"content":{"rendered":"<p><strong>Agencja Soma, organizator Targ\u00f3w \u015awiat\u0142o 2021 oraz Targ\u00f3w Elektroinstalacje 2021, poinformowa\u0142 o przesuni\u0119ciu terminu wydarzenia na 19-21 maja 2021 r.<\/strong><\/p>\n<p>Decyzja zosta\u0142a podj\u0119ta w zwi\u0105zku z dynamicznie rozwijaj\u0105c\u0105 si\u0119 sytuacj\u0105 pandemiczn\u0105 w Polsce oraz planowanym uruchomieniem szpitala tymczasowego dla chorych na COVID-19 w warszawskiej hali EXPO XXI, czyli miejscu, w kt\u00f3rym od lat odbywaj\u0105 si\u0119 targi.<\/p>\n<p><strong>Targi \u015awiat\u0142o<br \/>\n<\/strong><a href=\"https:\/\/lightfair.pl\/\" target=\"_blank\" rel=\"noopener noreferrer\">Targi \u015awiat\u0142o<\/a> to najwi\u0119ksze w Polsce wydarzenie po\u015bwi\u0119cone bran\u017cy o\u015bwietleniowej, kt\u00f3re ka\u017cdego roku gromadzi setki wystawc\u00f3w i kilkana\u015bcie tysi\u0119cy odwiedzaj\u0105cych. Przez trzy dni swoje najnowsze produkty pokazuj\u0105 tu producenci z kraju i zagranicy, m.in. Niemiec, Francji, W\u0142och, Indii, Chin czy Korei Po\u0142udniowej. Mi\u0119dzynarodowe targi o\u015bwietlenia organizowane w Warszawie, to r\u00f3wnie\u017c miejsce, kt\u00f3re oferuje obszern\u0105 gam\u0119 specjalistycznych szkole\u0144, a tak\u017ce prezentuje globalne trendy w bran\u017cy.<\/p>\n<p><strong>Targi Elektrotechnika<br \/>\n<\/strong><a href=\"https:\/\/elektroinstalacje.pl\/\" target=\"_blank\" rel=\"noopener noreferrer\">Targi Elektrotechnika<\/a> to przestrze\u0144 dla innowacji z obszaru elektrotechniki, elektryki, budownictwa i teletechniki, a tak\u017ce rozwi\u0105za\u0144 z zakresu elektromobilno\u015bci.<br \/>\nOpr\u00f3cz przestrzeni wystawienniczej, Targi Elektrotechnika oferuj\u0105 szkolenia i warsztaty dla specjalist\u00f3w. Podczas trzech dni trwania wydarzenia mo\u017cna ogl\u0105da\u0107 produkty i rozwi\u0105zania w ramach specjalnych stref: Teletechniki, Instalacji Odgromowych i Przepi\u0119ciowych, Warsztaty BIM dla Architekt\u00f3w, Elektromobilno\u015bci, OZE, Automatyki oraz O\u015bwietlenia Teren\u00f3w Publicznych.<\/p>\n<p><a href=\"https:\/\/lightfair.pl\/\" target=\"_blank\" rel=\"noopener noreferrer\"><img loading=\"lazy\" class=\"alignnone wp-image-34285 size-full\" src=\"https:\/\/elektrosystemy.pl\/wp-content\/uploads\/uncategorized\/2020\/10\/29\/nowy-termin-targow-swiatlo-i-targow-elektrotechnika\/Baner_Swiatlo_2021_750x101.jpg\" alt=\"\" width=\"751\" height=\"101\" srcset=\"https:\/\/elektrosystemy.pl\/wp-content\/uploads\/uncategorized\/2020\/10\/29\/nowy-termin-targow-swiatlo-i-targow-elektrotechnika\/Baner_Swiatlo_2021_750x101.jpg 751w, https:\/\/elektrosystemy.pl\/wp-content\/uploads\/uncategorized\/2020\/10\/29\/nowy-termin-targow-swiatlo-i-targow-elektrotechnika\/Baner_Swiatlo_2021_750x101-300x40.jpg 300w, https:\/\/elektrosystemy.pl\/wp-content\/uploads\/uncategorized\/2020\/10\/29\/nowy-termin-targow-swiatlo-i-targow-elektrotechnika\/Baner_Swiatlo_2021_750x101-600x81.jpg 600w\" sizes=\"(max-width: 751px) 100vw, 751px\" \/><\/a><\/p>\n<p><a href=\"https:\/\/elektroinstalacje.pl\/\" target=\"_blank\" rel=\"noopener noreferrer\"><img loading=\"lazy\" class=\"alignnone wp-image-34284 size-full\" src=\"https:\/\/elektrosystemy.pl\/wp-content\/uploads\/uncategorized\/2020\/10\/29\/nowy-termin-targow-swiatlo-i-targow-elektrotechnika\/Baner_Elektrotechnika_2021_750x101.jpg\" alt=\"\" width=\"750\" height=\"103\" srcset=\"https:\/\/elektrosystemy.pl\/wp-content\/uploads\/uncategorized\/2020\/10\/29\/nowy-termin-targow-swiatlo-i-targow-elektrotechnika\/Baner_Elektrotechnika_2021_750x101.jpg 750w, https:\/\/elektrosystemy.pl\/wp-content\/uploads\/uncategorized\/2020\/10\/29\/nowy-termin-targow-swiatlo-i-targow-elektrotechnika\/Baner_Elektrotechnika_2021_750x101-300x41.jpg 300w, https:\/\/elektrosystemy.pl\/wp-content\/uploads\/uncategorized\/2020\/10\/29\/nowy-termin-targow-swiatlo-i-targow-elektrotechnika\/Baner_Elektrotechnika_2021_750x101-600x82.jpg 600w\" sizes=\"(max-width: 750px) 100vw, 750px\" \/><\/a><\/p>\n","protected":false},"excerpt":{"rendered":"<p>Agencja Soma, organizator Targ\u00f3w \u015awiat\u0142o 2021 oraz Targ\u00f3w Elektroinstalacje 2021, poinformowa\u0142 o przesuni\u0119ciu terminu wydarzenia na 19-21 maja 2021 r. Decyzja zosta\u0142a podj\u0119ta w zwi\u0105zku z dynamicznie rozwijaj\u0105c\u0105 si\u0119 sytuacj\u0105 pandemiczn\u0105 w Polsce oraz planowanym uruchomieniem szpitala tymczasowego dla chorych na COVID-19 w warszawskiej hali EXPO XXI, czyli miejscu, w kt\u00f3rym od lat odbywaj\u0105 si\u0119&hellip;<\/p>\n","protected":false},"author":3,"featured_media":34288,"comment_status":"closed","ping_status":"closed","sticky":false,"template":"","format":"standard","meta":[],"categories":[318,323,327],"tags":[1632,672],"_links":{"self":[{"href":"https:\/\/elektrosystemy.pl\/index.php?rest_route=\/wp\/v2\/posts\/34281"}],"collection":[{"href":"https:\/\/elektrosystemy.pl\/index.php?rest_route=\/wp\/v2\/posts"}],"about":[{"href":"https:\/\/elektrosystemy.pl\/index.php?rest_route=\/wp\/v2\/types\/post"}],"author":[{"embeddable":true,"href":"https:\/\/elektrosystemy.pl\/index.php?rest_route=\/wp\/v2\/users\/3"}],"replies":[{"embeddable":true,"href":"https:\/\/elektrosystemy.pl\/index.php?rest_route=%2Fwp%2Fv2%2Fcomments&post=34281"}],"version-history":[{"count":4,"href":"https:\/\/elektrosystemy.pl\/index.php?rest_route=\/wp\/v2\/posts\/34281\/revisions"}],"predecessor-version":[{"id":34289,"href":"https:\/\/elektrosystemy.pl\/index.php?rest_route=\/wp\/v2\/posts\/34281\/revisions\/34289"}],"wp:featuredmedia":[{"embeddable":true,"href":"https:\/\/elektrosystemy.pl\/index.php?rest_route=\/wp\/v2\/media\/34288"}],"wp:attachment":[{"href":"https:\/\/elektrosystemy.pl\/index.php?rest_route=%2Fwp%2Fv2%2Fmedia&parent=34281"}],"wp:term":[{"taxonomy":"category","embeddable":true,"href":"https:\/\/elektrosystemy.pl\/index.php?rest_route=%2Fwp%2Fv2%2Fcategories&post=34281"},{"taxonomy":"post_tag","embeddable":true,"href":"https:\/\/elektrosystemy.pl\/index.php?rest_route=%2Fwp%2Fv2%2Ftags&post=34281"}],"curies":[{"name":"wp","href":"https:\/\/api.w.org\/{rel}","templated":true}]}}