{"id":34575,"date":"2020-12-08T14:38:23","date_gmt":"2020-12-08T13:38:23","guid":{"rendered":"https:\/\/elektrosystemy.pl\/?p=34575"},"modified":"2020-12-08T15:21:00","modified_gmt":"2020-12-08T14:21:00","slug":"targi-automaticon-swiatlo-i-elektrotechnika-w-jednym-terminie","status":"publish","type":"post","link":"https:\/\/elektrosystemy.pl\/?p=34575","title":{"rendered":"Targi Automaticon, \u015awiat\u0142o i Elektrotechnika w jednym terminie"},"content":{"rendered":"<p><strong>Przedstawiciele Sieci Badawczej \u0141ukasiewicz \u2013 Przemys\u0142owego Instytutu Automatyki i Pomiar\u00f3w PIAP oraz Agencji SOMA postanowili zorganizowa\u0107 w jednym czasie: 26. Mi\u0119dzynarodowe Targi Automatyki i Pomiar\u00f3w Automaticon 2021, 19. Mi\u0119dzynarodowe Targi Sprz\u0119tu Elektrycznego i System\u00f3w Zabezpiecze\u0144 Elektrotechnika 2021 i 29. Mi\u0119dzynarodowe Targi Sprz\u0119tu O\u015bwietleniowego \u015awiat\u0142o 2021.<\/strong><\/p>\n<p>Targi Automaticon powr\u00f3c\u0105 w 2021 roku w nowej formule staj\u0105c si\u0119 cz\u0119\u015bci\u0105 przedsi\u0119wzi\u0119cia, kt\u00f3re po\u0142\u0105czy trzy imprezy targowe w bran\u017cowe wydarzenie roku 2021.<\/p>\n<p>Wed\u0142ug o\u015bwiadczenia organizator\u00f3w przeprowadzenie trzech imprez jednocze\u015bnie, w dniach 19 &#8211; 21 maja 2021 roku, w Centrum Targowym EXPO XXI (ul. Pr\u0105dzy\u0144skiego 12\/14 w Warszawie), otworzy nowe mo\u017cliwo\u015bci przed wystawcami, jak i odwiedzaj\u0105cymi. B\u0119dzie to wsp\u00f3lna przestrze\u0144 wymiany wiedzy, do\u015bwiadcze\u0144 i pomys\u0142\u00f3w. Zaprezentowane zostan\u0105 najnowsze produkty, maszyny, urz\u0105dzenia i technologie oraz innowacyjne rozwi\u0105zania, b\u0119d\u0105ce punktem wyj\u015bcia dla nowych projekt\u00f3w oraz dzia\u0142a\u0144 modernizacyjnych w przemy\u015ble, energetyce, budownictwie czy inwestycjach samorz\u0105dowych.<\/p>\n<p>W roku 2021 targi zyskaj\u0105 dodatkow\u0105 wirtualn\u0105 ods\u0142on\u0119, daj\u0105c\u0105 szersze mo\u017cliwo\u015bci prezentacji za spraw\u0105 specjalnie przygotowanej platformy, w pe\u0142ni oddaj\u0105cej wystawienniczy charakter spotkania. Z kolei kr\u00f3tsza, trzydniowa formu\u0142a, pozwoli zoptymalizowa\u0107 czas sp\u0119dzany na targach, bez uszczerbku dla walor\u00f3w merytorycznych. Seminaria, odbywaj\u0105ce si\u0119 na miejscu podczas targ\u00f3w, dost\u0119pne b\u0119d\u0105 online. Tradycyjnie przyznany zostanie Z\u0142oty Medal Automaticon 2021 \u2013 wyr\u00f3\u017cnienie bran\u017cy automatyki pomiar\u00f3w i elektroniki. Aby uczestnicy forum czuli si\u0119 komfortowo i bezpiecznie, organizatorzy targ\u00f3w spe\u0142ni\u0105 wszelkie wymogi sanitarno-epidemiczne.<\/p>\n","protected":false},"excerpt":{"rendered":"<p>Przedstawiciele Sieci Badawczej \u0141ukasiewicz \u2013 Przemys\u0142owego Instytutu Automatyki i Pomiar\u00f3w PIAP oraz Agencji SOMA postanowili zorganizowa\u0107 w jednym czasie: 26. Mi\u0119dzynarodowe Targi Automatyki i Pomiar\u00f3w Automaticon 2021, 19. Mi\u0119dzynarodowe Targi Sprz\u0119tu Elektrycznego i System\u00f3w Zabezpiecze\u0144 Elektrotechnika 2021 i 29. Mi\u0119dzynarodowe Targi Sprz\u0119tu O\u015bwietleniowego \u015awiat\u0142o 2021. Targi Automaticon powr\u00f3c\u0105 w 2021 roku w nowej formule staj\u0105c&hellip;<\/p>\n","protected":false},"author":3,"featured_media":34578,"comment_status":"closed","ping_status":"closed","sticky":false,"template":"","format":"standard","meta":[],"categories":[318,327],"tags":[2372,683,656,1632,672],"_links":{"self":[{"href":"https:\/\/elektrosystemy.pl\/index.php?rest_route=\/wp\/v2\/posts\/34575"}],"collection":[{"href":"https:\/\/elektrosystemy.pl\/index.php?rest_route=\/wp\/v2\/posts"}],"about":[{"href":"https:\/\/elektrosystemy.pl\/index.php?rest_route=\/wp\/v2\/types\/post"}],"author":[{"embeddable":true,"href":"https:\/\/elektrosystemy.pl\/index.php?rest_route=\/wp\/v2\/users\/3"}],"replies":[{"embeddable":true,"href":"https:\/\/elektrosystemy.pl\/index.php?rest_route=%2Fwp%2Fv2%2Fcomments&post=34575"}],"version-history":[{"count":1,"href":"https:\/\/elektrosystemy.pl\/index.php?rest_route=\/wp\/v2\/posts\/34575\/revisions"}],"predecessor-version":[{"id":34577,"href":"https:\/\/elektrosystemy.pl\/index.php?rest_route=\/wp\/v2\/posts\/34575\/revisions\/34577"}],"wp:featuredmedia":[{"embeddable":true,"href":"https:\/\/elektrosystemy.pl\/index.php?rest_route=\/wp\/v2\/media\/34578"}],"wp:attachment":[{"href":"https:\/\/elektrosystemy.pl\/index.php?rest_route=%2Fwp%2Fv2%2Fmedia&parent=34575"}],"wp:term":[{"taxonomy":"category","embeddable":true,"href":"https:\/\/elektrosystemy.pl\/index.php?rest_route=%2Fwp%2Fv2%2Fcategories&post=34575"},{"taxonomy":"post_tag","embeddable":true,"href":"https:\/\/elektrosystemy.pl\/index.php?rest_route=%2Fwp%2Fv2%2Ftags&post=34575"}],"curies":[{"name":"wp","href":"https:\/\/api.w.org\/{rel}","templated":true}]}}