{"id":34581,"date":"2020-12-10T10:08:36","date_gmt":"2020-12-10T09:08:36","guid":{"rendered":"https:\/\/elektrosystemy.pl\/?p=34581"},"modified":"2020-12-10T10:09:27","modified_gmt":"2020-12-10T09:09:27","slug":"program-moj-prad-zostal-zamkniety","status":"publish","type":"post","link":"https:\/\/elektrosystemy.pl\/?p=34581","title":{"rendered":"Program \u201eM\u00f3j Pr\u0105d\u201d zosta\u0142 zamkni\u0119ty"},"content":{"rendered":"<p><strong>Ponad 220 tys. prosument\u00f3w otrzyma\u0142o wsparcie w ramach zwi\u0119kszonego do 1,1\u00a0 mld z\u0142 bud\u017cetu programu \u201eM\u00f3j Pr\u0105d\u201d. Z powodu wykorzystania wszystkich \u015brodk\u00f3w nab\u00f3r wniosk\u00f3w zosta\u0142 przez Ministerstwo Klimatu i \u015arodowiska oraz NFO\u015aiGW zamkni\u0119ty 7 grudnia br.<\/strong><\/p>\n<p>Wed\u0142ug informacji NFO\u015aiGW do 8 grudnia zarejestrowano \u0142\u0105cznie oko\u0142o 260 tysi\u0119cy wniosk\u00f3w. Pocz\u0105tkowa pula \u015brodk\u00f3w ustalona na poziomie 1 miliarda z\u0142otych wyczerpa\u0142a si\u0119 6 listopada. Podj\u0119to w\u00f3wczas decyzj\u0119 o <a href=\"https:\/\/elektrosystemy.pl\/?p=34394\">dodatkowym dofinansowaniu w wysoko\u015bci 100 mln z\u0142otych<\/a>. Spore zainteresowanie programem &#8220;M\u00f3j pr\u0105d&#8221; spowodowa\u0142o, \u017ce nab\u00f3r wniosk\u00f3w o dofinansowanie zako\u0144czy\u0142 si\u0119 prawie dwa tygodnie przed zak\u0142adanym na 18 grudnia terminem.<\/p>\n<p>Planowana jest nowa edycja programu M\u00f3j Pr\u0105d, kt\u00f3rej program ma uwzgl\u0119dnia\u0107 takie instalacje, jak \u0142adowarki do samochod\u00f3w elektrycznych czy magazyny energii.<\/p>\n<p>\u201eM\u00f3j Pr\u0105d\u201d to jeden z najwi\u0119kszych w Europie program\u00f3w finansowania mikroinstalacji fotowoltaicznych dla os\u00f3b fizycznych, kt\u00f3re wytwarzaj\u0105 energi\u0119 elektryczn\u0105 na w\u0142asne potrzeby. Warunkiem skorzystania z programu, kt\u00f3ry wystartowa\u0142 w po\u0142owie 2019 r., jest umowa kompleksowa reguluj\u0105ca kwestie zwi\u0105zane z wprowadzeniem do sieci energii elektrycznej z wytworzonej mikroinstalacji. Dofinansowanie realizowane jest w formie dotacji do 50% koszt\u00f3w kwalifikowanych mikroinstalacji wchodz\u0105cej w sk\u0142ad przedsi\u0119wzi\u0119cia nie wi\u0119cej ni\u017c 5 tys. z\u0142 na jedno przedsi\u0119wzi\u0119cie.<\/p>\n","protected":false},"excerpt":{"rendered":"<p>Ponad 220 tys. prosument\u00f3w otrzyma\u0142o wsparcie w ramach zwi\u0119kszonego do 1,1\u00a0 mld z\u0142 bud\u017cetu programu \u201eM\u00f3j Pr\u0105d\u201d. Z powodu wykorzystania wszystkich \u015brodk\u00f3w nab\u00f3r wniosk\u00f3w zosta\u0142 przez Ministerstwo Klimatu i \u015arodowiska oraz NFO\u015aiGW zamkni\u0119ty 7 grudnia br. Wed\u0142ug informacji NFO\u015aiGW do 8 grudnia zarejestrowano \u0142\u0105cznie oko\u0142o 260 tysi\u0119cy wniosk\u00f3w. Pocz\u0105tkowa pula \u015brodk\u00f3w ustalona na poziomie 1&hellip;<\/p>\n","protected":false},"author":3,"featured_media":34460,"comment_status":"closed","ping_status":"closed","sticky":false,"template":"","format":"standard","meta":[],"categories":[323],"tags":[665],"_links":{"self":[{"href":"https:\/\/elektrosystemy.pl\/index.php?rest_route=\/wp\/v2\/posts\/34581"}],"collection":[{"href":"https:\/\/elektrosystemy.pl\/index.php?rest_route=\/wp\/v2\/posts"}],"about":[{"href":"https:\/\/elektrosystemy.pl\/index.php?rest_route=\/wp\/v2\/types\/post"}],"author":[{"embeddable":true,"href":"https:\/\/elektrosystemy.pl\/index.php?rest_route=\/wp\/v2\/users\/3"}],"replies":[{"embeddable":true,"href":"https:\/\/elektrosystemy.pl\/index.php?rest_route=%2Fwp%2Fv2%2Fcomments&post=34581"}],"version-history":[{"count":3,"href":"https:\/\/elektrosystemy.pl\/index.php?rest_route=\/wp\/v2\/posts\/34581\/revisions"}],"predecessor-version":[{"id":34584,"href":"https:\/\/elektrosystemy.pl\/index.php?rest_route=\/wp\/v2\/posts\/34581\/revisions\/34584"}],"wp:featuredmedia":[{"embeddable":true,"href":"https:\/\/elektrosystemy.pl\/index.php?rest_route=\/wp\/v2\/media\/34460"}],"wp:attachment":[{"href":"https:\/\/elektrosystemy.pl\/index.php?rest_route=%2Fwp%2Fv2%2Fmedia&parent=34581"}],"wp:term":[{"taxonomy":"category","embeddable":true,"href":"https:\/\/elektrosystemy.pl\/index.php?rest_route=%2Fwp%2Fv2%2Fcategories&post=34581"},{"taxonomy":"post_tag","embeddable":true,"href":"https:\/\/elektrosystemy.pl\/index.php?rest_route=%2Fwp%2Fv2%2Ftags&post=34581"}],"curies":[{"name":"wp","href":"https:\/\/api.w.org\/{rel}","templated":true}]}}