{"id":34695,"date":"2021-03-17T09:23:41","date_gmt":"2021-03-17T08:23:41","guid":{"rendered":"https:\/\/elektrosystemy.pl\/?p=34695"},"modified":"2021-03-17T15:26:12","modified_gmt":"2021-03-17T14:26:12","slug":"moj-prad-3-0-na-nowych-zasadach","status":"publish","type":"post","link":"https:\/\/elektrosystemy.pl\/?p=34695","title":{"rendered":"\u201eM\u00f3j Pr\u0105d\u201d 3.0 na nowych zasadach"},"content":{"rendered":"<p><strong>Wytwarzanie i zu\u017cywanie energii elektrycznej z mikroinstalacji fotowoltaicznych na w\u0142asne potrzeby, przedzia\u0142 mocy 2-10 kW, inwestycje pod\u0142\u0105czone do sieci OSD, koszty kwalifikowane od dnia 1 lutego 2020 r. oraz poziom dofinansowania zale\u017cny od zakresu rzeczowego inwestycji \u2013 to zasady, kt\u00f3re b\u0119d\u0105 obowi\u0105zywa\u0142y w trzeciej ods\u0142onie programu \u201eM\u00f3j Pr\u0105d\u201d. Rozpocz\u0119cie nowego naboru planowane jest od 1 lipca br.<\/strong><\/p>\n<p>Program \u201eM\u00f3j Pr\u0105d\u201d b\u0119dzie finansowany ze \u015brodk\u00f3w unijnych z instrumentu, w kt\u00f3rym koszty kwalifikowane stanowi\u0105 wydatki poniesione w okresie od 1.02.2020 r. do 31.12.2023 r. Wnioskodawcy, kt\u00f3rzy zakupili instalacj\u0119 przed og\u0142oszeniem naboru \u2013 ale po 31.01.2020 r. \u2013 b\u0119d\u0105 mogli skorzysta\u0107 z dofinansowania po spe\u0142nieniu innych warunk\u00f3w okre\u015blonych w programie. Finansowane b\u0119d\u0105 projekty zako\u0144czone i pod\u0142\u0105czone do sieci OSD (Operator Systemu Dystrybucyjnego). Przedzia\u0142 mocy instalacji 2-10 kW w trzeciej edycji programu b\u0119dzie utrzymany.<\/p>\n<p>Trwaj\u0105 jeszcze prace koncepcyjne Ministerstwa Klimatu i \u015arodowiska oraz NFO\u015aiGW nad poziomem dofinansowania oraz zakresem rzeczowym inwestycji dofinansowywanych w ramach nowej ods\u0142ony programu wraz z uwzgl\u0119dnieniem mo\u017cliwo\u015bci rozszerzenia dotychczasowego zakresu programu o nast\u0119puj\u0105ce elementy: punkty \u0142adowania (\u0142adowarki) do samochod\u00f3w elektrycznych, inteligentne systemy zarz\u0105dzania energi\u0105 w domu oraz magazyny ciep\u0142a\/ch\u0142odu.<\/p>\n<p>Dofinansowanie z \u201eMojego Pr\u0105du\u201d trafi do os\u00f3b fizycznych wytwarzaj\u0105cych energi\u0119 elektryczn\u0105 na w\u0142asne potrzeby, kt\u00f3re maj\u0105 zawart\u0105 umow\u0119 kompleksow\u0105 reguluj\u0105c\u0105 kwestie zwi\u0105zane z wprowadzeniem do sieci energii elektrycznej wytworzonej w mikroinstalacji. Osoby te b\u0119d\u0105 mog\u0142y skorzysta\u0107 z dofinansowania na zakup i monta\u017c instalacji fotowoltaicznej i\/lub dodatkowe elementy s\u0142u\u017c\u0105ce autokonsumpcji wytworzonej energii elektrycznej.<\/p>\n<p>Szczeg\u00f3\u0142y trzeciej edycji programu \u201eM\u00f3j Pr\u0105d\u201d wraz z przewidywanym bud\u017cetem na jego realizacj\u0119 zostan\u0105 podane wkr\u00f3tce. Nab\u00f3r planowany jest od 1 lipca do 20 grudnia 2021 r. (z mo\u017cliwo\u015bci\u0105 przed\u0142u\u017cenia) lub do wyczerpania alokacji \u015brodk\u00f3w.<\/p>\n","protected":false},"excerpt":{"rendered":"<p>Wytwarzanie i zu\u017cywanie energii elektrycznej z mikroinstalacji fotowoltaicznych na w\u0142asne potrzeby, przedzia\u0142 mocy 2-10 kW, inwestycje pod\u0142\u0105czone do sieci OSD, koszty kwalifikowane od dnia 1 lutego 2020 r. oraz poziom dofinansowania zale\u017cny od zakresu rzeczowego inwestycji \u2013 to zasady, kt\u00f3re b\u0119d\u0105 obowi\u0105zywa\u0142y w trzeciej ods\u0142onie programu \u201eM\u00f3j Pr\u0105d\u201d. Rozpocz\u0119cie nowego naboru planowane jest od 1&hellip;<\/p>\n","protected":false},"author":3,"featured_media":34696,"comment_status":"closed","ping_status":"closed","sticky":false,"template":"","format":"standard","meta":[],"categories":[850,827],"tags":[665],"_links":{"self":[{"href":"https:\/\/elektrosystemy.pl\/index.php?rest_route=\/wp\/v2\/posts\/34695"}],"collection":[{"href":"https:\/\/elektrosystemy.pl\/index.php?rest_route=\/wp\/v2\/posts"}],"about":[{"href":"https:\/\/elektrosystemy.pl\/index.php?rest_route=\/wp\/v2\/types\/post"}],"author":[{"embeddable":true,"href":"https:\/\/elektrosystemy.pl\/index.php?rest_route=\/wp\/v2\/users\/3"}],"replies":[{"embeddable":true,"href":"https:\/\/elektrosystemy.pl\/index.php?rest_route=%2Fwp%2Fv2%2Fcomments&post=34695"}],"version-history":[{"count":1,"href":"https:\/\/elektrosystemy.pl\/index.php?rest_route=\/wp\/v2\/posts\/34695\/revisions"}],"predecessor-version":[{"id":34697,"href":"https:\/\/elektrosystemy.pl\/index.php?rest_route=\/wp\/v2\/posts\/34695\/revisions\/34697"}],"wp:featuredmedia":[{"embeddable":true,"href":"https:\/\/elektrosystemy.pl\/index.php?rest_route=\/wp\/v2\/media\/34696"}],"wp:attachment":[{"href":"https:\/\/elektrosystemy.pl\/index.php?rest_route=%2Fwp%2Fv2%2Fmedia&parent=34695"}],"wp:term":[{"taxonomy":"category","embeddable":true,"href":"https:\/\/elektrosystemy.pl\/index.php?rest_route=%2Fwp%2Fv2%2Fcategories&post=34695"},{"taxonomy":"post_tag","embeddable":true,"href":"https:\/\/elektrosystemy.pl\/index.php?rest_route=%2Fwp%2Fv2%2Ftags&post=34695"}],"curies":[{"name":"wp","href":"https:\/\/api.w.org\/{rel}","templated":true}]}}