{"id":34711,"date":"2021-03-18T16:01:59","date_gmt":"2021-03-18T15:01:59","guid":{"rendered":"https:\/\/elektrosystemy.pl\/?p=34711"},"modified":"2021-03-18T16:01:59","modified_gmt":"2021-03-18T15:01:59","slug":"nowy-termin-targow-enex","status":"publish","type":"post","link":"https:\/\/elektrosystemy.pl\/?p=34711","title":{"rendered":"Nowy termin Targ\u00f3w Enex"},"content":{"rendered":"<p><strong>Zarz\u0105d Targ\u00f3w Kielce poinformowa\u0142, i\u017c w zwi\u0105zku z dynamiczn\u0105 sytuacj\u0105 epidemiczn\u0105 i zwi\u0105zanymi z ni\u0105 obostrzeniami musia\u0142 podj\u0105\u0107 trudn\u0105 decyzj\u0119 o przeniesieniu Targ\u00f3w Enex na kolejny rok. W zwi\u0105zku z tym nast\u0119pna edycja Mi\u0119dzynarodowych Targ\u00f3w Energetyki i Elektrotechniki oraz Targ\u00f3w Odnawialnych \u0179r\u00f3de\u0142 Energii Enex odb\u0119dzie si\u0119 w terminie od 23 do 24 lutego 2022 roku.<\/strong><\/p>\n<p>&#8211; <em>G\u0142\u0119boko wierzymy, \u017ce nasza decyzja zostanie przyj\u0119ta ze zrozumieniem, a z wszystkimi spotkamy si\u0119 w przysz\u0142ym roku. Jednocze\u015bnie zapewniamy, \u017ce ca\u0142y czas bardzo mocno pracujemy nad przygotowaniem energetycznych wydarze\u0144 i wyniesieniem targ\u00f3w Enex na wy\u017cszy poziom. Wierzymy, \u017ce nasze dzia\u0142ania spowoduj\u0105 jeszcze wi\u0119ksze zainteresowanie tematem energii, a po ustabilizowaniu si\u0119 sytuacji epidemicznej hale Targ\u00f3w Kielce wype\u0142ni\u0105 si\u0119 wystawcami i zwiedzaj\u0105cymi<\/em> \u2013 napisa\u0142 w komunikacie organizator Targ\u00f3w.<\/p>\n<p><strong>Enex w sieci<\/strong><\/p>\n<p>Tegoroczna edycja targ\u00f3w nie mo\u017ce si\u0119 odby\u0107 w tradycyjnej formie, jednak organizatorzy wydarzenia przygotowali dla wystawc\u00f3w i zwiedzaj\u0105cych ciekaw\u0105 propozycj\u0119. Enex w sieci to\u00a0 wirtualne spotkanie, kt\u00f3re odb\u0119dzie si\u0119 28 kwietnia. W programie wydarzenia przewidziano mo\u017cliwo\u015b\u0107 prezentacji produkt\u00f3w, interesuj\u0105ce spotkania, a tak\u017ce bran\u017cowe nagrody.<\/p>\n<p>&#8211; <em>Cho\u0107 wiemy, \u017ce nic nie zast\u0105pi bezpo\u015brednich rozm\u00f3w przy kawie, to chcemy stworzy\u0107 cho\u0107 namiastk\u0119 targ\u00f3w<\/em> \u2013 m\u00f3wi Robert Fr\u0105k, menad\u017cer targ\u00f3w Enex.<\/p>\n","protected":false},"excerpt":{"rendered":"<p>Zarz\u0105d Targ\u00f3w Kielce poinformowa\u0142, i\u017c w zwi\u0105zku z dynamiczn\u0105 sytuacj\u0105 epidemiczn\u0105 i zwi\u0105zanymi z ni\u0105 obostrzeniami musia\u0142 podj\u0105\u0107 trudn\u0105 decyzj\u0119 o przeniesieniu Targ\u00f3w Enex na kolejny rok. W zwi\u0105zku z tym nast\u0119pna edycja Mi\u0119dzynarodowych Targ\u00f3w Energetyki i Elektrotechniki oraz Targ\u00f3w Odnawialnych \u0179r\u00f3de\u0142 Energii Enex odb\u0119dzie si\u0119 w terminie od 23 do 24 lutego 2022 roku.&hellip;<\/p>\n","protected":false},"author":3,"featured_media":34712,"comment_status":"closed","ping_status":"closed","sticky":false,"template":"","format":"standard","meta":[],"categories":[318,327],"tags":[654,2239],"_links":{"self":[{"href":"https:\/\/elektrosystemy.pl\/index.php?rest_route=\/wp\/v2\/posts\/34711"}],"collection":[{"href":"https:\/\/elektrosystemy.pl\/index.php?rest_route=\/wp\/v2\/posts"}],"about":[{"href":"https:\/\/elektrosystemy.pl\/index.php?rest_route=\/wp\/v2\/types\/post"}],"author":[{"embeddable":true,"href":"https:\/\/elektrosystemy.pl\/index.php?rest_route=\/wp\/v2\/users\/3"}],"replies":[{"embeddable":true,"href":"https:\/\/elektrosystemy.pl\/index.php?rest_route=%2Fwp%2Fv2%2Fcomments&post=34711"}],"version-history":[{"count":1,"href":"https:\/\/elektrosystemy.pl\/index.php?rest_route=\/wp\/v2\/posts\/34711\/revisions"}],"predecessor-version":[{"id":34713,"href":"https:\/\/elektrosystemy.pl\/index.php?rest_route=\/wp\/v2\/posts\/34711\/revisions\/34713"}],"wp:featuredmedia":[{"embeddable":true,"href":"https:\/\/elektrosystemy.pl\/index.php?rest_route=\/wp\/v2\/media\/34712"}],"wp:attachment":[{"href":"https:\/\/elektrosystemy.pl\/index.php?rest_route=%2Fwp%2Fv2%2Fmedia&parent=34711"}],"wp:term":[{"taxonomy":"category","embeddable":true,"href":"https:\/\/elektrosystemy.pl\/index.php?rest_route=%2Fwp%2Fv2%2Fcategories&post=34711"},{"taxonomy":"post_tag","embeddable":true,"href":"https:\/\/elektrosystemy.pl\/index.php?rest_route=%2Fwp%2Fv2%2Ftags&post=34711"}],"curies":[{"name":"wp","href":"https:\/\/api.w.org\/{rel}","templated":true}]}}