{"id":35050,"date":"2021-05-05T10:21:17","date_gmt":"2021-05-05T08:21:17","guid":{"rendered":"https:\/\/elektrosystemy.pl\/?p=35050"},"modified":"2021-05-05T10:21:17","modified_gmt":"2021-05-05T08:21:17","slug":"ml-system-pozyskal-hale-produkcyjna-o-powierzchni-62-tys-m2","status":"publish","type":"post","link":"https:\/\/elektrosystemy.pl\/?p=35050","title":{"rendered":"ML System pozyska\u0142 hal\u0119 produkcyjn\u0105 o powierzchni 6,2 tys. m2"},"content":{"rendered":"<p><strong>ML System podpisa\u0142 z Agencj\u0105 Rozwoju Przemys\u0142u (ARP) umow\u0119 leasingu finansowego, dzi\u0119ki kt\u00f3rej finansuj\u0105cy oddaje do korzystania sp\u00f3\u0142ce nieruchomo\u015b\u0107 gruntow\u0105 zlokalizowan\u0105 w Zaczerniu, bezpo\u015brednio obok obecnej fabryki ML System. Na dzia\u0142ce obj\u0119tej leasingiem znajduje si\u0119 hala produkcyjno-magazynowa o powierzchni u\u017cytkowej ok. 6,2 tys. m<sup>2<\/sup> wraz z niezb\u0119dnym zapleczem i infrastruktur\u0105. <\/strong><\/p>\n<p>Warto\u015b\u0107 pocz\u0105tkowa umowy leasingu wynosi 17,6 mln z\u0142, a jej sp\u0142ata nast\u0119powa\u0107 b\u0119dzie przez osiem lat, a szczeg\u00f3\u0142owe warunki umowy nie odbiegaj\u0105 od standard\u00f3w rynkowych stosowanych w umowach tego typu. Wykup przedmiotu leasingu nast\u0105pi po up\u0142ywie okresu obowi\u0105zywania umowy, a roszczenie o przeniesienie w\u0142asno\u015bci na sp\u00f3\u0142k\u0119 wpisane zostanie w ksi\u0119dze wieczystej prowadzonej dla nieruchomo\u015bci.<\/p>\n<p>&#8211; <em>Cieszymy si\u0119, \u017ce ARP wspiera dynamiczny rozw\u00f3j innowacyjnych przedsi\u0119biorstw, takich jak ML System. Stanowi to modelowy przyk\u0142ad wsp\u00f3\u0142pracy agencji pa\u0144stwowej z polskim, nowoczesnym przemys\u0142em. Przej\u0119cie w u\u017cytkowanie hali produkcyjnej przyczyni si\u0119 do przyspieszenia rozwoju sp\u00f3\u0142ki. Inwestycja graniczy bezpo\u015brednio z nasz\u0105 fabryk\u0105, co powi\u0119kszy powierzchni\u0119 zak\u0142adu z 14 do ponad 20 tys. m<sup>2<\/sup> w jednej lokalizacji &#8211; <\/em>komentuje Dawid Cyco\u0144, prezes ML System.<\/p>\n","protected":false},"excerpt":{"rendered":"<p>ML System podpisa\u0142 z Agencj\u0105 Rozwoju Przemys\u0142u (ARP) umow\u0119 leasingu finansowego, dzi\u0119ki kt\u00f3rej finansuj\u0105cy oddaje do korzystania sp\u00f3\u0142ce nieruchomo\u015b\u0107 gruntow\u0105 zlokalizowan\u0105 w Zaczerniu, bezpo\u015brednio obok obecnej fabryki ML System. Na dzia\u0142ce obj\u0119tej leasingiem znajduje si\u0119 hala produkcyjno-magazynowa o powierzchni u\u017cytkowej ok. 6,2 tys. m2 wraz z niezb\u0119dnym zapleczem i infrastruktur\u0105. Warto\u015b\u0107 pocz\u0105tkowa umowy leasingu wynosi&hellip;<\/p>\n","protected":false},"author":3,"featured_media":35051,"comment_status":"closed","ping_status":"closed","sticky":false,"template":"","format":"standard","meta":[],"categories":[323],"tags":[699],"_links":{"self":[{"href":"https:\/\/elektrosystemy.pl\/index.php?rest_route=\/wp\/v2\/posts\/35050"}],"collection":[{"href":"https:\/\/elektrosystemy.pl\/index.php?rest_route=\/wp\/v2\/posts"}],"about":[{"href":"https:\/\/elektrosystemy.pl\/index.php?rest_route=\/wp\/v2\/types\/post"}],"author":[{"embeddable":true,"href":"https:\/\/elektrosystemy.pl\/index.php?rest_route=\/wp\/v2\/users\/3"}],"replies":[{"embeddable":true,"href":"https:\/\/elektrosystemy.pl\/index.php?rest_route=%2Fwp%2Fv2%2Fcomments&post=35050"}],"version-history":[{"count":1,"href":"https:\/\/elektrosystemy.pl\/index.php?rest_route=\/wp\/v2\/posts\/35050\/revisions"}],"predecessor-version":[{"id":35052,"href":"https:\/\/elektrosystemy.pl\/index.php?rest_route=\/wp\/v2\/posts\/35050\/revisions\/35052"}],"wp:featuredmedia":[{"embeddable":true,"href":"https:\/\/elektrosystemy.pl\/index.php?rest_route=\/wp\/v2\/media\/35051"}],"wp:attachment":[{"href":"https:\/\/elektrosystemy.pl\/index.php?rest_route=%2Fwp%2Fv2%2Fmedia&parent=35050"}],"wp:term":[{"taxonomy":"category","embeddable":true,"href":"https:\/\/elektrosystemy.pl\/index.php?rest_route=%2Fwp%2Fv2%2Fcategories&post=35050"},{"taxonomy":"post_tag","embeddable":true,"href":"https:\/\/elektrosystemy.pl\/index.php?rest_route=%2Fwp%2Fv2%2Ftags&post=35050"}],"curies":[{"name":"wp","href":"https:\/\/api.w.org\/{rel}","templated":true}]}}