{"id":35066,"date":"2021-05-06T16:00:53","date_gmt":"2021-05-06T14:00:53","guid":{"rendered":"https:\/\/elektrosystemy.pl\/?p=35066"},"modified":"2021-05-06T16:00:53","modified_gmt":"2021-05-06T14:00:53","slug":"ekoenergetyka-inwestuje-w-farmy-pv","status":"publish","type":"post","link":"https:\/\/elektrosystemy.pl\/?p=35066","title":{"rendered":"Ekoenergetyka inwestuje w farmy PV"},"content":{"rendered":"<p><strong>Ekoenergetyka rozszerza swoj\u0105 dzia\u0142alno\u015b\u0107 na rynku energetycznym i inwestuje w farmy fotowoltaiczne. Powo\u0142a\u0142a now\u0105 sp\u00f3\u0142k\u0119 Ekoenergetyka PV. Do ko\u0144ca 2024 roku planuje zrealizowa\u0107 40 projekt\u00f3w na \u0142\u0105czn\u0105 moc oko\u0142o 750 MWp.<\/strong><\/p>\n<p>Sp\u00f3\u0142ka Ekoenergetyka PV zajmuje si\u0119 przygotowaniem projekt\u00f3w inwestycyjnych, a sp\u00f3\u0142ki celowe b\u0119d\u0105 operatorem farm fotowoltaicznych oraz producentem zielonej, czystej energii elektrycznej. Firma planuje zrealizowa\u0107 \u0142\u0105cznie 40 projekt\u00f3w PV na \u0142\u0105czn\u0105 moc oko\u0142o 750 MWp. Pod te plany wydzier\u017cawione jest ju\u017c 1200 ha grunt\u00f3w.<\/p>\n<p>Tworzone przez Ekoenergetyk\u0119 farmy s\u0142oneczne b\u0119d\u0105 znajdowa\u0142y si\u0119 g\u0142\u00f3wnie na terenie woj. lubuskiego i wielkopolskiego. Najwi\u0119kszy projekt wygeneruje moc rz\u0119du 70 MWp, co uplasuje go w pierwszej dziesi\u0105tce najwi\u0119kszych instalacji w Polsce.<\/p>\n<p>&#8211; <em>Nie podlega w\u0105tpliwo\u015bci, \u017ce uruchomienie farm fotowoltaicznych to d\u0142ugi i skomplikowany proces, ale wyznaczyli\u015bmy konkretne cele: produkcja energii elektrycznej z pierwszych dziesi\u0119ciu projekt\u00f3w wiosn\u0105 2023 roku, realizacja wszystkich projekt\u00f3w w ramach pierwszego pakietu do ko\u0144ca 2024 roku <\/em>\u2013 m\u00f3wi Maciej Tomaszewski, cz\u0142onek zarz\u0105du Ekoenergetyka \u2013 PV.<\/p>\n","protected":false},"excerpt":{"rendered":"<p>Ekoenergetyka rozszerza swoj\u0105 dzia\u0142alno\u015b\u0107 na rynku energetycznym i inwestuje w farmy fotowoltaiczne. Powo\u0142a\u0142a now\u0105 sp\u00f3\u0142k\u0119 Ekoenergetyka PV. Do ko\u0144ca 2024 roku planuje zrealizowa\u0107 40 projekt\u00f3w na \u0142\u0105czn\u0105 moc oko\u0142o 750 MWp. Sp\u00f3\u0142ka Ekoenergetyka PV zajmuje si\u0119 przygotowaniem projekt\u00f3w inwestycyjnych, a sp\u00f3\u0142ki celowe b\u0119d\u0105 operatorem farm fotowoltaicznych oraz producentem zielonej, czystej energii elektrycznej. Firma planuje zrealizowa\u0107&hellip;<\/p>\n","protected":false},"author":3,"featured_media":31286,"comment_status":"closed","ping_status":"closed","sticky":false,"template":"","format":"standard","meta":[],"categories":[827,323],"tags":[1593],"_links":{"self":[{"href":"https:\/\/elektrosystemy.pl\/index.php?rest_route=\/wp\/v2\/posts\/35066"}],"collection":[{"href":"https:\/\/elektrosystemy.pl\/index.php?rest_route=\/wp\/v2\/posts"}],"about":[{"href":"https:\/\/elektrosystemy.pl\/index.php?rest_route=\/wp\/v2\/types\/post"}],"author":[{"embeddable":true,"href":"https:\/\/elektrosystemy.pl\/index.php?rest_route=\/wp\/v2\/users\/3"}],"replies":[{"embeddable":true,"href":"https:\/\/elektrosystemy.pl\/index.php?rest_route=%2Fwp%2Fv2%2Fcomments&post=35066"}],"version-history":[{"count":1,"href":"https:\/\/elektrosystemy.pl\/index.php?rest_route=\/wp\/v2\/posts\/35066\/revisions"}],"predecessor-version":[{"id":35067,"href":"https:\/\/elektrosystemy.pl\/index.php?rest_route=\/wp\/v2\/posts\/35066\/revisions\/35067"}],"wp:featuredmedia":[{"embeddable":true,"href":"https:\/\/elektrosystemy.pl\/index.php?rest_route=\/wp\/v2\/media\/31286"}],"wp:attachment":[{"href":"https:\/\/elektrosystemy.pl\/index.php?rest_route=%2Fwp%2Fv2%2Fmedia&parent=35066"}],"wp:term":[{"taxonomy":"category","embeddable":true,"href":"https:\/\/elektrosystemy.pl\/index.php?rest_route=%2Fwp%2Fv2%2Fcategories&post=35066"},{"taxonomy":"post_tag","embeddable":true,"href":"https:\/\/elektrosystemy.pl\/index.php?rest_route=%2Fwp%2Fv2%2Ftags&post=35066"}],"curies":[{"name":"wp","href":"https:\/\/api.w.org\/{rel}","templated":true}]}}