{"id":35255,"date":"2021-06-07T17:08:14","date_gmt":"2021-06-07T15:08:14","guid":{"rendered":"https:\/\/elektrosystemy.pl\/?p=35255"},"modified":"2021-06-07T17:08:14","modified_gmt":"2021-06-07T15:08:14","slug":"rozstrzygnieto-konkurs-osobowosc-roku-2020","status":"publish","type":"post","link":"https:\/\/elektrosystemy.pl\/?p=35255","title":{"rendered":"Rozstrzygni\u0119to Konkurs Osobowo\u015b\u0107 Roku 2020"},"content":{"rendered":"<p><strong>W siedzibie Polskiej Izby In\u017cynier\u00f3w Budownictwa odby\u0142o si\u0119 posiedzenie Kapitu\u0142y Konkursu Osobowo\u015b\u0107 Roku 2020. W jego trakcie podj\u0119to decyzj\u0119 o przyznaniu tytu\u0142\u00f3w w poszczeg\u00f3lnych kategoriach konkursu.<\/strong><\/p>\n<p>W spotkaniu wzi\u0119li udzia\u0142 przedstawiciele organizator\u00f3w, 10 og\u00f3lnopolskich organizacji bran\u017cowych: Polskiej Izby In\u017cynier\u00f3w Budownictwa, Stowarzyszenia Elektryk\u00f3w Polskich, Polskiej Izby Gospodarczej Elektrotechniki, Krajowej Izby Gospodarczej Elektroniki i Telekomunikacji, Krajowej Izby Gospodarczej Elektryki, Polskiej Izby Radiodyfuzji Cyfrowej, Polskiego Stowarzyszenia Bran\u017cy Elektroenergetycznej, Polskiego Zwi\u0105zku Przemys\u0142u O\u015bwietleniowego, Stowarzyszenia Polskich Energetyk\u00f3w, Stowarzyszenia Teletechnik\u00f3w Polskich XXI.<br \/>\nPrzewodnicz\u0105cym Kapitu\u0142y jest prof. dr hab. in\u017c. Zbigniew Radomski, natomiast Sekretarzem Marek Or\u0142owski \u2013 Prezes Zarz\u0105du Polskiego Zwi\u0105zku Przemys\u0142u O\u015bwietleniowego.<br \/>\nCelem Konkursu jest wyr\u00f3\u017cnienie i promowanie tw\u00f3rc\u00f3w wdro\u017conych, innowacyjnych rozwi\u0105za\u0144 i przedsi\u0119wzi\u0119\u0107 techniczno-gospodarczych oraz promocj\u0119 i popularyzowanie dorobku tw\u00f3rc\u00f3w techniki, nauki i nowoczesnej gospodarki w zakresie elektrotechniki, elektroenergetyki, teletechniki i o\u015bwietlenia w Polsce.<br \/>\nTytu\u0142 Osobowo\u015b\u0107 Roku ma charakter honorowy i nadawany jest corocznie osobom fizycznym w trzech kategoriach:<\/p>\n<ul>\n<li>gospodarka,<\/li>\n<li>otoczenie biznesu,<\/li>\n<li>nauka.<\/li>\n<\/ul>\n<p><span style=\"color: #000080;\"><strong><span style=\"font-size: 14pt;\">Tytu\u0142 Osobowo\u015bci Roku 2020 otrzymali:<\/span><\/strong><\/span><\/p>\n<p><span style=\"font-size: 12pt;\"><strong>W kategorii GOSPODARKA<\/strong><\/span><\/p>\n<p><span style=\"font-size: 12pt;\"><strong><a href=\"https:\/\/elektrosystemy.pl\/wp-content\/uploads\/uncategorized\/2021\/06\/07\/rozstrzygnieto-konkurs-osobowosc-roku-2020\/OR2020_STokarski.jpg\"><img loading=\"lazy\" class=\"alignleft wp-image-35262\" style=\"margin: 6px 10px 1px 2px;\" src=\"https:\/\/elektrosystemy.pl\/wp-content\/uploads\/uncategorized\/2021\/06\/07\/rozstrzygnieto-konkurs-osobowosc-roku-2020\/OR2020_STokarski.jpg\" alt=\"Sebastian Tokarski\" width=\"192\" height=\"276\" srcset=\"https:\/\/elektrosystemy.pl\/wp-content\/uploads\/uncategorized\/2021\/06\/07\/rozstrzygnieto-konkurs-osobowosc-roku-2020\/OR2020_STokarski.jpg 800w, https:\/\/elektrosystemy.pl\/wp-content\/uploads\/uncategorized\/2021\/06\/07\/rozstrzygnieto-konkurs-osobowosc-roku-2020\/OR2020_STokarski-209x300.jpg 209w, https:\/\/elektrosystemy.pl\/wp-content\/uploads\/uncategorized\/2021\/06\/07\/rozstrzygnieto-konkurs-osobowosc-roku-2020\/OR2020_STokarski-714x1024.jpg 714w, https:\/\/elektrosystemy.pl\/wp-content\/uploads\/uncategorized\/2021\/06\/07\/rozstrzygnieto-konkurs-osobowosc-roku-2020\/OR2020_STokarski-768x1102.jpg 768w, https:\/\/elektrosystemy.pl\/wp-content\/uploads\/uncategorized\/2021\/06\/07\/rozstrzygnieto-konkurs-osobowosc-roku-2020\/OR2020_STokarski-600x861.jpg 600w\" sizes=\"(max-width: 192px) 100vw, 192px\" \/><\/a>Sebastian Tokarski <\/strong><\/span>\u2013 uko\u0144czy\u0142 liceum ekonomiczne i studia na kierunku \u201eBiznes mi\u0119dzynarodowy\u201d. Swoj\u0105 prac\u0119 zawodow\u0105 skoncentrowa\u0142 na bran\u017cy telekomunikacyjnej i teleinformatycznej. Od 2002 roku jest za\u0142o\u017cycielem dynamicznie rozwijaj\u0105cej si\u0119 firmy Asta Telkom Serwis dzia\u0142aj\u0105cej w bran\u017cy telekomunikacji i teletechniki. Autor publikacji w prasie bran\u017cowej, a tak\u017ce wielu innowacyjnych opracowa\u0144 technologii i procedur dla operator\u00f3w telekomunikacyjnych. Tw\u00f3rczy i kreatywny w dzia\u0142aniu, cechuje go wyj\u0105tkowa zdolno\u015b\u0107 organizacji pracy zespo\u0142owej. Potrafi dba\u0107 o ci\u0105g\u0142y rozw\u00f3j, wprowadzaj\u0105c nowe rozwi\u0105zania technologiczne, przy wykorzystaniu najnowocze\u015bniejszego sprz\u0119tu dost\u0119pnego na \u015bwiatowych rynkach przy zastosowaniu wysokiej jako\u015bci materia\u0142\u00f3w. Dzi\u0119ki temu firm\u0119 Asta Telkom Serwis wyr\u00f3\u017cniaj\u0105 wysokie standardy \u015bwiadczonych us\u0142ug.<br \/>\nSebastian Tokarski jest przyk\u0142adem m\u0142odego przedsi\u0119biorcy, kt\u00f3ry dzi\u0119ki swojej wiedzy, pracy i umiej\u0119tno\u015bciom stworzy\u0142 licz\u0105c\u0105 si\u0119 w bran\u017cy firm\u0119. Osi\u0105gaj\u0105c sukcesy zawodowe potrafi dostrzega\u0107 potrzeby innych ludzi i organizacji. Ch\u0119tnie uczestniczy w akcjach charytatywnych wspieraj\u0105c m\u0142ode talenty i ludzi potrzebuj\u0105cych pomocy. Mo\u017ce stanowi\u0107 bardzo dobry przyk\u0142ad polskiego przedsi\u0119biorcy i by\u0107 przyk\u0142adem dla innych m\u0142odych ludzi, \u017ce mimo bardzo du\u017cej konkurencji na rynku, warto tworzy\u0107 i rozwija\u0107 polskie firmy.<\/p>\n<p><span style=\"font-size: 12pt;\"><strong>W kategorii OTOCZENIE BIZNESU<\/strong><\/span><\/p>\n<p><span style=\"font-size: 12pt;\"><strong><a href=\"https:\/\/elektrosystemy.pl\/wp-content\/uploads\/uncategorized\/2021\/06\/07\/rozstrzygnieto-konkurs-osobowosc-roku-2020\/OR2020_Andrzej-Diakun.jpg\"><img loading=\"lazy\" class=\"alignleft wp-image-35258\" style=\"margin: 6px 10px 1px 2px;\" src=\"https:\/\/elektrosystemy.pl\/wp-content\/uploads\/uncategorized\/2021\/06\/07\/rozstrzygnieto-konkurs-osobowosc-roku-2020\/OR2020_Andrzej-Diakun.jpg\" alt=\"Andrzej Diakun\" width=\"192\" height=\"276\" srcset=\"https:\/\/elektrosystemy.pl\/wp-content\/uploads\/uncategorized\/2021\/06\/07\/rozstrzygnieto-konkurs-osobowosc-roku-2020\/OR2020_Andrzej-Diakun.jpg 800w, https:\/\/elektrosystemy.pl\/wp-content\/uploads\/uncategorized\/2021\/06\/07\/rozstrzygnieto-konkurs-osobowosc-roku-2020\/OR2020_Andrzej-Diakun-209x300.jpg 209w, https:\/\/elektrosystemy.pl\/wp-content\/uploads\/uncategorized\/2021\/06\/07\/rozstrzygnieto-konkurs-osobowosc-roku-2020\/OR2020_Andrzej-Diakun-713x1024.jpg 713w, https:\/\/elektrosystemy.pl\/wp-content\/uploads\/uncategorized\/2021\/06\/07\/rozstrzygnieto-konkurs-osobowosc-roku-2020\/OR2020_Andrzej-Diakun-768x1103.jpg 768w, https:\/\/elektrosystemy.pl\/wp-content\/uploads\/uncategorized\/2021\/06\/07\/rozstrzygnieto-konkurs-osobowosc-roku-2020\/OR2020_Andrzej-Diakun-600x862.jpg 600w\" sizes=\"(max-width: 192px) 100vw, 192px\" \/><\/a>Andrzej Diakun<\/strong><\/span> \u2013 magister in\u017cynier elektryk, absolwent Politechniki Wroc\u0142awskiej, kierunek: Elektrotechnika, specjalizacja: Elektroenergetyka i Automatyka Stosowana. Inicjator powstania Polskiego Stowarzyszenia Elektroinstalacyjnego (dzisiejszego Polskiego Stowarzyszenia Bran\u017cy Elektroenergetycznej), w kt\u00f3rym pe\u0142ni\u0142 funkcje prezesa i wiceprezesa. W 1998 r. za\u0142o\u017cy\u0142 i przez ponad 21 lat kierowa\u0142 jako prezes zarz\u0105du sp\u00f3\u0142k\u0105 Elektrotim SA, kt\u00f3ra w 2007 r. zadebiutowa\u0142a na Warszawskiej Gie\u0142dzie Papier\u00f3w Warto\u015bciowych. Kierowana przez Andrzeja Diakuna Sp\u00f3\u0142ka Elektrotim stworzy\u0142a w latach 2007-2015 Grup\u0119 Kapita\u0142ow\u0105 Elektrotim.<br \/>\nPodczas pe\u0142nienia funkcji prezesa zarz\u0105du Elektrotim SA aktywnie wspiera\u0142 inicjatywy z zakresu spo\u0142ecznej odpowiedzialno\u015bci biznesu, edukacji, ochrony zdrowia, a tak\u017ce promocji kultury i sportu w\u015br\u00f3d dzieci i m\u0142odzie\u017cy. Od wielu lat zwi\u0105zany z Wydzia\u0142em Elektrycznym Politechniki Wroc\u0142awskiej, aktywnie uczestniczy\u0142 w pracach Konwentu Wydzia\u0142u. Wybitny ekspert w dziedzinie elektroenergetyki i dzia\u0142acz na rzecz upowszechniania najlepszych zawodowych praktyk, kt\u00f3re to postulaty realizowa\u0142 tak\u017ce jako cz\u0142onek Stowarzyszenia Elektryk\u00f3w Polskich. Nie bez znaczenia pozostaje fakt, \u017ce przez lata mia\u0142 tak\u017ce niew\u0105tpliwy wp\u0142yw na kszta\u0142cenie kolejnych pokole\u0144 fachowc\u00f3w.<\/p>\n<p><span style=\"font-size: 12pt;\"><strong>W kategorii NAUKA<\/strong><\/span><\/p>\n<p><a href=\"https:\/\/elektrosystemy.pl\/wp-content\/uploads\/uncategorized\/2021\/06\/07\/rozstrzygnieto-konkurs-osobowosc-roku-2020\/OR2020_Mariusz_Klos.jpg\"><img loading=\"lazy\" class=\"alignleft wp-image-35260\" style=\"margin: 6px 10px 1px 2px;\" src=\"https:\/\/elektrosystemy.pl\/wp-content\/uploads\/uncategorized\/2021\/06\/07\/rozstrzygnieto-konkurs-osobowosc-roku-2020\/OR2020_Mariusz_Klos.jpg\" alt=\"Mariusz K\u0142os\" width=\"193\" height=\"276\" srcset=\"https:\/\/elektrosystemy.pl\/wp-content\/uploads\/uncategorized\/2021\/06\/07\/rozstrzygnieto-konkurs-osobowosc-roku-2020\/OR2020_Mariusz_Klos.jpg 800w, https:\/\/elektrosystemy.pl\/wp-content\/uploads\/uncategorized\/2021\/06\/07\/rozstrzygnieto-konkurs-osobowosc-roku-2020\/OR2020_Mariusz_Klos-209x300.jpg 209w, https:\/\/elektrosystemy.pl\/wp-content\/uploads\/uncategorized\/2021\/06\/07\/rozstrzygnieto-konkurs-osobowosc-roku-2020\/OR2020_Mariusz_Klos-714x1024.jpg 714w, https:\/\/elektrosystemy.pl\/wp-content\/uploads\/uncategorized\/2021\/06\/07\/rozstrzygnieto-konkurs-osobowosc-roku-2020\/OR2020_Mariusz_Klos-768x1101.jpg 768w, https:\/\/elektrosystemy.pl\/wp-content\/uploads\/uncategorized\/2021\/06\/07\/rozstrzygnieto-konkurs-osobowosc-roku-2020\/OR2020_Mariusz_Klos-600x860.jpg 600w\" sizes=\"(max-width: 193px) 100vw, 193px\" \/><\/a><\/p>\n<p><span style=\"font-size: 12pt;\"><strong>Mariusz K\u0142os <\/strong><\/span>\u2013 doktor in\u017cynier, adiunkt &#8211; Politechnika Warszawska, Wydzia\u0142 Elektryczny, Instytut Elektroenergetyki, Zak\u0142ad Elektrowni i Gospodarki Elektroenergetycznej. Prowadzi dzia\u0142alno\u015b\u0107 naukowo-badawcz\u0105 w obszarze generacji rozproszonej w szczeg\u00f3lno\u015bci dotycz\u0105c\u0105 problem\u00f3w integracji OZE, zasobnik\u00f3w energii i innych alternatywnych technologii wytw\u00f3rczych z systemem elektroenergetycznym. Autor licznych opracowa\u0144, analiz, koncepcji, opinii eksperckich oraz publikacji i wyst\u0105pie\u0144 o zasi\u0119gu krajowym i mi\u0119dzynarodowym. Bierze czynny udzia\u0142 w pozyskiwaniu i realizacji projekt\u00f3w naukowych i prac problemowych zlecanych przez podmioty krajowego przemys\u0142u, w szczeg\u00f3lno\u015bci krajowego sektora energetycznego.<\/p>\n<p><span style=\"font-size: 14pt;\"><strong>Pozostali nominowani w poszczeg\u00f3lnych kategoriach<\/strong><\/span><\/p>\n<p><span style=\"font-size: 12pt;\">W kategoria <strong>GOSPODARKA<\/strong><\/span><\/p>\n<p><span style=\"font-size: 12pt;\"><strong><a href=\"https:\/\/elektrosystemy.pl\/wp-content\/uploads\/uncategorized\/2021\/06\/07\/rozstrzygnieto-konkurs-osobowosc-roku-2020\/OR2020_Ryszard_Kohut.jpg\"><img loading=\"lazy\" class=\"alignleft wp-image-35261\" style=\"margin: 6px 10px 1px 2px;\" src=\"https:\/\/elektrosystemy.pl\/wp-content\/uploads\/uncategorized\/2021\/06\/07\/rozstrzygnieto-konkurs-osobowosc-roku-2020\/OR2020_Ryszard_Kohut.jpg\" alt=\"Ryszard Kohut\" width=\"192\" height=\"276\" srcset=\"https:\/\/elektrosystemy.pl\/wp-content\/uploads\/uncategorized\/2021\/06\/07\/rozstrzygnieto-konkurs-osobowosc-roku-2020\/OR2020_Ryszard_Kohut.jpg 800w, https:\/\/elektrosystemy.pl\/wp-content\/uploads\/uncategorized\/2021\/06\/07\/rozstrzygnieto-konkurs-osobowosc-roku-2020\/OR2020_Ryszard_Kohut-209x300.jpg 209w, https:\/\/elektrosystemy.pl\/wp-content\/uploads\/uncategorized\/2021\/06\/07\/rozstrzygnieto-konkurs-osobowosc-roku-2020\/OR2020_Ryszard_Kohut-712x1024.jpg 712w, https:\/\/elektrosystemy.pl\/wp-content\/uploads\/uncategorized\/2021\/06\/07\/rozstrzygnieto-konkurs-osobowosc-roku-2020\/OR2020_Ryszard_Kohut-768x1104.jpg 768w, https:\/\/elektrosystemy.pl\/wp-content\/uploads\/uncategorized\/2021\/06\/07\/rozstrzygnieto-konkurs-osobowosc-roku-2020\/OR2020_Ryszard_Kohut-600x863.jpg 600w\" sizes=\"(max-width: 192px) 100vw, 192px\" \/><\/a>Ryszard Kohut<\/strong><\/span> \u2013 wsp\u00f3\u0142za\u0142o\u017cyciel sp\u00f3\u0142ki Elko-Bis Systemy Odgromowe Sp. z o.o., prezes i cz\u0142onek Zarz\u0105du firmy. Firma Elko-Bis by\u0142a wielokrotnie nagradzana nagrodami bran\u017cowymi na imprezach targowych bran\u017cy elektrycznej w Polsce. Dzi\u0119ki dzia\u0142alno\u015bci Ryszarda Kohuta firma Elko-Bis sta\u0142a si\u0119 najwi\u0119kszym polskim producentem kompletnego sprz\u0119tu odgromowego instalowanego na budynkach oraz do ochrony napowietrznych stacji transformatorowych. Od 2013 roku jest cz\u0142onkiem Polskiego Komitetu Ochrony Odgromowej SEP. Od 2014 aktywny cz\u0142onek Zachodniej Izby Gospodarczej, a od 2018 roku cz\u0142onek zarz\u0105du Polskiej Izby Gospodarczej Elektrotechniki.<br \/>\nW ostatnim latach przekaza\u0142 stery rz\u0105dzenia w firmie synowi Rados\u0142awowi. Jest to doskona\u0142y wz\u00f3r przeprowadzenia sukcesji pokoleniowej w du\u017cej polskiej firmie produkcyjnej. Zawsze bardzo zaanga\u017cowany w dzia\u0142alno\u015b\u0107 spo\u0142eczn\u0105 na szczeblu lokalnym i bran\u017cowym.<\/p>\n<p><span style=\"font-size: 12pt;\"><strong><a href=\"https:\/\/elektrosystemy.pl\/wp-content\/uploads\/uncategorized\/2021\/06\/07\/rozstrzygnieto-konkurs-osobowosc-roku-2020\/OR2020_Marek_Suwart.jpg\"><img loading=\"lazy\" class=\"alignleft wp-image-35259\" style=\"margin: 6px 10px 1px 2px;\" src=\"https:\/\/elektrosystemy.pl\/wp-content\/uploads\/uncategorized\/2021\/06\/07\/rozstrzygnieto-konkurs-osobowosc-roku-2020\/OR2020_Marek_Suwart.jpg\" alt=\"Marek Suwart\" width=\"192\" height=\"276\" srcset=\"https:\/\/elektrosystemy.pl\/wp-content\/uploads\/uncategorized\/2021\/06\/07\/rozstrzygnieto-konkurs-osobowosc-roku-2020\/OR2020_Marek_Suwart.jpg 800w, https:\/\/elektrosystemy.pl\/wp-content\/uploads\/uncategorized\/2021\/06\/07\/rozstrzygnieto-konkurs-osobowosc-roku-2020\/OR2020_Marek_Suwart-209x300.jpg 209w, https:\/\/elektrosystemy.pl\/wp-content\/uploads\/uncategorized\/2021\/06\/07\/rozstrzygnieto-konkurs-osobowosc-roku-2020\/OR2020_Marek_Suwart-712x1024.jpg 712w, https:\/\/elektrosystemy.pl\/wp-content\/uploads\/uncategorized\/2021\/06\/07\/rozstrzygnieto-konkurs-osobowosc-roku-2020\/OR2020_Marek_Suwart-768x1105.jpg 768w, https:\/\/elektrosystemy.pl\/wp-content\/uploads\/uncategorized\/2021\/06\/07\/rozstrzygnieto-konkurs-osobowosc-roku-2020\/OR2020_Marek_Suwart-600x863.jpg 600w\" sizes=\"(max-width: 192px) 100vw, 192px\" \/><\/a>Marek Suwart<\/strong><\/span> \u2013 od 1981 r. w\u0142a\u015bciciel firmy \u201eDrewart\u201d &#8211; zak\u0142adu produkcji o\u015bwietlenia wykonanego w drewnie, od 2000 r. wsp\u00f3\u0142w\u0142a\u015bciciel i prezes rodzinnej firmy Drewart-Energy Sp. z o.o. Firma specjalizuje si\u0119 w technologiach podczerwieni i jako pierwsza w Polsce rozpocz\u0119\u0142a produkcj\u0119 promiennik\u00f3w kwarcowo-halogenowych pod mark\u0105 Solart, wykorzystywanych m.in. w przemy\u015ble, w budynkach, lecznictwie. Marek Suwart jest pomys\u0142odawc\u0105 i tw\u00f3rc\u0105 wielu urz\u0105dze\u0144. Dzi\u0119ki jego pracy i zaanga\u017cowaniu firma zdoby\u0142a najwi\u0119ksze w Polsce do\u015bwiadczenie w projektowaniu ogrzewania stadion\u00f3w, hal sportowych i bardzo du\u017cych obiekt\u00f3w przemys\u0142owych oraz wojskowych.<br \/>\nZnany w \u015brodowisku jako innowator techniczny, ju\u017c w czasach studenckich, w 1975 r., dokona\u0142 pierwszego zg\u0142oszenia do Urz\u0119du Patentowego projektu wynalazczego pod nazw\u0105 \u201emikrowaga elektryczna\u201d.<\/p>\n<p><span style=\"font-size: 12pt;\">W kategorii <strong>OTOCZENIE BIZNESU<\/strong><\/span><\/p>\n<p><span style=\"font-size: 12pt;\"><strong><a href=\"https:\/\/elektrosystemy.pl\/wp-content\/uploads\/uncategorized\/2021\/06\/07\/rozstrzygnieto-konkurs-osobowosc-roku-2020\/OR2020_Wisniewski.jpg\"><img loading=\"lazy\" class=\"alignleft wp-image-35263\" style=\"margin: 6px 10px 1px 2px;\" src=\"https:\/\/elektrosystemy.pl\/wp-content\/uploads\/uncategorized\/2021\/06\/07\/rozstrzygnieto-konkurs-osobowosc-roku-2020\/OR2020_Wisniewski.jpg\" alt=\"Grzegorz Wi\u015bniewski\" width=\"192\" height=\"276\" srcset=\"https:\/\/elektrosystemy.pl\/wp-content\/uploads\/uncategorized\/2021\/06\/07\/rozstrzygnieto-konkurs-osobowosc-roku-2020\/OR2020_Wisniewski.jpg 800w, https:\/\/elektrosystemy.pl\/wp-content\/uploads\/uncategorized\/2021\/06\/07\/rozstrzygnieto-konkurs-osobowosc-roku-2020\/OR2020_Wisniewski-209x300.jpg 209w, https:\/\/elektrosystemy.pl\/wp-content\/uploads\/uncategorized\/2021\/06\/07\/rozstrzygnieto-konkurs-osobowosc-roku-2020\/OR2020_Wisniewski-714x1024.jpg 714w, https:\/\/elektrosystemy.pl\/wp-content\/uploads\/uncategorized\/2021\/06\/07\/rozstrzygnieto-konkurs-osobowosc-roku-2020\/OR2020_Wisniewski-768x1102.jpg 768w, https:\/\/elektrosystemy.pl\/wp-content\/uploads\/uncategorized\/2021\/06\/07\/rozstrzygnieto-konkurs-osobowosc-roku-2020\/OR2020_Wisniewski-600x861.jpg 600w\" sizes=\"(max-width: 192px) 100vw, 192px\" \/><\/a>Grzegorz Wi\u015bniewski<\/strong><\/span> \u2013 in\u017cynier, ekonomista, specjalista rynku energetyki odnawialnej i technologii energetyki s\u0142onecznej. Jest za\u0142o\u017cycielem i od 2000 r. prezesem Instytutu Energetyki Odnawialnej Sp. z o.o. (IEO) oraz inicjatorem projektu budowy na \u015al\u0105sku GigaFabryki ogniw fotowoltaicznych. Jest prekursorem energetyki odnawialnej w Polsce, pierwszych rozwi\u0105za\u0144 i aplikacji w latach 90. oraz autorem dw\u00f3ch ksi\u0105\u017cek po\u015bwi\u0119conych energetyce s\u0142onecznej, dw\u00f3ch patent\u00f3w z tej dziedziny oraz kilkudziesi\u0119ciu artyku\u0142\u00f3w o charakterze naukowo technicznym. Wyk\u0142adowca i opiekun merytoryczny studi\u00f3w podyplomowych \u201eEnergetyka odnawialna dla biznesu\u201d organizowanych wsp\u00f3lnie z Politechnik\u0105 Warszawsk\u0105. Cz\u0142onek Narodowej Rady Rozwoju przy Prezydencie RP.<\/p>\n<p><span style=\"font-size: 12pt;\">W kategorii <strong>NAUKA<\/strong><\/span><\/p>\n<p><span style=\"font-size: 12pt;\"><strong><a href=\"https:\/\/elektrosystemy.pl\/wp-content\/uploads\/uncategorized\/2021\/06\/07\/rozstrzygnieto-konkurs-osobowosc-roku-2020\/OR_Marek_Olesz.jpg\"><img loading=\"lazy\" class=\"alignleft wp-image-35257\" style=\"margin: 6px 10px 1px 2px;\" src=\"https:\/\/elektrosystemy.pl\/wp-content\/uploads\/uncategorized\/2021\/06\/07\/rozstrzygnieto-konkurs-osobowosc-roku-2020\/OR_Marek_Olesz.jpg\" alt=\"Marek Olesz\" width=\"192\" height=\"276\" srcset=\"https:\/\/elektrosystemy.pl\/wp-content\/uploads\/uncategorized\/2021\/06\/07\/rozstrzygnieto-konkurs-osobowosc-roku-2020\/OR_Marek_Olesz.jpg 800w, https:\/\/elektrosystemy.pl\/wp-content\/uploads\/uncategorized\/2021\/06\/07\/rozstrzygnieto-konkurs-osobowosc-roku-2020\/OR_Marek_Olesz-209x300.jpg 209w, https:\/\/elektrosystemy.pl\/wp-content\/uploads\/uncategorized\/2021\/06\/07\/rozstrzygnieto-konkurs-osobowosc-roku-2020\/OR_Marek_Olesz-712x1024.jpg 712w, https:\/\/elektrosystemy.pl\/wp-content\/uploads\/uncategorized\/2021\/06\/07\/rozstrzygnieto-konkurs-osobowosc-roku-2020\/OR_Marek_Olesz-768x1104.jpg 768w, https:\/\/elektrosystemy.pl\/wp-content\/uploads\/uncategorized\/2021\/06\/07\/rozstrzygnieto-konkurs-osobowosc-roku-2020\/OR_Marek_Olesz-600x863.jpg 600w\" sizes=\"(max-width: 192px) 100vw, 192px\" \/><\/a>Marek Olesz<\/strong><\/span> \u2013 doktor nauk technicznych w dyscyplinie elektrotechnika \u2013 Politechnika Gda\u0144ska, Wydzia\u0142 Elektrotechniki i Automatyki (1998), doktor habilitowany (2017), prof. nadzw. PG. Dotychczasowe \u017cycie zawodowe zwi\u0105za\u0142 z Wydzia\u0142em Elektrotechniki i Automatyki Politechniki Gda\u0144skiej, gdzie pracuje od 30 lat. Obecnie pe\u0142ni funkcj\u0119 Prodziekana ds. Rozwoju w kadencji 2020-2024. Autor i wsp\u00f3\u0142autor oko\u0142o 150 publikacji i referat\u00f3w naukowych. Do\u015bwiadczony, z inicjatyw\u0105 i wielostronn\u0105 wiedz\u0105 techniczn\u0105. Aktywny cz\u0142onek wielu zespo\u0142\u00f3w badawczych, cz\u0142onek Polskiego Towarzystwa Elektrotechniki Teoretycznej i Stosowanej (od 1996), cz\u0142onek Stowarzyszenia Elektryk\u00f3w Polskich SEP (od 1991).<br \/>\nLaureat wielu nagr\u00f3d i odznacze\u0144: Medal Srebrny za D\u0142ugoletni\u0105 S\u0142u\u017cb\u0119 (2019), Medal KEN (2009), Br\u0105zowy Krzy\u017c Zas\u0142ugi (2005), nagrody Rektora PG za osi\u0105gni\u0119cia badawcze: II stopnia (2), III stopnia (1), nagrody Rektora PG za osi\u0105gni\u0119cia dydaktyczne: I stopnia (3), II stopnia (3), III stopnia (3).<\/p>\n","protected":false},"excerpt":{"rendered":"<p>W siedzibie Polskiej Izby In\u017cynier\u00f3w Budownictwa odby\u0142o si\u0119 posiedzenie Kapitu\u0142y Konkursu Osobowo\u015b\u0107 Roku 2020. W jego trakcie podj\u0119to decyzj\u0119 o przyznaniu tytu\u0142\u00f3w w poszczeg\u00f3lnych kategoriach konkursu. W spotkaniu wzi\u0119li udzia\u0142 przedstawiciele organizator\u00f3w, 10 og\u00f3lnopolskich organizacji bran\u017cowych: Polskiej Izby In\u017cynier\u00f3w Budownictwa, Stowarzyszenia Elektryk\u00f3w Polskich, Polskiej Izby Gospodarczej Elektrotechniki, Krajowej Izby Gospodarczej Elektroniki i Telekomunikacji, Krajowej Izby&hellip;<\/p>\n","protected":false},"author":3,"featured_media":33628,"comment_status":"closed","ping_status":"closed","sticky":false,"template":"","format":"standard","meta":[],"categories":[318,320],"tags":[2414,2415,544,503,2416,1236,498,1658,660,1449,1448,1781,1266,2141,1450,534,1908],"_links":{"self":[{"href":"https:\/\/elektrosystemy.pl\/index.php?rest_route=\/wp\/v2\/posts\/35255"}],"collection":[{"href":"https:\/\/elektrosystemy.pl\/index.php?rest_route=\/wp\/v2\/posts"}],"about":[{"href":"https:\/\/elektrosystemy.pl\/index.php?rest_route=\/wp\/v2\/types\/post"}],"author":[{"embeddable":true,"href":"https:\/\/elektrosystemy.pl\/index.php?rest_route=\/wp\/v2\/users\/3"}],"replies":[{"embeddable":true,"href":"https:\/\/elektrosystemy.pl\/index.php?rest_route=%2Fwp%2Fv2%2Fcomments&post=35255"}],"version-history":[{"count":9,"href":"https:\/\/elektrosystemy.pl\/index.php?rest_route=\/wp\/v2\/posts\/35255\/revisions"}],"predecessor-version":[{"id":35271,"href":"https:\/\/elektrosystemy.pl\/index.php?rest_route=\/wp\/v2\/posts\/35255\/revisions\/35271"}],"wp:featuredmedia":[{"embeddable":true,"href":"https:\/\/elektrosystemy.pl\/index.php?rest_route=\/wp\/v2\/media\/33628"}],"wp:attachment":[{"href":"https:\/\/elektrosystemy.pl\/index.php?rest_route=%2Fwp%2Fv2%2Fmedia&parent=35255"}],"wp:term":[{"taxonomy":"category","embeddable":true,"href":"https:\/\/elektrosystemy.pl\/index.php?rest_route=%2Fwp%2Fv2%2Fcategories&post=35255"},{"taxonomy":"post_tag","embeddable":true,"href":"https:\/\/elektrosystemy.pl\/index.php?rest_route=%2Fwp%2Fv2%2Ftags&post=35255"}],"curies":[{"name":"wp","href":"https:\/\/api.w.org\/{rel}","templated":true}]}}