{"id":35273,"date":"2021-06-07T18:18:20","date_gmt":"2021-06-07T16:18:20","guid":{"rendered":"https:\/\/elektrosystemy.pl\/?p=35273"},"modified":"2021-06-07T18:18:20","modified_gmt":"2021-06-07T16:18:20","slug":"abb-zelektryfikuje-flote-do-2030-roku","status":"publish","type":"post","link":"https:\/\/elektrosystemy.pl\/?p=35273","title":{"rendered":"ABB zelektryfikuje flot\u0119 do 2030 roku"},"content":{"rendered":"<p><strong>Koncern ABB og\u0142osi\u0142, i\u017c do 2030 roku zelektryfikuje swoj\u0105 flot\u0119 ponad 10 000 pojazd\u00f3w. Plany firmy dotycz\u0105ce ochrony klimatu obejmuj\u0105 r\u00f3wnie\u017c wykorzystanie wy\u0142\u0105cznie energii odnawialnej, a tak\u017ce ustalenie cel\u00f3w w zakresie efektywno\u015bci energetycznej i system\u00f3w zarz\u0105dzania energi\u0105.<\/strong><\/p>\n<p>W Szwecji ABB rozpocz\u0119\u0142a ju\u017c konwersj\u0119 oko\u0142o 700 swoich samochod\u00f3w firmowych na pojazdy ca\u0142kowicie elektryczne. W Wielkiej Brytanii og\u0142oszono w zesz\u0142ym roku, \u017ce do 2025 roku ponad 500 samochod\u00f3w firmowych zostanie przekszta\u0142conych we flot\u0119 w pe\u0142ni elektryczn\u0105.<\/p>\n<p>ABB og\u0142osi\u0142o, \u017ce przy\u0142\u0105czy\u0142o si\u0119 do trzech inicjatyw prowadzonych przez organizacj\u0119 non-profit The Climate Group. Pierwsz\u0105 z nich jest inicjatywa EV100 dotycz\u0105ca dekarbonizacji flot do 2030 r. Elektryfikacja floty to tylko cz\u0119\u015b\u0107 planu grupy, kt\u00f3ra ma osi\u0105gn\u0105\u0107 neutralno\u015b\u0107 pod wzgl\u0119dem emisji CO<sub>2<\/sub> do 2030 roku.<\/p>\n<p>R\u00f3wnie\u017c w tym celu ABB przyst\u0105pi\u0142a do inicjatywy RE100, zobowi\u0105zuj\u0105c si\u0119 do pozyskiwania 100% potrzebnej energii elektrycznej ze \u017ar\u00f3de\u0142 odnawialnych do 2030 r. W ubieg\u0142ym roku 32% energii elektrycznej potrzebnej ABB zosta\u0142o zakupione jako \u201ecertyfikowana zielona energia elektryczna\u201d lub wytworzone z w\u0142asnej energii fotowoltaicznej.<\/p>\n<p>Trzeci\u0105 inicjatyw\u0105 The Climate Group, do kt\u00f3rej do\u0142\u0105czy\u0142a ABB, jest inicjatywa EP100, w ramach kt\u00f3rej ABB zobowi\u0105za\u0142a si\u0119 do wyznaczania cel\u00f3w w zakresie efektywno\u015bci energetycznej i dalszego wdra\u017cania system\u00f3w zarz\u0105dzania energi\u0105 w zak\u0142adach firmy. ABB twierdzi, \u017ce ju\u017c ponad 100 zak\u0142ad\u00f3w jest obj\u0119tych zewn\u0119trznie certyfikowanymi lub deklarowanymi przez siebie systemami zarz\u0105dzania energi\u0105.<\/p>\n","protected":false},"excerpt":{"rendered":"<p>Koncern ABB og\u0142osi\u0142, i\u017c do 2030 roku zelektryfikuje swoj\u0105 flot\u0119 ponad 10 000 pojazd\u00f3w. Plany firmy dotycz\u0105ce ochrony klimatu obejmuj\u0105 r\u00f3wnie\u017c wykorzystanie wy\u0142\u0105cznie energii odnawialnej, a tak\u017ce ustalenie cel\u00f3w w zakresie efektywno\u015bci energetycznej i system\u00f3w zarz\u0105dzania energi\u0105. W Szwecji ABB rozpocz\u0119\u0142a ju\u017c konwersj\u0119 oko\u0142o 700 swoich samochod\u00f3w firmowych na pojazdy ca\u0142kowicie elektryczne. W Wielkiej Brytanii&hellip;<\/p>\n","protected":false},"author":3,"featured_media":32857,"comment_status":"closed","ping_status":"closed","sticky":false,"template":"","format":"standard","meta":[],"categories":[1332,335],"tags":[359],"_links":{"self":[{"href":"https:\/\/elektrosystemy.pl\/index.php?rest_route=\/wp\/v2\/posts\/35273"}],"collection":[{"href":"https:\/\/elektrosystemy.pl\/index.php?rest_route=\/wp\/v2\/posts"}],"about":[{"href":"https:\/\/elektrosystemy.pl\/index.php?rest_route=\/wp\/v2\/types\/post"}],"author":[{"embeddable":true,"href":"https:\/\/elektrosystemy.pl\/index.php?rest_route=\/wp\/v2\/users\/3"}],"replies":[{"embeddable":true,"href":"https:\/\/elektrosystemy.pl\/index.php?rest_route=%2Fwp%2Fv2%2Fcomments&post=35273"}],"version-history":[{"count":1,"href":"https:\/\/elektrosystemy.pl\/index.php?rest_route=\/wp\/v2\/posts\/35273\/revisions"}],"predecessor-version":[{"id":35274,"href":"https:\/\/elektrosystemy.pl\/index.php?rest_route=\/wp\/v2\/posts\/35273\/revisions\/35274"}],"wp:featuredmedia":[{"embeddable":true,"href":"https:\/\/elektrosystemy.pl\/index.php?rest_route=\/wp\/v2\/media\/32857"}],"wp:attachment":[{"href":"https:\/\/elektrosystemy.pl\/index.php?rest_route=%2Fwp%2Fv2%2Fmedia&parent=35273"}],"wp:term":[{"taxonomy":"category","embeddable":true,"href":"https:\/\/elektrosystemy.pl\/index.php?rest_route=%2Fwp%2Fv2%2Fcategories&post=35273"},{"taxonomy":"post_tag","embeddable":true,"href":"https:\/\/elektrosystemy.pl\/index.php?rest_route=%2Fwp%2Fv2%2Ftags&post=35273"}],"curies":[{"name":"wp","href":"https:\/\/api.w.org\/{rel}","templated":true}]}}