{"id":35282,"date":"2021-06-08T07:16:11","date_gmt":"2021-06-08T05:16:11","guid":{"rendered":"https:\/\/elektrosystemy.pl\/?p=35282"},"modified":"2021-06-08T17:18:14","modified_gmt":"2021-06-08T15:18:14","slug":"energa-rozwija-mala-fotowoltaike","status":"publish","type":"post","link":"https:\/\/elektrosystemy.pl\/?p=35282","title":{"rendered":"Energa rozwija ma\u0142\u0105 fotowoltaik\u0119"},"content":{"rendered":"<p><strong>Energa z Grupy Orlen systematycznie inwestuje w rozw\u00f3j mniejszych projekt\u00f3w OZE w obszarze fotowoltaiki. Nowopowstaj\u0105ce instalacje wykorzystywa\u0107 b\u0119d\u0105 panele bifacjalne.<\/strong><\/p>\n<p>R\u00f3wnolegle do budowy farmy fotowoltaicznej PV Gryf o mocy zainstalowanej \u00a0oko\u0142o 20 MW trwa realizacja czterech aktyw\u00f3w fotowoltaicznych o \u0142\u0105cznej mocy oko\u0142o 4 MW. Umiejscowione s\u0105 w trzech lokalizacjach: dwie farmy powstaj\u0105 w Samolubiu (woj. warmi\u0144ski-mazurskie), a po jednej w Czernikowie (obok ju\u017c istniej\u0105cego obiektu \u2013 woj. kujawsko-pomorskie) i Przykonie (w s\u0105siedztwie FW Przykona i budowanego Gryfa \u2013 woj. wielkopolskie).<br \/>\nDla wszystkich czterech inwestycji NTP (ang. <em>Notice-to-proceed<\/em>, czyli polecenie rozpocz\u0119cia prac) wydano z ko\u0144cem marca 2021. Ich oddanie do u\u017cytku planowane jest w 2022 roku.<\/p>\n<p><strong>Panele dwustronne<\/strong><\/p>\n<p>Nowopowstaj\u0105ce ma\u0142e farmy fotowoltaiczne Energi wykorzystywa\u0107 b\u0119d\u0105 panele bifacjalne, czyli generuj\u0105ce energi\u0119 ze \u015bwiat\u0142a pozyskanego obydwiema stronami instalacji. Rozwi\u0105zanie takie wymaga odpowiedniej konstrukcji monta\u017cowej i przygotowania powierzchni pod ca\u0142\u0105 instalacj\u0105, w celu uzyskania odpowiedniego wsp\u00f3\u0142czynnika odbijania promieni s\u0142onecznych, aby spodnia strona paneli mog\u0142a je zebra\u0107 i przekszta\u0142ci\u0107 w energi\u0119 elektryczn\u0105.<\/p>\n<p>Szacunkowo panele bifacjalne pozwalaj\u0105 uzyska\u0107 oko\u0142o 10 % wi\u0119cej energii elektrycznej, ni\u017c panele standardowe. Jednocze\u015bnie charakteryzuj\u0105 si\u0119 wysok\u0105 sprawno\u015bci\u0105 konwersji energii i d\u0142u\u017cej \u2013 nawet o 10 lat \u2013 zachowywan\u0105 wydajno\u015bci\u0105 pracy.<\/p>\n<p><strong>Farmy fotowoltaiczne Energi<\/strong><\/p>\n<p>Obecnie Energa OZE posiada dwie farmy fotowoltaiczne o \u0142\u0105cznej mocy zainstalowanej \u00a0oko\u0142o 5,4 MW: PV Czernikowo ko\u0142o Torunia oraz PV Delta pod Gda\u0144skiem. Instalacje w 2020 roku wyprodukowa\u0142y \u0142\u0105cznie \u00a0oko\u0142o 5 GWh energii, podobnie jak w roku 2019. Pod koniec ubieg\u0142ego roku Energa OZE wyda\u0142a NTP dla inwestycji w PV Gryf, kt\u00f3ra budowana jest w bezpo\u015brednim s\u0105siedztwie dzia\u0142aj\u0105cej od lipca 2020 roku Farmy Wiatrowej Przykona. Na tym samym terenie \u2013 300 ha grunt\u00f3w zrekultywowanych po odkrywce kopalni w\u0119gla brunatnego Adam\u00f3w \u2013 powsta\u0107 mog\u0105 te\u017c kolejne aktywa OZE o \u0142\u0105cznej mocy zainstalowanej ponad 100 MW.<\/p>\n","protected":false},"excerpt":{"rendered":"<p>Energa z Grupy Orlen systematycznie inwestuje w rozw\u00f3j mniejszych projekt\u00f3w OZE w obszarze fotowoltaiki. Nowopowstaj\u0105ce instalacje wykorzystywa\u0107 b\u0119d\u0105 panele bifacjalne. R\u00f3wnolegle do budowy farmy fotowoltaicznej PV Gryf o mocy zainstalowanej \u00a0oko\u0142o 20 MW trwa realizacja czterech aktyw\u00f3w fotowoltaicznych o \u0142\u0105cznej mocy oko\u0142o 4 MW. Umiejscowione s\u0105 w trzech lokalizacjach: dwie farmy powstaj\u0105 w Samolubiu (woj.&hellip;<\/p>\n","protected":false},"author":3,"featured_media":35283,"comment_status":"closed","ping_status":"closed","sticky":false,"template":"","format":"standard","meta":[],"categories":[850],"tags":[349,966],"_links":{"self":[{"href":"https:\/\/elektrosystemy.pl\/index.php?rest_route=\/wp\/v2\/posts\/35282"}],"collection":[{"href":"https:\/\/elektrosystemy.pl\/index.php?rest_route=\/wp\/v2\/posts"}],"about":[{"href":"https:\/\/elektrosystemy.pl\/index.php?rest_route=\/wp\/v2\/types\/post"}],"author":[{"embeddable":true,"href":"https:\/\/elektrosystemy.pl\/index.php?rest_route=\/wp\/v2\/users\/3"}],"replies":[{"embeddable":true,"href":"https:\/\/elektrosystemy.pl\/index.php?rest_route=%2Fwp%2Fv2%2Fcomments&post=35282"}],"version-history":[{"count":1,"href":"https:\/\/elektrosystemy.pl\/index.php?rest_route=\/wp\/v2\/posts\/35282\/revisions"}],"predecessor-version":[{"id":35284,"href":"https:\/\/elektrosystemy.pl\/index.php?rest_route=\/wp\/v2\/posts\/35282\/revisions\/35284"}],"wp:featuredmedia":[{"embeddable":true,"href":"https:\/\/elektrosystemy.pl\/index.php?rest_route=\/wp\/v2\/media\/35283"}],"wp:attachment":[{"href":"https:\/\/elektrosystemy.pl\/index.php?rest_route=%2Fwp%2Fv2%2Fmedia&parent=35282"}],"wp:term":[{"taxonomy":"category","embeddable":true,"href":"https:\/\/elektrosystemy.pl\/index.php?rest_route=%2Fwp%2Fv2%2Fcategories&post=35282"},{"taxonomy":"post_tag","embeddable":true,"href":"https:\/\/elektrosystemy.pl\/index.php?rest_route=%2Fwp%2Fv2%2Ftags&post=35282"}],"curies":[{"name":"wp","href":"https:\/\/api.w.org\/{rel}","templated":true}]}}