{"id":35290,"date":"2021-06-09T10:44:03","date_gmt":"2021-06-09T08:44:03","guid":{"rendered":"https:\/\/elektrosystemy.pl\/?p=35290"},"modified":"2021-06-09T10:44:03","modified_gmt":"2021-06-09T08:44:03","slug":"miedzynarodowy-dzien-elektryka-2021","status":"publish","type":"post","link":"https:\/\/elektrosystemy.pl\/?p=35290","title":{"rendered":"Mi\u0119dzynarodowy Dzie\u0144 Elektryka 2021"},"content":{"rendered":"<p><span style=\"font-size: 12pt;\"><strong>10 czerwca przypada Mi\u0119dzynarodowy Dzie\u0144 Elektryka. Tegoroczne obchody odb\u0119d\u0105 si\u0119 wirtualnie w formie wideokonferencji w godzinach 10.00 \u2013 15.00. Organizatorami wydarzenia s\u0105 Zarz\u0105d G\u0142\u00f3wny SEP i Oddzia\u0142 Szczeci\u0144ski SEP.<\/strong><\/span><\/p>\n<p>Mi\u0119dzynarodowy Dzie\u0144 Elektryka (MDE) obchodzony jest 10 czerwca pocz\u0105wszy od 1986 roku. Ustanowiony zosta\u0142 z inicjatywy polskich i francuskich elektryk\u00f3w na pami\u0105tk\u0119 150. rocznicy \u015bmierci znakomitego uczonego Andr\u00e9 Marie Amp\u00e8re\u2019a. Dzie\u0144 ten jest \u015bwi\u0119tem wszystkich in\u017cynier\u00f3w, technik\u00f3w i innych profesjonalist\u00f3w zajmuj\u0105cych si\u0119 szeroko poj\u0119t\u0105 dziedzin\u0105 elektryki, a tak\u017ce przyjaci\u00f3\u0142 i sojusznik\u00f3w Stowarzyszenia Elektryk\u00f3w Polskich.<\/p>\n<p>W tym roku przypadaj\u0105 okr\u0105g\u0142e rocznice wa\u017cnych wydarze\u0144 nie tylko dla spo\u0142eczno\u015bci elektryk\u00f3w, ale tak\u017ce dla kraju i ca\u0142ego \u015bwiata. Po\u015bwi\u0119cona im zostanie pierwsza cz\u0119\u015b\u0107 konferencji. 140 lat temu w dniach 15 wrze\u015bnia \u2013 15 listopada 1881 r. odby\u0142a si\u0119 I Mi\u0119dzynarodowa Wystawa Elektryczna w Pary\u017cu po\u015bwi\u0119cona wy\u0142\u0105cznie nowej dziedzinie &#8211; elektryce. W trakcie wystawy zwo\u0142ano po raz pierwszy Mi\u0119dzynarodowy Kongres Elektrotechniczny, kt\u00f3ry obradowa\u0142 w dniach 15.09-5.10.1881 r. Drugie wa\u017cne wydarzenie mia\u0142o miejsce 130 lat temu &#8211; 25 sierpnia 1891 roku oficjalnie przes\u0142ano energi\u0119 elektryczn\u0105 na odleg\u0142o\u015b\u0107 175 km z Lauffen do Frankfurtu nad Menem stosuj\u0105c tr\u00f3jfazowy system pr\u0105du przemiennego. Wydarzenia te stworzy\u0142y podwaliny pod powszechn\u0105 elektryfikacj\u0119 i nowoczesn\u0105 technik\u0119 nap\u0119dow\u0105 &#8211; budow\u0119 nowej cywilizacji technicznej. 20 lat temu Oddzia\u0142 Szczeci\u0144ski SEP by\u0142 organizatorem konferencji i innych wydarze\u0144 maj\u0105cych na celu uczczenie 110-tej rocznicy przesy\u0142u energii. Trzecie wa\u017cne wydarzenie przypadaj\u0105ce w tym roku to jubileusz 100-lecia Wydzia\u0142u Elektrycznego Politechniki Warszawskiej.<\/p>\n<p><strong>Strona wydarzenia:<br \/>\n<a href=\"https:\/\/sep.com.pl\/wydarzenia\/miedzynarodowy-dzien-elektryka\/\" target=\"_blank\" rel=\"noopener noreferrer\">https:\/\/sep.com.pl\/wydarzenia\/miedzynarodowy-dzien-elektryka\/<\/a><\/strong><\/p>\n<p><strong><span style=\"font-size: 12pt;\">Ramowy program Mi\u0119dzynarodowego Dnia Elektryka<\/span><br \/>\n<\/strong>(wydarzenie b\u0119dzie t\u0142umaczone symultanicznie)<\/p>\n<p><strong>Sesja A: Inauguracja MDE<br \/>\n<\/strong>(10:00-10:50)<\/p>\n<ul>\n<li>Przedstawienie tradycji MDE oraz powitanie go\u015bci i uczestnik\u00f3w<\/li>\n<li>Wyst\u0105pienie zaproszonych go\u015bci polskich i zagranicznych<\/li>\n<li>Og\u0142oszenie wynik\u00f3w konkursu im. Mieczys\u0142awa Po\u017caryskiego na najlepszy artyku\u0142 opublikowany w czasopismach SEP<\/li>\n<li>Og\u0142oszenie wynik\u00f3w XXIII edycji Olimpiady Wiedzy Elektrycznej i Elektronicznej EUROELEKTRA<\/li>\n<li>Komunikat nt. nadanych wyr\u00f3\u017cnie\u0144<\/li>\n<\/ul>\n<p><strong>Sesja B: 130. rocznica pierwszego przesy\u0142u energii elektrycznej pr\u0105dem tr\u00f3jfazowym z Lauffen do Frankfurtu nad Menem<\/strong><br \/>\n(11:00-11:50)<\/p>\n<ul>\n<li>\u201eMicha\u0142 Doliwo-Dobrowolski \u2013 osoba i dzie\u0142o oraz narodziny nowej cywilizacji naukowo-technicznej\u201d \u2013 dr in\u017c. Piotr Szymczak (Polska), prof. dr hab. in\u017c. Viktor Y. Biespalov (Rosja), dr hab. in\u017c. Dimitry A. Borodin (Rosja)<\/li>\n<li>Wyst\u0105pienia przedstawicieli: Niemiec, Ukrainy, Szwajcarii i \u0141otwy.<\/li>\n<\/ul>\n<p><strong>Sesja C: 100 lat Wydzia\u0142u Elektrycznego Politechniki Warszawskiej<br \/>\n<\/strong>(12:00-12:15)<\/p>\n<ul>\n<li>Jubileusz 100-lecia Wydzia\u0142u Elektrycznego Politechniki Warszawskiej \u2013 prof. dr hab. in\u017c. Lech Grzesiak \u2013 dziekan, doc. dr. in\u017c. Wojciech Urba\u0144ski \u2013 prodziekan<\/li>\n<\/ul>\n<p><strong>Sesja D: uroczysty koncert<\/strong><br \/>\n(12:15-12:50)<\/p>\n<ul>\n<li>S\u0142owo wst\u0119pne \u2013 prof. dr hab. in\u017c. Andrzej Jakubiak<\/li>\n<li>Koncert Orkiestry Rozrywkowej Politechniki Warszawskiej \u201eThe Engineers Band\u201d pod batut\u0105 Dariusza \u0141api\u0144skiego dedykowany elektrykom i ich przyjacio\u0142om w dniu ich \u015bwi\u0119ta<\/li>\n<\/ul>\n<p><strong>Sesja E: Elektrycy w walce z COVID, dzia\u0142ania polskich elektryk\u00f3w<br \/>\n<\/strong>(13:00-13:45)<\/p>\n<ul>\n<li>\u201eElektryczno\u015b\u0107 w medycynie\u201d \u2013 prof. dr hab. n. med., mgr in\u017c. Aleksander Siero\u0144, prof. dr hab. n. med. Karolina Siero\u0144<\/li>\n<li>\u201eElektroceutyczne metody w diagnostyce COVID \u2013 19\u201d \u2013 prof. dr hab. in\u017c. Andrzej Krawczyk, dr hab. in\u017c. Ewa Korzeniewska, prof. P\u0141<\/li>\n<li>\u201eKorzy\u015bci i zagro\u017cenia stosowania promieniowania UVC do dezynfekcji\u201d \u2013 dr hab. in\u017c. Agnieszka Wolska, prof. CIOP-PIB<\/li>\n<\/ul>\n<p><strong>Sesja F: Elektrycy w walce z COVID, dzia\u0142ania elektryk\u00f3w zagranicznych<br \/>\n<\/strong> (13:55-14:40)<\/p>\n<ul>\n<li>\u201cUVC as a Mean to Annihilate COVID19\u201d \u2013 dr Uri Doman, Electrical Engineer, Chairman of the Israeli Committee of Illuminating Engineering (CIE), SEEEI, Izrael<\/li>\n<li>&#8220;LED based UVGI &#8211; using UV-C LED technology for surface and air disinfections&#8221; \u2013 dr Harald Sch\u00f6bel, MCI Entrepreneurial School, OVE, Austria<\/li>\n<li>&#8220;Germicidal Ultraviolet Irradiation \u2013 UVGI: Uses in COVID-19&#8221; \u2013 Eng. Kamal Sethia, Chairman of the Indian Society of Lighting Engineers, Indie<\/li>\n<\/ul>\n<p><strong>Zako\u0144czenie Mi\u0119dzynarodowego Dnia Elektryka<br \/>\n<\/strong>(14:50-15:00)<\/p>\n<p><span style=\"font-size: 12pt;\"><strong>Organizatorzy i patroni wydarzenia<\/strong><\/span><\/p>\n<p>Organizator: <strong>Zarz\u0105d G\u0142\u00f3wny SEP<\/strong><\/p>\n<p>Wsp\u00f3\u0142organizatorzy:<br \/>\n<strong>Oddzia\u0142 Szczeci\u0144ski SEP im. Micha\u0142a Doliwo-Dobrowolskiego<br \/>\n<\/strong><strong>Rada Naukowo-Techniczna SEP<br \/>\n<\/strong><strong>Centralna Komisja Wsp\u00f3\u0142pracy z Zagranic\u0105 SEP<br \/>\n<\/strong><strong>Centralna Komisja SEP ds. Legislacji<br \/>\n<\/strong><strong>Zesp\u00f3\u0142 koordynacyjny SEP ds. COVID<br \/>\n<\/strong><strong>Wydzia\u0142 Elektryczny Politechniki Warszawskiej<\/strong><\/p>\n<p>Patroni wydarzenia<br \/>\n<strong>Ministerstwo Rozwoju, Pracy i Technologii<br \/>\n<\/strong><strong>Komitet Elektrotechniki PAN<br \/>\n<\/strong><strong>Komitet Fizyki Medycznej, Radiobiologii i Diagnostyki Obrazowej PAN<br \/>\n<\/strong><strong>Polski Komitet In\u017cynierii Biomedycznej SEP<br \/>\n<\/strong><strong>Polski Komitet O\u015bwietleniowy SEP<br \/>\n<\/strong><strong>Polski Komitet ds. Zastosowa\u0144 Pola Elektromagnetycznego w Medycynie SEP<br \/>\n<\/strong><strong>Polskie Towarzystwo Zastosowa\u0144 Elektromagnetyzmu<br \/>\n<\/strong><strong>Polskie Towarzystwo Elektrotechniki Teoretycznej i Stosowanej<br \/>\n<\/strong><strong>Polska Sekcja IEEE<\/strong><\/p>\n<p>Partnerzy wydarzenia<br \/>\n<strong>Polskie Sieci Elektroenergetyczne S.A.<br \/>\n<\/strong><strong>Brother<br \/>\n<\/strong><strong>Enea Operator sp. z o.o.<br \/>\n<\/strong><strong>ZPAS S.A.<\/strong><\/p>\n","protected":false},"excerpt":{"rendered":"<p>10 czerwca przypada Mi\u0119dzynarodowy Dzie\u0144 Elektryka. Tegoroczne obchody odb\u0119d\u0105 si\u0119 wirtualnie w formie wideokonferencji w godzinach 10.00 \u2013 15.00. Organizatorami wydarzenia s\u0105 Zarz\u0105d G\u0142\u00f3wny SEP i Oddzia\u0142 Szczeci\u0144ski SEP. Mi\u0119dzynarodowy Dzie\u0144 Elektryka (MDE) obchodzony jest 10 czerwca pocz\u0105wszy od 1986 roku. Ustanowiony zosta\u0142 z inicjatywy polskich i francuskich elektryk\u00f3w na pami\u0105tk\u0119 150. rocznicy \u015bmierci znakomitego&hellip;<\/p>\n","protected":false},"author":3,"featured_media":35293,"comment_status":"closed","ping_status":"closed","sticky":false,"template":"","format":"standard","meta":[],"categories":[318,320],"tags":[534],"_links":{"self":[{"href":"https:\/\/elektrosystemy.pl\/index.php?rest_route=\/wp\/v2\/posts\/35290"}],"collection":[{"href":"https:\/\/elektrosystemy.pl\/index.php?rest_route=\/wp\/v2\/posts"}],"about":[{"href":"https:\/\/elektrosystemy.pl\/index.php?rest_route=\/wp\/v2\/types\/post"}],"author":[{"embeddable":true,"href":"https:\/\/elektrosystemy.pl\/index.php?rest_route=\/wp\/v2\/users\/3"}],"replies":[{"embeddable":true,"href":"https:\/\/elektrosystemy.pl\/index.php?rest_route=%2Fwp%2Fv2%2Fcomments&post=35290"}],"version-history":[{"count":3,"href":"https:\/\/elektrosystemy.pl\/index.php?rest_route=\/wp\/v2\/posts\/35290\/revisions"}],"predecessor-version":[{"id":35294,"href":"https:\/\/elektrosystemy.pl\/index.php?rest_route=\/wp\/v2\/posts\/35290\/revisions\/35294"}],"wp:featuredmedia":[{"embeddable":true,"href":"https:\/\/elektrosystemy.pl\/index.php?rest_route=\/wp\/v2\/media\/35293"}],"wp:attachment":[{"href":"https:\/\/elektrosystemy.pl\/index.php?rest_route=%2Fwp%2Fv2%2Fmedia&parent=35290"}],"wp:term":[{"taxonomy":"category","embeddable":true,"href":"https:\/\/elektrosystemy.pl\/index.php?rest_route=%2Fwp%2Fv2%2Fcategories&post=35290"},{"taxonomy":"post_tag","embeddable":true,"href":"https:\/\/elektrosystemy.pl\/index.php?rest_route=%2Fwp%2Fv2%2Ftags&post=35290"}],"curies":[{"name":"wp","href":"https:\/\/api.w.org\/{rel}","templated":true}]}}