{"id":35367,"date":"2021-06-21T14:06:11","date_gmt":"2021-06-21T12:06:11","guid":{"rendered":"https:\/\/elektrosystemy.pl\/?p=35367"},"modified":"2021-06-21T14:06:11","modified_gmt":"2021-06-21T12:06:11","slug":"targi-elektrotechnika-odbeda-sie-w-styczniu-2022-roku","status":"publish","type":"post","link":"https:\/\/elektrosystemy.pl\/?p=35367","title":{"rendered":"Targi Elektrotechnika odb\u0119d\u0105 si\u0119 w styczniu 2022 roku"},"content":{"rendered":"<p><strong>Kolejna, 19. edycja Mi\u0119dzynarodowych Targ\u00f3w Elektrotechnika (<a href=\"http:\/\/www.elektroinstalacje.pl\">www.elektroinstalacje.pl<\/a>) i towarzysz\u0105cych im 29. Mi\u0119dzynarodowych Targ\u00f3w \u015awiat\u0142o oraz 26.Targ\u00f3w Automaticon, odb\u0119d\u0105 si\u0119 w dniach 26-28 stycznia 2022 w EXPO XXI w Warszawie.<\/strong><\/p>\n<p>Przez p\u00f3\u0142tora roku nie odbywa\u0142y si\u0119 \u017cadne targi bran\u017cowe, ani w Polsce ani za granic\u0105. Niekt\u00f3re wydarzenia przenios\u0142y si\u0119 do internetu. Jednak wed\u0142ug opinii wielu wystawc\u00f3w, jak i zwiedzaj\u0105cych formu\u0142a ta nie gwarantuje tego samego poziomu interakcji z klientem, jak targi w stacjonarne. Wydarzenia on-line nie odzwierciedl\u0105 te\u017c rzeczywistej kondycji i rozwoju bran\u017cy. Targi s\u0105 pokazem nowych technologii, ciekawych wynalazk\u00f3w, innowacji \u2013 s\u0105 ko\u0142em zamachowym rozwoju gospodarki.<\/p>\n<p>Targi Elektrotechnika to jedna z pierwszych du\u017cych imprez bran\u017cowych, kt\u00f3ra odb\u0119dzie si\u0119 po pandemii. Mo\u017cna na niej zaprezentowa\u0107 najnowsz\u0105 ofert\u0119, pokaza\u0107 rozwi\u0105zania oraz wzi\u0105\u0107 udzia\u0142 w specjalistycznych szkoleniach, seminariach i konferencjach. Organizatorzy nie rezygnuj\u0105 zupe\u0142nie z formu\u0142y targ\u00f3w on-line \u2013 wszyscy uczestnicy imprezy b\u0119d\u0105 mieli okazj\u0119 przejrze\u0107 ofert\u0119 na platformie internetowej jeszcze oko\u0142o roku od zako\u0144czenia wydarzenia.<\/p>\n<p><strong>Targi Elektrotechnika<\/strong><\/p>\n<p>Na Targach Elektrotechnika, opr\u00f3cz tradycyjnych stoisk polskich i zagranicznych producent\u00f3w i dystrybutor\u00f3w osprz\u0119tu elektroinstalacyjnego, kabli i przewod\u00f3w, system\u00f3w zabezpieczaj\u0105cych, zasilaj\u0105cych, pomiarowych i steruj\u0105cych, zorganizowane zostan\u0105 specjalne strefy tj: Strefa Automatyki, OZE, Elektromobilno\u015bci, Teletechniki, Instalacji Przeciwprzepi\u0119ciowych i Odgromowuch oraz Wynalazk\u00f3w i Innowacji.<\/p>\n<p>Oferta szkoleniowa targ\u00f3w co roku przyci\u0105ga wielu uczestnik\u00f3w m.in. instalator\u00f3w, projektant\u00f3w sieci, firmy wykonawcze, podmioty sprawuj\u0105ce nadz\u00f3r i kontrol\u0119 w energetyce i w budownictwie, in\u017cynier\u00f3w budownictwa oraz przedstawicieli zak\u0142ad\u00f3w przemys\u0142owych.<\/p>\n<p>19. Mi\u0119dzynarodowe Targi Elektrotechnika i towarzysz\u0105ce im 29. Mi\u0119dzynarodowe Targi \u015awiat\u0142o oraz 26. Targi Automaticon, zajmuj\u0105 powierzchni\u0119 oko\u0142o 10 tys. m<sup>2<\/sup>, w czterech halach EXPO XXI na ul. Pr\u0105dzy\u0144skiego 12\/14 w Warszawie. Organizatorem targ\u00f3w jest Agencja Soma.<\/p>\n","protected":false},"excerpt":{"rendered":"<p>Kolejna, 19. edycja Mi\u0119dzynarodowych Targ\u00f3w Elektrotechnika (www.elektroinstalacje.pl) i towarzysz\u0105cych im 29. Mi\u0119dzynarodowych Targ\u00f3w \u015awiat\u0142o oraz 26.Targ\u00f3w Automaticon, odb\u0119d\u0105 si\u0119 w dniach 26-28 stycznia 2022 w EXPO XXI w Warszawie. Przez p\u00f3\u0142tora roku nie odbywa\u0142y si\u0119 \u017cadne targi bran\u017cowe, ani w Polsce ani za granic\u0105. Niekt\u00f3re wydarzenia przenios\u0142y si\u0119 do internetu. Jednak wed\u0142ug opinii wielu wystawc\u00f3w,&hellip;<\/p>\n","protected":false},"author":3,"featured_media":35368,"comment_status":"closed","ping_status":"closed","sticky":false,"template":"","format":"standard","meta":[],"categories":[318,327],"tags":[683,656,1632,672],"_links":{"self":[{"href":"https:\/\/elektrosystemy.pl\/index.php?rest_route=\/wp\/v2\/posts\/35367"}],"collection":[{"href":"https:\/\/elektrosystemy.pl\/index.php?rest_route=\/wp\/v2\/posts"}],"about":[{"href":"https:\/\/elektrosystemy.pl\/index.php?rest_route=\/wp\/v2\/types\/post"}],"author":[{"embeddable":true,"href":"https:\/\/elektrosystemy.pl\/index.php?rest_route=\/wp\/v2\/users\/3"}],"replies":[{"embeddable":true,"href":"https:\/\/elektrosystemy.pl\/index.php?rest_route=%2Fwp%2Fv2%2Fcomments&post=35367"}],"version-history":[{"count":1,"href":"https:\/\/elektrosystemy.pl\/index.php?rest_route=\/wp\/v2\/posts\/35367\/revisions"}],"predecessor-version":[{"id":35369,"href":"https:\/\/elektrosystemy.pl\/index.php?rest_route=\/wp\/v2\/posts\/35367\/revisions\/35369"}],"wp:featuredmedia":[{"embeddable":true,"href":"https:\/\/elektrosystemy.pl\/index.php?rest_route=\/wp\/v2\/media\/35368"}],"wp:attachment":[{"href":"https:\/\/elektrosystemy.pl\/index.php?rest_route=%2Fwp%2Fv2%2Fmedia&parent=35367"}],"wp:term":[{"taxonomy":"category","embeddable":true,"href":"https:\/\/elektrosystemy.pl\/index.php?rest_route=%2Fwp%2Fv2%2Fcategories&post=35367"},{"taxonomy":"post_tag","embeddable":true,"href":"https:\/\/elektrosystemy.pl\/index.php?rest_route=%2Fwp%2Fv2%2Ftags&post=35367"}],"curies":[{"name":"wp","href":"https:\/\/api.w.org\/{rel}","templated":true}]}}