{"id":35406,"date":"2021-06-24T15:01:51","date_gmt":"2021-06-24T13:01:51","guid":{"rendered":"https:\/\/elektrosystemy.pl\/?p=35406"},"modified":"2021-06-24T15:01:51","modified_gmt":"2021-06-24T13:01:51","slug":"elda-eltra-zakonczyla-budowe-hali-magazynowej","status":"publish","type":"post","link":"https:\/\/elektrosystemy.pl\/?p=35406","title":{"rendered":"Elda-Eltra zako\u0144czy\u0142a budow\u0119 hali magazynowej"},"content":{"rendered":"<p><strong>Nale\u017c\u0105ca do koncernu Schneider Electric Elda-Eltra zako\u0144czy\u0142a inwestycj\u0119 wart\u0105 oko\u0142o 20 milion\u00f3w z\u0142otych. Dzi\u0119ki uruchomieniu budynku magazynowego z cz\u0119\u015bci\u0105 socjalno-biurow\u0105, sp\u00f3\u0142ka zwi\u0119kszy\u0142a swoj\u0105 cz\u0119\u015b\u0107 magazynow\u0105 o blisko 5 tysi\u0119cy metr\u00f3w kwadratowych.<\/strong><\/p>\n<p>Budowa rozpocz\u0119\u0142a si\u0119 w po\u0142owie 2020 roku. Wybudowano i wyposa\u017cono hal\u0119 magazynow\u0105 z cz\u0119\u015bci\u0105 socjalno-biurow\u0105 i ramp\u0105 towarow\u0105. W budynku zastosowano nowoczesne rozwi\u0105zania p.po\u017c oraz logistyczne. Na rega\u0142ach, w kt\u00f3re wyposa\u017cona zosta\u0142a hala, zmie\u015bci si\u0119 blisko 6 tys. palet. W\u00f3zki, kt\u00f3re obs\u0142uguj\u0105 hal\u0119 poruszaj\u0105 si\u0119 po p\u0119tli indukcyjnej. W ramach systemu p.po\u017c. powsta\u0142y mi\u0119dzy innymi dwa wielkie zbiorniki z wod\u0105. Dzi\u0119ki przeniesieniu magazynu ze starej cz\u0119\u015bci, b\u0119dzie mo\u017cna utworzy\u0107 wydzia\u0142 przetw\u00f3rstwa tworzyw wykorzystywanych do produkcji podzespo\u0142\u00f3w.<\/p>\n<p><img loading=\"lazy\" class=\"alignnone size-full wp-image-35408\" src=\"https:\/\/elektrosystemy.pl\/wp-content\/uploads\/uncategorized\/2021\/06\/24\/elda-eltra-zakonczyla-budowe-hali-magazynowej\/EldaEltra_2_88sggasy.jpg\" alt=\"\" width=\"800\" height=\"492\" srcset=\"https:\/\/elektrosystemy.pl\/wp-content\/uploads\/uncategorized\/2021\/06\/24\/elda-eltra-zakonczyla-budowe-hali-magazynowej\/EldaEltra_2_88sggasy.jpg 800w, https:\/\/elektrosystemy.pl\/wp-content\/uploads\/uncategorized\/2021\/06\/24\/elda-eltra-zakonczyla-budowe-hali-magazynowej\/EldaEltra_2_88sggasy-300x185.jpg 300w, https:\/\/elektrosystemy.pl\/wp-content\/uploads\/uncategorized\/2021\/06\/24\/elda-eltra-zakonczyla-budowe-hali-magazynowej\/EldaEltra_2_88sggasy-768x472.jpg 768w, https:\/\/elektrosystemy.pl\/wp-content\/uploads\/uncategorized\/2021\/06\/24\/elda-eltra-zakonczyla-budowe-hali-magazynowej\/EldaEltra_2_88sggasy-600x369.jpg 600w\" sizes=\"(max-width: 800px) 100vw, 800px\" \/><\/p>\n<p>Elda-Eltra Elektrotechnika SA jest producentem osprz\u0119tu elektroinstalacyjnego. Firma istnieje na polskim rynku od 1957 roku. Od ponad 20 lat firma rozwija si\u0119 w ramach mi\u0119dzynarodowego koncernu Schneider Electric. Przedsi\u0119biorstwo specjalizuje si\u0119 w produkcji i dostawach akcesori\u00f3w dla elektrycznych instalacji budynk\u00f3w mieszkalnych i komercyjnych. W szczecineckim zak\u0142adzie zatrudnionych jest \u0142\u0105cznie ponad 600 pracownik\u00f3w.<\/p>\n","protected":false},"excerpt":{"rendered":"<p>Nale\u017c\u0105ca do koncernu Schneider Electric Elda-Eltra zako\u0144czy\u0142a inwestycj\u0119 wart\u0105 oko\u0142o 20 milion\u00f3w z\u0142otych. Dzi\u0119ki uruchomieniu budynku magazynowego z cz\u0119\u015bci\u0105 socjalno-biurow\u0105, sp\u00f3\u0142ka zwi\u0119kszy\u0142a swoj\u0105 cz\u0119\u015b\u0107 magazynow\u0105 o blisko 5 tysi\u0119cy metr\u00f3w kwadratowych. Budowa rozpocz\u0119\u0142a si\u0119 w po\u0142owie 2020 roku. Wybudowano i wyposa\u017cono hal\u0119 magazynow\u0105 z cz\u0119\u015bci\u0105 socjalno-biurow\u0105 i ramp\u0105 towarow\u0105. W budynku zastosowano nowoczesne rozwi\u0105zania p.po\u017c&hellip;<\/p>\n","protected":false},"author":3,"featured_media":35407,"comment_status":"closed","ping_status":"closed","sticky":false,"template":"","format":"standard","meta":[],"categories":[323],"tags":[2433,321],"_links":{"self":[{"href":"https:\/\/elektrosystemy.pl\/index.php?rest_route=\/wp\/v2\/posts\/35406"}],"collection":[{"href":"https:\/\/elektrosystemy.pl\/index.php?rest_route=\/wp\/v2\/posts"}],"about":[{"href":"https:\/\/elektrosystemy.pl\/index.php?rest_route=\/wp\/v2\/types\/post"}],"author":[{"embeddable":true,"href":"https:\/\/elektrosystemy.pl\/index.php?rest_route=\/wp\/v2\/users\/3"}],"replies":[{"embeddable":true,"href":"https:\/\/elektrosystemy.pl\/index.php?rest_route=%2Fwp%2Fv2%2Fcomments&post=35406"}],"version-history":[{"count":1,"href":"https:\/\/elektrosystemy.pl\/index.php?rest_route=\/wp\/v2\/posts\/35406\/revisions"}],"predecessor-version":[{"id":35409,"href":"https:\/\/elektrosystemy.pl\/index.php?rest_route=\/wp\/v2\/posts\/35406\/revisions\/35409"}],"wp:featuredmedia":[{"embeddable":true,"href":"https:\/\/elektrosystemy.pl\/index.php?rest_route=\/wp\/v2\/media\/35407"}],"wp:attachment":[{"href":"https:\/\/elektrosystemy.pl\/index.php?rest_route=%2Fwp%2Fv2%2Fmedia&parent=35406"}],"wp:term":[{"taxonomy":"category","embeddable":true,"href":"https:\/\/elektrosystemy.pl\/index.php?rest_route=%2Fwp%2Fv2%2Fcategories&post=35406"},{"taxonomy":"post_tag","embeddable":true,"href":"https:\/\/elektrosystemy.pl\/index.php?rest_route=%2Fwp%2Fv2%2Ftags&post=35406"}],"curies":[{"name":"wp","href":"https:\/\/api.w.org\/{rel}","templated":true}]}}