{"id":35647,"date":"2021-08-24T13:23:15","date_gmt":"2021-08-24T11:23:15","guid":{"rendered":"https:\/\/elektrosystemy.pl\/?p=35647"},"modified":"2021-08-24T13:23:15","modified_gmt":"2021-08-24T11:23:15","slug":"kongres-nowej-mobilnosci-2021-odbedzie-sie-w-lodzi","status":"publish","type":"post","link":"https:\/\/elektrosystemy.pl\/?p=35647","title":{"rendered":"Kongres Nowej Mobilno\u015bci 2021 odb\u0119dzie si\u0119 w \u0141odzi"},"content":{"rendered":"<p><strong>W dniach 6-8 pa\u017adziernika br. w Centrum Nauki i Techniki EC1 w \u0141odzi, odb\u0119dzie si\u0119 Kongres Nowej Mobilno\u015bci. To kolejna edycja konferencji w ca\u0142o\u015bci po\u015bwi\u0119conej elektromobilno\u015bci. W tym roku organizatorzy, Polskie Stowarzyszenie Paliw Alternatywnych i Miasto \u0141\u00f3d\u017a, rozszerzaj\u0105 formu\u0142\u0119 kongresu o wydarzenie towarzysz\u0105ce \u2013 Manufaktur\u0119 Elektromobilno\u015bci. <\/strong><\/p>\n<p>Dwie sceny, sze\u015b\u0107 sal warsztatowych i okr\u0105g\u0142ych sto\u0142\u00f3w, ponad czterdzie\u015bci spotka\u0144 merytorycznych, dziesi\u0119\u0107 premier, pi\u0119\u0107dziesi\u0119ciu wystawc\u00f3w i dwustu ekspert\u00f3w oraz praktyk\u00f3w rynku &#8211; KNM 2021 to okazja do dyskusji w gronie ekspert\u00f3w bran\u017cy zeroemisyjnego transportu. Tegoroczna edycja wydarzenia odb\u0119dzie si\u0119 w przestrzeni Centrum Nauki i Techniki EC1 w \u0141odzi.<\/p>\n<p><em>\u2013 Mamy \u015bwiadomo\u015b\u0107, \u017ce elektromobilno\u015b\u0107 to nie tylko globalny trend. To szansa, aby poprawi\u0107 jako\u015b\u0107 \u017cycia mieszka\u0144c\u00f3w polskich miast. W \u0141odzi w pe\u0142ni dostrzegamy korzy\u015bci wynikaj\u0105ce z rozwoju zeroemisyjnego transportu, dlatego ch\u0119tnie przyst\u0105pili\u015bmy do wsp\u00f3\u0142organizacji Kongresu Nowej Mobilno\u015bci. Serce zr\u00f3wnowa\u017conego transportu w Polsce b\u0119dzie w pa\u017adzierniku bi\u0142o w \u0141odzi \u2013<\/em> m\u00f3wi Hanna Zdanowska, Prezydent \u0141odzi i przypomina, \u017ce \u0141\u00f3d\u017a, jako pierwsze w Polsce miasto, wprowadzi\u0142o specjalne oznaczenia dla samochod\u00f3w elektrycznych poruszaj\u0105cych si\u0119 po buspasach. Elektryfikuje r\u00f3wnie\u017c publiczny transport zbiorowy i wspiera rozbudow\u0119 sieci \u0142adowania.<\/p>\n<p>Kongres Nowej Mobilno\u015bci 2021 kierowany jest g\u0142\u00f3wnie do os\u00f3b zawodowo zwi\u0105zanych z rynkiem e-mobility. Organizatorzy podkre\u015blaj\u0105, \u017ce najwi\u0119ksz\u0105 zalet\u0105 wydarzenia jest jego otwarta formu\u0142a, gwarantuj\u0105ca dost\u0119p do wiedzy eksperckiej oraz integracj\u0119 pomi\u0119dzy uczestnikami. Zaplanowano wiele wydarze\u0144 specjalnych, takich jak np. Polish Battery Day, kt\u00f3ry w ca\u0142o\u015bci po\u015bwi\u0119cony zostanie roli Polski w \u015bwiatowym i europejskim \u0142a\u0144cuchu dostaw baterii do pojazd\u00f3w elektrycznych. W \u0141odzi odb\u0119dzie si\u0119 te\u017c specjalna sesja Pre-COP26, czyli wst\u0119p do nadchodz\u0105cego szczytu klimatycznego w Glasgow (Wielka Brytania) oraz panele eksperckie zwi\u0105zane z unijnym pakietem \u201eFit for 55\u201d i Inicjatyw\u0105 na rzecz Zielonego Transportu CEE GTI (z ang. <em>Green Transport Initiative<\/em>) powo\u0142an\u0105 przez PSPA i s\u0142owack\u0105 organizacj\u0119 SEVA.<\/p>\n<p>Kongres odb\u0119dzie si\u0119 w dniach 6-8 pa\u017adziernika br. Tu\u017c po jego zako\u0144czeniu, rozpocznie si\u0119 specjalne wydarzenie towarzysz\u0105ce &#8211; Manufaktura Elektromobilno\u015bci, kt\u00f3ra odb\u0119dzie si\u0119 w dniach 8-9 pa\u017adziernika. Rynek \u0142\u00f3dzkiej Manufaktury zamieni si\u0119 w stref\u0119 zeroemisyjnych technologii w transporcie, otwart\u0105 dla wszystkich zwiedzaj\u0105cych (wcze\u015bniej strefa ekspozycyjna b\u0119dzie zorganizowana przed Centrum Nauki i Techniki EC1 w \u0141odzi).<\/p>\n<p><em>&#8211; W ramach wydarzenia w \u0142\u00f3dzkiej Manufakturze odb\u0119d\u0105 si\u0119 prelekcje i debaty edukacyjne oraz warsztaty po\u015bwi\u0119cone ekologii, ochronie klimatu i oczywi\u015bcie elektromobilno\u015bci. Na rynku Manufaktury odb\u0119dzie si\u0119 tak\u017ce prezentacja aktualnie dost\u0119pnych modeli samochod\u00f3w elektrycznych, a tak\u017ce infrastruktury \u0142adowania. Uczestnicy tego wydarzenia b\u0119d\u0105 r\u00f3wnie\u017c \u015bwiadkami pierwszego zlotu cz\u0142onk\u00f3w EV Klubu Polska, kt\u00f3ry z rynku Manufaktury przemie\u015bci si\u0119 na ul. Piotrkowsk\u0105. Tam te\u017c zostanie wydzielona specjalna strefa dla klubowicz\u00f3w i go\u015bci<\/em> \u2013 m\u00f3wi \u0141ukasz Lewandowski, koordynator EV Klub Polska.<\/p>\n<p>Wi\u0119cej informacji o Kongresie Nowej Mobilno\u015bci 2021 dost\u0119pnych jest na stronie internetowej <a href=\"http:\/\/www.kongresnowejmobilnosci.pl\" target=\"_blank\" rel=\"noopener noreferrer\">www.kongresnowejmobilnosci.pl<\/a>, kt\u00f3ra umo\u017cliwia r\u00f3wnie\u017c rejestracj\u0119 na wydarzenie<\/p>\n","protected":false},"excerpt":{"rendered":"<p>W dniach 6-8 pa\u017adziernika br. w Centrum Nauki i Techniki EC1 w \u0141odzi, odb\u0119dzie si\u0119 Kongres Nowej Mobilno\u015bci. To kolejna edycja konferencji w ca\u0142o\u015bci po\u015bwi\u0119conej elektromobilno\u015bci. W tym roku organizatorzy, Polskie Stowarzyszenie Paliw Alternatywnych i Miasto \u0141\u00f3d\u017a, rozszerzaj\u0105 formu\u0142\u0119 kongresu o wydarzenie towarzysz\u0105ce \u2013 Manufaktur\u0119 Elektromobilno\u015bci. Dwie sceny, sze\u015b\u0107 sal warsztatowych i okr\u0105g\u0142ych sto\u0142\u00f3w, ponad&hellip;<\/p>\n","protected":false},"author":3,"featured_media":35648,"comment_status":"closed","ping_status":"closed","sticky":false,"template":"","format":"standard","meta":[],"categories":[1332,320],"tags":[2110],"_links":{"self":[{"href":"https:\/\/elektrosystemy.pl\/index.php?rest_route=\/wp\/v2\/posts\/35647"}],"collection":[{"href":"https:\/\/elektrosystemy.pl\/index.php?rest_route=\/wp\/v2\/posts"}],"about":[{"href":"https:\/\/elektrosystemy.pl\/index.php?rest_route=\/wp\/v2\/types\/post"}],"author":[{"embeddable":true,"href":"https:\/\/elektrosystemy.pl\/index.php?rest_route=\/wp\/v2\/users\/3"}],"replies":[{"embeddable":true,"href":"https:\/\/elektrosystemy.pl\/index.php?rest_route=%2Fwp%2Fv2%2Fcomments&post=35647"}],"version-history":[{"count":1,"href":"https:\/\/elektrosystemy.pl\/index.php?rest_route=\/wp\/v2\/posts\/35647\/revisions"}],"predecessor-version":[{"id":35649,"href":"https:\/\/elektrosystemy.pl\/index.php?rest_route=\/wp\/v2\/posts\/35647\/revisions\/35649"}],"wp:featuredmedia":[{"embeddable":true,"href":"https:\/\/elektrosystemy.pl\/index.php?rest_route=\/wp\/v2\/media\/35648"}],"wp:attachment":[{"href":"https:\/\/elektrosystemy.pl\/index.php?rest_route=%2Fwp%2Fv2%2Fmedia&parent=35647"}],"wp:term":[{"taxonomy":"category","embeddable":true,"href":"https:\/\/elektrosystemy.pl\/index.php?rest_route=%2Fwp%2Fv2%2Fcategories&post=35647"},{"taxonomy":"post_tag","embeddable":true,"href":"https:\/\/elektrosystemy.pl\/index.php?rest_route=%2Fwp%2Fv2%2Ftags&post=35647"}],"curies":[{"name":"wp","href":"https:\/\/api.w.org\/{rel}","templated":true}]}}