{"id":35745,"date":"2021-09-06T13:02:24","date_gmt":"2021-09-06T11:02:24","guid":{"rendered":"https:\/\/elektrosystemy.pl\/?p=35745"},"modified":"2021-09-06T13:30:13","modified_gmt":"2021-09-06T11:30:13","slug":"gdanskie-dni-elektryki-odbeda-sie-w-pazdzierniku","status":"publish","type":"post","link":"https:\/\/elektrosystemy.pl\/?p=35745","title":{"rendered":"Gda\u0144skie Dni Elektryki odb\u0119d\u0105 si\u0119 w pa\u017adzierniku"},"content":{"rendered":"<p><strong>Gda\u0144skie Dni Elektryki to najwi\u0119ksze na Pomorzu wydarzenie skierowane do czo\u0142owych przedstawicieli sektora elektroenergetycznego. Jego sta\u0142ym elementem jest konferencja naukowo- techniczna poruszaj\u0105ca aktualne i wa\u017cne dla bran\u017cy energetycznej tematy. Tegoroczna edycja Gda\u0144skich Dni Elektryki, po przerwie spowodowanej utrudnieniami zwi\u0105zanymi z\u00a0pandemi\u0105, odb\u0119dzie si\u0119 26 i 27 pa\u017adziernika 2021 roku.<\/strong><\/p>\n<p>W ramach pierwszego dnia wydarzenia (26 pa\u017adziernika) na dziedzi\u0144cu Politechniki Gda\u0144skiej od godziny 9.30 odb\u0119d\u0105 si\u0119 targi bran\u017cowe, na kt\u00f3re organizator zapewnia wst\u0119p wolny (ul. Gabriela Narutowicza 11\/12) oraz bankiet dla zarejestrowanych uczestnik\u00f3w.<\/p>\n<p>G\u0142\u00f3wnym punktem programu drugiego dnia GDE (27 pa\u017adziernika) b\u0119dzie konferencja energetyczna, w kt\u00f3rej uczestniczy\u0107 b\u0119d\u0105 zarejestrowani wcze\u015bniej uczestnicy i przedstawiciele firm. Konferencja opiera si\u0119 na dw\u00f3ch g\u0142\u00f3wnych blokach, kt\u00f3rych tematyka obejmuje \u201eNowoczesne rozwi\u0105zania w instalacjach, stacjach i liniach elektroenergetycznych\u201d oraz \u201eKogeneracja i odnawialne \u017ar\u00f3d\u0142a energii\u201d. Drugiego dnia GDE przenios\u0105 si\u0119 od godz. 10:00 na najwy\u017csze pi\u0119tro wie\u017cowca Olivia Star (aleja Grunwaldzka 427).<\/p>\n<p>Przyk\u0142adowe tematy konferencji to m.in.:<\/p>\n<ul>\n<li>\u201eUwarunkowania prawne dotycz\u0105ce jako\u015bci energii elektrycznej ze \u017ar\u00f3de\u0142 odnawialnych i\u00a0kogeneracji\u201d;<\/li>\n<li>\u201eSkuteczno\u015b\u0107 ochrony przeciwprzepi\u0119ciowej w sieciach elektroenergetycznych z r\u00f3wnolegle \u0142\u0105czonymi warystorowymi ogranicznikami przepi\u0119\u0107\u201d;<\/li>\n<li>\u201eWykorzystanie nowoczesnych konstrukcji linii napowietrznych w celu ograniczenia pola elektromagnetycznego\u201d;<\/li>\n<\/ul>\n<p><strong>Co w przypadku zwi\u0119kszenia obostrze\u0144?<br \/>\n<\/strong>W przypadku zwi\u0119kszenia liczby zachorowa\u0144 na COVID-19 i zwi\u0119kszenia obostrze\u0144 wydarzenie b\u0119dzie mia\u0142o miejsce na dziedzi\u0144cu Politechniki oraz r\u00f3wnolegle zostanie udost\u0119pniona transmisja pierwszego dnia GDE. W przypadku zakazu organizowania wydarze\u0144 stacjonarnych, GDE odb\u0119d\u0105 si\u0119 wy\u0142\u0105cznie online, a\u00a0targi bran\u017cowe zostan\u0105 zast\u0105pione blokami reklamowymi przedsi\u0119biorc\u00f3w. Drugiego dnia GDE online, Organizatorzy udost\u0119pni\u0105 mo\u017cliwo\u015b\u0107 wyst\u0105pienia i prezentacji swoich osi\u0105gni\u0119\u0107 i produkt\u00f3w.<\/p>\n<p><em>Kontakt:<\/em><strong><br \/>\n<\/strong> tel. 58 301 49 24<br \/>\ne-mail: <a href=\"mailto:sep@sep.gda.pl\">sep@sep.gda.pl<\/a><br \/>\n<a href=\"http:\/\/www.gde.sep.gda.pl\" target=\"_blank\" rel=\"noopener noreferrer\">www.gde.sep.gda.pl<\/a><\/p>\n","protected":false},"excerpt":{"rendered":"<p>Gda\u0144skie Dni Elektryki to najwi\u0119ksze na Pomorzu wydarzenie skierowane do czo\u0142owych przedstawicieli sektora elektroenergetycznego. Jego sta\u0142ym elementem jest konferencja naukowo- techniczna poruszaj\u0105ca aktualne i wa\u017cne dla bran\u017cy energetycznej tematy. Tegoroczna edycja Gda\u0144skich Dni Elektryki, po przerwie spowodowanej utrudnieniami zwi\u0105zanymi z\u00a0pandemi\u0105, odb\u0119dzie si\u0119 26 i 27 pa\u017adziernika 2021 roku. W ramach pierwszego dnia wydarzenia (26 pa\u017adziernika)&hellip;<\/p>\n","protected":false},"author":3,"featured_media":35746,"comment_status":"closed","ping_status":"closed","sticky":false,"template":"","format":"standard","meta":[],"categories":[318,320],"tags":[582,534],"_links":{"self":[{"href":"https:\/\/elektrosystemy.pl\/index.php?rest_route=\/wp\/v2\/posts\/35745"}],"collection":[{"href":"https:\/\/elektrosystemy.pl\/index.php?rest_route=\/wp\/v2\/posts"}],"about":[{"href":"https:\/\/elektrosystemy.pl\/index.php?rest_route=\/wp\/v2\/types\/post"}],"author":[{"embeddable":true,"href":"https:\/\/elektrosystemy.pl\/index.php?rest_route=\/wp\/v2\/users\/3"}],"replies":[{"embeddable":true,"href":"https:\/\/elektrosystemy.pl\/index.php?rest_route=%2Fwp%2Fv2%2Fcomments&post=35745"}],"version-history":[{"count":3,"href":"https:\/\/elektrosystemy.pl\/index.php?rest_route=\/wp\/v2\/posts\/35745\/revisions"}],"predecessor-version":[{"id":35749,"href":"https:\/\/elektrosystemy.pl\/index.php?rest_route=\/wp\/v2\/posts\/35745\/revisions\/35749"}],"wp:featuredmedia":[{"embeddable":true,"href":"https:\/\/elektrosystemy.pl\/index.php?rest_route=\/wp\/v2\/media\/35746"}],"wp:attachment":[{"href":"https:\/\/elektrosystemy.pl\/index.php?rest_route=%2Fwp%2Fv2%2Fmedia&parent=35745"}],"wp:term":[{"taxonomy":"category","embeddable":true,"href":"https:\/\/elektrosystemy.pl\/index.php?rest_route=%2Fwp%2Fv2%2Fcategories&post=35745"},{"taxonomy":"post_tag","embeddable":true,"href":"https:\/\/elektrosystemy.pl\/index.php?rest_route=%2Fwp%2Fv2%2Ftags&post=35745"}],"curies":[{"name":"wp","href":"https:\/\/api.w.org\/{rel}","templated":true}]}}