{"id":35775,"date":"2021-09-10T14:14:36","date_gmt":"2021-09-10T12:14:36","guid":{"rendered":"https:\/\/elektrosystemy.pl\/?p=35775"},"modified":"2021-09-10T14:14:36","modified_gmt":"2021-09-10T12:14:36","slug":"zblizaja-sie-targi-energetab-2021","status":"publish","type":"post","link":"https:\/\/elektrosystemy.pl\/?p=35775","title":{"rendered":"Zbli\u017caj\u0105 si\u0119 Targi Energetab 2021"},"content":{"rendered":"<p><strong>34 Mi\u0119dzynarodowe Energetyczne Targi Bielskie ENERGETAB 2021, odb\u0119d\u0105 si\u0119 w dniach od 14 do 16 wrze\u015bnia br. na terenie ZIAD Bielsko-Bia\u0142a SA.<\/strong><\/p>\n<p>Energetab to najwi\u0119ksze w Polsce targi nowoczesnych urz\u0105dze\u0144, aparatury i technologii dla przemys\u0142u energetycznego. S\u0105 miejscem spotka\u0144 z przedstawicielami przedsi\u0119biorstw energetyki zawodowej i przemys\u0142owej oraz projektantami czy dostawcami us\u0142ug \u2013 zar\u00f3wno z Polski jak i z zagranicy.<\/p>\n<p>W tegorocznych targach bierze udzia\u0142 ponad 250 wystawc\u00f3w, kt\u00f3rych ekspozycje zlokalizowane s\u0105 na prawie 4 ha teren\u00f3w u podn\u00f3\u017ca Szyndzielni, zar\u00f3wno w hali wielofunkcyjnej, jak i w czterech halach namiotowych oraz na terenach otwartych.<\/p>\n<p>W sk\u0142ad targ\u00f3w wchodz\u0105 specjalne strefy, takie jak Strefa Odnawialnych \u0179r\u00f3de\u0142 Energii \u2013 OZE, Strefa Elektromobilno\u015bci \u2013 SEL, Strefa Praktycznych Pokaz\u00f3w technologii elektrycznych \u2013 SPP.<\/p>\n<p>Program targ\u00f3w obejmuje prezentacje promocyjne wystawc\u00f3w oraz zorganizowane wraz z partnerami bran\u017cowymi konferencje: konferencja \u201eSprawiedliwa Transformacja Energetyczna\u201d, konferencja \u201eFotowoltaika dzi\u015b i jutro\u201d, konferencja \u201ePlany rozwojowe elektroenergetycznych sieci przesy\u0142owych dystrybucyjnych\u201d, konferencja \u201eZastosowanie robot\u00f3w w przemy\u015ble elektromaszynowym i energetyce\u201d. W wybranych konferencjach mo\u017cna b\u0119dzie te\u017c uczestniczy\u0107 zdalnie po uprzednim zarejestrowaniu zainteresowania.<\/p>\n<p>Targom towarzyszy konkurs, w kt\u00f3rym nagradzane s\u0105 medalami i pucharami \u201eszczeg\u00f3lnie wyr\u00f3\u017cniaj\u0105ce si\u0119 produkty\u201d zg\u0142oszone przez wystawc\u00f3w.<\/p>\n","protected":false},"excerpt":{"rendered":"<p>34 Mi\u0119dzynarodowe Energetyczne Targi Bielskie ENERGETAB 2021, odb\u0119d\u0105 si\u0119 w dniach od 14 do 16 wrze\u015bnia br. na terenie ZIAD Bielsko-Bia\u0142a SA. Energetab to najwi\u0119ksze w Polsce targi nowoczesnych urz\u0105dze\u0144, aparatury i technologii dla przemys\u0142u energetycznego. S\u0105 miejscem spotka\u0144 z przedstawicielami przedsi\u0119biorstw energetyki zawodowej i przemys\u0142owej oraz projektantami czy dostawcami us\u0142ug \u2013 zar\u00f3wno z Polski&hellip;<\/p>\n","protected":false},"author":3,"featured_media":35776,"comment_status":"closed","ping_status":"closed","sticky":false,"template":"","format":"standard","meta":[],"categories":[318,327],"tags":[338],"_links":{"self":[{"href":"https:\/\/elektrosystemy.pl\/index.php?rest_route=\/wp\/v2\/posts\/35775"}],"collection":[{"href":"https:\/\/elektrosystemy.pl\/index.php?rest_route=\/wp\/v2\/posts"}],"about":[{"href":"https:\/\/elektrosystemy.pl\/index.php?rest_route=\/wp\/v2\/types\/post"}],"author":[{"embeddable":true,"href":"https:\/\/elektrosystemy.pl\/index.php?rest_route=\/wp\/v2\/users\/3"}],"replies":[{"embeddable":true,"href":"https:\/\/elektrosystemy.pl\/index.php?rest_route=%2Fwp%2Fv2%2Fcomments&post=35775"}],"version-history":[{"count":2,"href":"https:\/\/elektrosystemy.pl\/index.php?rest_route=\/wp\/v2\/posts\/35775\/revisions"}],"predecessor-version":[{"id":35778,"href":"https:\/\/elektrosystemy.pl\/index.php?rest_route=\/wp\/v2\/posts\/35775\/revisions\/35778"}],"wp:featuredmedia":[{"embeddable":true,"href":"https:\/\/elektrosystemy.pl\/index.php?rest_route=\/wp\/v2\/media\/35776"}],"wp:attachment":[{"href":"https:\/\/elektrosystemy.pl\/index.php?rest_route=%2Fwp%2Fv2%2Fmedia&parent=35775"}],"wp:term":[{"taxonomy":"category","embeddable":true,"href":"https:\/\/elektrosystemy.pl\/index.php?rest_route=%2Fwp%2Fv2%2Fcategories&post=35775"},{"taxonomy":"post_tag","embeddable":true,"href":"https:\/\/elektrosystemy.pl\/index.php?rest_route=%2Fwp%2Fv2%2Ftags&post=35775"}],"curies":[{"name":"wp","href":"https:\/\/api.w.org\/{rel}","templated":true}]}}