{"id":35789,"date":"2021-09-16T16:48:17","date_gmt":"2021-09-16T14:48:17","guid":{"rendered":"https:\/\/elektrosystemy.pl\/?p=35789"},"modified":"2021-09-16T17:53:40","modified_gmt":"2021-09-16T15:53:40","slug":"konkurs-osobowosc-roku-2021-rozpoczeto-nabor-zgloszen","status":"publish","type":"post","link":"https:\/\/elektrosystemy.pl\/?p=35789","title":{"rendered":"Konkurs Osobowo\u015b\u0107 Roku 2021: rozpocz\u0119to nab\u00f3r zg\u0142osze\u0144"},"content":{"rendered":"<p><strong>Mo\u017cna ju\u017c nadsy\u0142a\u0107 zg\u0142oszenia do 6. edycji Konkursu Osobowo\u015b\u0107 Roku odbywaj\u0105cej si\u0119 w roku 2021. Wyniki Konkursu zostan\u0105 og\u0142oszone podczas Mi\u0119dzynarodowych Targ\u00f3w Elektrotechnika i Mi\u0119dzynarodowych Targ\u00f3w \u015awiat\u0142o w Warszawie.<\/strong><\/p>\n<p>Konkurs ma na celu wyr\u00f3\u017cnienie i promowanie tw\u00f3rc\u00f3w wdro\u017conych, innowacyjnych rozwi\u0105za\u0144 i przedsi\u0119wzi\u0119\u0107 techniczno-gospodarczych oraz promocj\u0119 i popularyzowanie dorobku tw\u00f3rc\u00f3w techniki, nauki i nowoczesnej gospodarki.<br \/>\nTytu\u0142 ma charakter honorowy, nadawany corocznie osobom fizycznym, w trzech kategoriach:<\/p>\n<ul>\n<li>NAUKA<\/li>\n<li>GOSPODARKA<\/li>\n<li>OTOCZENIE BIZNESU<\/li>\n<\/ul>\n<p>Wype\u0142nione formularze zg\u0142oszeniowe nale\u017cy przesy\u0142a\u0107 do 30 listopada 2021 r.:<\/p>\n<ul>\n<li>w wersji elektronicznej na adres e-mail: <a href=\"mailto:konkurs@osobowoscroku.pl\">konkurs@osobowoscroku.pl<\/a>;<\/li>\n<li>w wersji papierowej na adres: Polski Zwi\u0105zek Przemys\u0142u O\u015bwietleniowego, 02-697 Warszawa, ul. Rzymowskiego 30<\/li>\n<\/ul>\n<p>Formularz zg\u0142oszeniowy, Regulamin Konkursu, kryteria przyznawania tytu\u0142u znajduj\u0105 si\u0119 na stronie <a href=\"http:\/\/www.osobowoscroku.pl\" target=\"_blank\" rel=\"noopener noreferrer\">www.osobowoscroku.pl<\/a>.<br \/>\nOrganizatorami Konkursu Osobowo\u015b\u0107 Roku s\u0105 og\u00f3lnopolskie organizacje bran\u017cowe:<\/p>\n<ul data-style=\"style3\">\n<li>Polska Izba In\u017cynier\u00f3w Budownictwa,<\/li>\n<li>Stowarzyszenie Elektryk\u00f3w Polskich,<\/li>\n<li>Polska Izba Gospodarcza Elektrotechniki,<\/li>\n<li>Krajowa Izba Gospodarcza Elektroniki i Telekomunikacji,<\/li>\n<li>Krajowa Izba Gospodarcza Elektryki,<\/li>\n<li>Polska Izba Radiodyfuzji Cyfrowej,<\/li>\n<li>Polskie Stowarzyszenie Bran\u017cy Elektroenergetycznej,<\/li>\n<li>Polski Zwi\u0105zek Przemys\u0142u O\u015bwietleniowego,<\/li>\n<li>Stowarzyszenie Polskich Energetyk\u00f3w,<\/li>\n<li>Stowarzyszenie Teletechnik\u00f3w Polskich XXI<\/li>\n\n<\/ul>\n<p>Og\u0142oszenie wynik\u00f3w i uroczyste wr\u0119czenie nominacji nast\u0105pi w dniach 26-28 stycznia 2022 r. podczas Targ\u00f3w Elektrotechnika i Targ\u00f3w \u015awiat\u0142o w Warszawie.<\/p>\n","protected":false},"excerpt":{"rendered":"<p>Mo\u017cna ju\u017c nadsy\u0142a\u0107 zg\u0142oszenia do 6. edycji Konkursu Osobowo\u015b\u0107 Roku odbywaj\u0105cej si\u0119 w roku 2021. Wyniki Konkursu zostan\u0105 og\u0142oszone podczas Mi\u0119dzynarodowych Targ\u00f3w Elektrotechnika i Mi\u0119dzynarodowych Targ\u00f3w \u015awiat\u0142o w Warszawie. Konkurs ma na celu wyr\u00f3\u017cnienie i promowanie tw\u00f3rc\u00f3w wdro\u017conych, innowacyjnych rozwi\u0105za\u0144 i przedsi\u0119wzi\u0119\u0107 techniczno-gospodarczych oraz promocj\u0119 i popularyzowanie dorobku tw\u00f3rc\u00f3w techniki, nauki i nowoczesnej gospodarki. Tytu\u0142&hellip;<\/p>\n","protected":false},"author":3,"featured_media":33628,"comment_status":"closed","ping_status":"closed","sticky":false,"template":"","format":"standard","meta":[],"categories":[318,320],"tags":[1658],"_links":{"self":[{"href":"https:\/\/elektrosystemy.pl\/index.php?rest_route=\/wp\/v2\/posts\/35789"}],"collection":[{"href":"https:\/\/elektrosystemy.pl\/index.php?rest_route=\/wp\/v2\/posts"}],"about":[{"href":"https:\/\/elektrosystemy.pl\/index.php?rest_route=\/wp\/v2\/types\/post"}],"author":[{"embeddable":true,"href":"https:\/\/elektrosystemy.pl\/index.php?rest_route=\/wp\/v2\/users\/3"}],"replies":[{"embeddable":true,"href":"https:\/\/elektrosystemy.pl\/index.php?rest_route=%2Fwp%2Fv2%2Fcomments&post=35789"}],"version-history":[{"count":3,"href":"https:\/\/elektrosystemy.pl\/index.php?rest_route=\/wp\/v2\/posts\/35789\/revisions"}],"predecessor-version":[{"id":35798,"href":"https:\/\/elektrosystemy.pl\/index.php?rest_route=\/wp\/v2\/posts\/35789\/revisions\/35798"}],"wp:featuredmedia":[{"embeddable":true,"href":"https:\/\/elektrosystemy.pl\/index.php?rest_route=\/wp\/v2\/media\/33628"}],"wp:attachment":[{"href":"https:\/\/elektrosystemy.pl\/index.php?rest_route=%2Fwp%2Fv2%2Fmedia&parent=35789"}],"wp:term":[{"taxonomy":"category","embeddable":true,"href":"https:\/\/elektrosystemy.pl\/index.php?rest_route=%2Fwp%2Fv2%2Fcategories&post=35789"},{"taxonomy":"post_tag","embeddable":true,"href":"https:\/\/elektrosystemy.pl\/index.php?rest_route=%2Fwp%2Fv2%2Ftags&post=35789"}],"curies":[{"name":"wp","href":"https:\/\/api.w.org\/{rel}","templated":true}]}}