{"id":35817,"date":"2021-09-22T15:32:40","date_gmt":"2021-09-22T13:32:40","guid":{"rendered":"https:\/\/elektrosystemy.pl\/?p=35817"},"modified":"2021-09-22T15:37:21","modified_gmt":"2021-09-22T13:37:21","slug":"energetab-2021-stopniowy-powrot-do-formy","status":"publish","type":"post","link":"https:\/\/elektrosystemy.pl\/?p=35817","title":{"rendered":"Ponad 270 wystawc\u00f3w na Targach Energetab 2021"},"content":{"rendered":"<p><strong>Wed\u0142ug informacji organizator\u00f3w blisko 8 tysi\u0119cy go\u015bci odwiedzi\u0142o zako\u0144czone 16 wrze\u015bnia Mi\u0119dzynarodowe Targi Energetyczne Energetab. W\u015br\u00f3d ponad 270 wystawc\u00f3w dominowa\u0142y krajowe przedsi\u0119biorstwa. Zagro\u017cenie epidemi\u0105 niew\u0105tpliwie ograniczy\u0142o liczb\u0119 zwiedzaj\u0105cych z zagranicy, obawiaj\u0105cych si\u0119 konieczno\u015bci odbycia kwarantanny.<\/strong><\/p>\n<p>Targi Energetab 2021 zgromadzi\u0142y ponad 270 wystawc\u00f3w, w\u015br\u00f3d kt\u00f3rych zdecydowan\u0105 wi\u0119kszo\u015b\u0107 stanowi\u0142y firmy krajowe. Wydarzenie obejmowa\u0142o hal\u0119 sportow\u0105, pi\u0119\u0107 hal namiotowych oraz tereny zewn\u0119trzne. Dwa lata temu liczba wystawc\u00f3w przekracza\u0142a 700 firm.<\/p>\n<p><strong>Ekspozycje plenerowe<br \/>\n<\/strong>Bielskie targi wyr\u00f3\u017cnia oferta ekspozycji plenerowych, z kt\u00f3rych cz\u0119\u015b\u0107 skupiona by\u0142a w specjalnych strefach, takich jak strefa odnawialnych \u017ar\u00f3de\u0142 energii (OZE), w kt\u00f3rej by\u0142y prezentowane m.in. zestawy paneli PV i magazyny energii, strefa elektromobilno\u015bci (SEL) ze stacjami \u0142adowania pojazd\u00f3w oraz samochodami elektrycznymi czy te\u017c strefa praktycznych pokaz\u00f3w technologii (SPP), w kt\u00f3rej m.in. odbywa\u0142y si\u0119 pokazy pod\u0142\u0105czania w technologii prac pod napi\u0119ciem mobilnego urz\u0105dzenia zasilaj\u0105cego MUZ wykonywane przez brygad\u0119 Tauron Dystrybucji.<\/p>\n<p><strong>Konferencje i warsztaty<br \/>\n<\/strong>Targom towarzyszy\u0142y liczne konferencje m.in. na temat sprawiedliwej transformacji energetycznej, plan\u00f3w rozwojowych w zakresie sieci elektroenergetycznych, perspektywom fotowoltaiki, energetyce rozproszonej, zastosowania robot\u00f3w w przemy\u015ble elektromaszynowym i energetyce. Wielu s\u0142uchaczy wzi\u0119\u0142o udzia\u0142 w indywidualnie organizowanych przez wystawc\u00f3w prezentacjach promocyjnych czy warsztatach<\/p>\n<p><strong>Relacje w internecie<br \/>\n<\/strong>Sytuacja epidemiologiczna i obowi\u0105zuj\u0105ce przepisy sanitarne oraz d\u0105\u017cenie organizator\u00f3w do zapewnienia bezpiecze\u0144stwa wszystkim uczestnikom targ\u00f3w powodowa\u0142o pewne utrudnienia, jak konieczno\u015b\u0107 rejestracji uczestnik\u00f3w targ\u00f3w, stosowanie odst\u0119p\u00f3w \u2013 czyli ograniczenia miejsc w salach konferencyjnych, itp. Zapewne te\u017c wielu potencjalnych uczestnik\u00f3w nie zdecydowa\u0142o si\u0119 na przyjazd na targi.<br \/>\nDlatego te\u017c liczne konferencje i wa\u017cniejsze wydarzenia targowe by\u0142y bezpo\u015brednio relacjonowane w internecie. Na stronie targ\u00f3w oraz w mediach spo\u0142eczno\u015bciowych mo\u017cna obejrze\u0107 zarejestrowane konferencje i kilkana\u015bcie reporta\u017cy, w tym z wr\u0119czenia wyr\u00f3\u017cnie\u0144 targowych.<\/p>\n<p style=\"text-align: center;\"><span style=\"font-size: 12pt;\"><strong>Nagrody Targ\u00f3w Energetab 2021<\/strong><\/span><\/p>\n<ul>\n<li><strong>Statuetka \u2013 \u201eZ<\/strong><strong>\u0142<\/strong><strong>otego Lwa\u201d Fundacji im. Kazimierza Szpota<\/strong><strong>\u0144<\/strong><strong>skiego <\/strong>za \u201e<em>Teleskopowy dr<\/em><em>\u0105\u017c<\/em><em>ek izolacyjny o podwy<\/em><em>\u017c<\/em><em>szonych parametrach mechanicznych TDI-M-B<\/em>\u201d firmy Wytw\u00f3rnia Sprz\u0119tu Elektroenergetycznego Aktywizacja Sp\u00f3\u0142dzielnia Pracy,<\/li>\n<li><strong>Puchar Ministra Klimatu i <\/strong><strong>\u015a<\/strong><strong>rodowiska <\/strong>za \u201e<em>Innowacyjne urz<\/em><em>\u0105<\/em><em>dzenie mechaniczne s<\/em><em>\u0142<\/em><em>u<\/em><em>\u017c\u0105<\/em><em>ce do podnoszenia ca<\/em><em>\u0142<\/em><em>ego s<\/em><em>\u0142<\/em><em>upa energetycznego<\/em>\u201d firmy Enprom Sp. z o.o.,<\/li>\n<li><strong>Puchar Prezesa Polskiego Towarzystwa Przesy<\/strong><strong>\u0142<\/strong><strong>u i Rozdzia<\/strong><strong>\u0142<\/strong><strong>u Energii Elektrycznej <\/strong>za \u201e<em>System modu<\/em><em>\u0142<\/em><em>owych, samono<\/em><em>\u015b<\/em><em>nych bramek wsporczych do przebudowy rozdzielni napowietrznych WN i NN<\/em>\u201d firmy Arinet Sp. z o.o.,<\/li>\n<li><strong>Nagroda Prezydenta Miasta Bielska-Bia<\/strong><strong>\u0142<\/strong><strong>ej <\/strong>za \u201e<em>System Optymalizacji Produkcji i Magazynowania Energii z OZE (SOPiME)<\/em>\u201d firmy PUE S.A.,<\/li>\n<li><strong>Z<\/strong><strong>\u0142<\/strong><strong>oty Medal Polskich Sieci Elektroenergetycznych S.A. <\/strong>za \u201e<em>Innowacyjne urz<\/em><em>\u0105<\/em><em>dzenie mechaniczne s<\/em><em>\u0142<\/em><em>u<\/em><em>\u017c\u0105<\/em><em>ce do podnoszenia ca<\/em><em>\u0142<\/em><em>ego s<\/em><em>\u0142<\/em><em>upa energetycznego<\/em>\u201d firmy Enprom Sp. z o. o.,<\/li>\n<\/ul>\n<p style=\"text-align: center;\"><span style=\"font-size: 12pt;\"><strong>Medale <\/strong><strong>Targ<\/strong><strong>\u00f3<\/strong><strong>w <\/strong><strong>Energetab <\/strong><strong>2021<\/strong><\/span><\/p>\n<ul>\n<li><strong>Medal Z<\/strong><strong>\u0142<\/strong><strong>oty<\/strong><strong>: <\/strong><em>\u201eSterownik polowy SO-52v11 z rozbudowanymi funkcjami bezpiecze<\/em><em>\u0144<\/em><em>stwa, pomiar<\/em><em>\u00f3<\/em><em>w i\u00a0automatyki\u201d<\/em> firmy Mikronika Sp. z o.o.<\/li>\n<li><strong>Medal Srebrny<\/strong><strong>: <\/strong><em>\u201eDeltabar PMD75B-przetwornik r<\/em><em>\u00f3\u017c<\/em><em>nicy ci<\/em><em>\u015b<\/em><em>nie<\/em><em>\u0144\u201d<\/em> firmy Endress+Hauser Polska sp. z o.o.<\/li>\n<li><strong>Medal Br<\/strong><strong>\u0105<\/strong><strong>zowy<\/strong><strong>: <\/strong><em>\u201e<\/em><em>EcoStruxure Microgrid Advisor<\/em><em>\u201d<\/em> firmy Schneider Electric Polska z o.o.<\/li>\n<\/ul>\n<p><strong>Medal<\/strong> <strong>Prezesa SEP<\/strong><strong>: <\/strong>\u201e<em>Wielofunkcyjny miernik parametr<\/em><em>\u00f3<\/em><em>w instalacji elektrycznych MPI-540-PV<\/em>\u201d firmy Sonel S.A.<\/p>\n<p><strong>Puchar Izby Gospodarczej Energetyki i Ochrony <\/strong><strong>\u015a<\/strong><strong>rodowiska<\/strong><strong>: <\/strong>\u201e<em>Przeka<\/em><em>\u017a<\/em><em>niki interfejsowe w technologii Push-in<\/em>\u201d firmy Relpol S.A.<\/p>\n<p><strong>Statuetka \u201eZ<\/strong><strong>\u0142<\/strong><strong>oty Volt<em>\u201d<\/em><\/strong> <strong>Polskiej Izby Gospodarczej Elektrotechniki:<\/strong> \u201e<em>Kabel hybrydowy CYY-FO\/CYY-F-FO<\/em>\u201d firmy Prysmian Group<\/p>\n<p><strong>Statuetka Polskiego Stowarzyszenia Bran<\/strong><strong>\u017c<\/strong><strong>y Elektroenergetycznej<\/strong>: \u201e<em>Zintegrowany system zabezpiecze<\/em><em>\u0144<\/em><em> i sterowania e<sup>2<\/sup>TANGO dedykowany dla Odnawialnych <\/em><em>\u0179<\/em><em>r<\/em><em>\u00f3<\/em><em>de<\/em><em>\u0142<\/em><em> Energii (OZE)\u201d<\/em> firmy Elektrometal Energetyka SA<\/p>\n<p style=\"text-align: center;\"><span style=\"font-size: 12pt;\"><strong>Wyr<\/strong><strong>\u00f3\u017c<\/strong><strong>nienia Honorowe<\/strong><\/span><\/p>\n<ul data-style=\"style2\">\n<li>\u201e<em>I<\/em><em>nnowacyjny system po<\/em><em>\u0142\u0105<\/em><em>cze<\/em><em>\u0144<\/em><em> przewod<\/em><em>\u00f3<\/em><em>w AL w izolacji emaliowej<\/em><em> Rekin AL<\/em>\u201d firmy Erko sp. z o.o. sp. k.<\/li>\n<li>\u201e<em>Licznik energii elektrycznej OTUS z modemem TRAM z LTE cat. M1 na 450 MHz<\/em>\u201d firmy DGT Sp\u00f3\u0142ka z o.o.<\/li>\n<li>\u201e<em>Fona <\/em><em>Energy<\/em>\u201d firmy Impact Clean Power Technology S.A.<\/li>\n<li>\u201e<em>Uk<\/em><em>\u0142<\/em><em>ad do rozliczenia energii elektrycznej za pomoc<\/em><em>\u0105<\/em><em> ma<\/em><em>\u0142<\/em><em>ej mocy pasywnych przek<\/em><em>\u0142<\/em><em>adnik<\/em><em>\u00f3<\/em><em>w napi<\/em><em>\u0119<\/em><em>ciowych (sensor<\/em><em>\u00f3<\/em><em>w)<\/em>\u201d firmy Zak\u0142ad Obs\u0142ugi Energetyki Sp. z o.o.<\/li>\n<li>\u201e<em>Oprawa przeciwwybuchowa EXL400LED<\/em>\u201d firmy ATM Lighting Sp. z o.o.<\/li>\n<li>\u201e<em>Licznik energii elektrycznej typu sQAB<\/em>\u201d firmy Zak\u0142ad Elektronicznych Urz\u0105dze\u0144 Pomiarowych Pozyton Sp. z o.o.<\/li>\n\n<\/ul>\n<p>Organizatorzy zapraszaj\u0105 na Energetab 2022 w dniach od 13 \u2013 15 wrze\u015bnia 2022.<br \/>\n<em>\u0179r\u00f3d\u0142o: ZIAD Bielsko-Bia\u0142a SA<\/em><\/p>\n","protected":false},"excerpt":{"rendered":"<p>Wed\u0142ug informacji organizator\u00f3w blisko 8 tysi\u0119cy go\u015bci odwiedzi\u0142o zako\u0144czone 16 wrze\u015bnia Mi\u0119dzynarodowe Targi Energetyczne Energetab. W\u015br\u00f3d ponad 270 wystawc\u00f3w dominowa\u0142y krajowe przedsi\u0119biorstwa. Zagro\u017cenie epidemi\u0105 niew\u0105tpliwie ograniczy\u0142o liczb\u0119 zwiedzaj\u0105cych z zagranicy, obawiaj\u0105cych si\u0119 konieczno\u015bci odbycia kwarantanny. Targi Energetab 2021 zgromadzi\u0142y ponad 270 wystawc\u00f3w, w\u015br\u00f3d kt\u00f3rych zdecydowan\u0105 wi\u0119kszo\u015b\u0107 stanowi\u0142y firmy krajowe. Wydarzenie obejmowa\u0142o hal\u0119 sportow\u0105, pi\u0119\u0107 hal&hellip;<\/p>\n","protected":false},"author":3,"featured_media":35841,"comment_status":"closed","ping_status":"closed","sticky":false,"template":"","format":"standard","meta":[],"categories":[318,327,320],"tags":[338],"_links":{"self":[{"href":"https:\/\/elektrosystemy.pl\/index.php?rest_route=\/wp\/v2\/posts\/35817"}],"collection":[{"href":"https:\/\/elektrosystemy.pl\/index.php?rest_route=\/wp\/v2\/posts"}],"about":[{"href":"https:\/\/elektrosystemy.pl\/index.php?rest_route=\/wp\/v2\/types\/post"}],"author":[{"embeddable":true,"href":"https:\/\/elektrosystemy.pl\/index.php?rest_route=\/wp\/v2\/users\/3"}],"replies":[{"embeddable":true,"href":"https:\/\/elektrosystemy.pl\/index.php?rest_route=%2Fwp%2Fv2%2Fcomments&post=35817"}],"version-history":[{"count":13,"href":"https:\/\/elektrosystemy.pl\/index.php?rest_route=\/wp\/v2\/posts\/35817\/revisions"}],"predecessor-version":[{"id":35844,"href":"https:\/\/elektrosystemy.pl\/index.php?rest_route=\/wp\/v2\/posts\/35817\/revisions\/35844"}],"wp:featuredmedia":[{"embeddable":true,"href":"https:\/\/elektrosystemy.pl\/index.php?rest_route=\/wp\/v2\/media\/35841"}],"wp:attachment":[{"href":"https:\/\/elektrosystemy.pl\/index.php?rest_route=%2Fwp%2Fv2%2Fmedia&parent=35817"}],"wp:term":[{"taxonomy":"category","embeddable":true,"href":"https:\/\/elektrosystemy.pl\/index.php?rest_route=%2Fwp%2Fv2%2Fcategories&post=35817"},{"taxonomy":"post_tag","embeddable":true,"href":"https:\/\/elektrosystemy.pl\/index.php?rest_route=%2Fwp%2Fv2%2Ftags&post=35817"}],"curies":[{"name":"wp","href":"https:\/\/api.w.org\/{rel}","templated":true}]}}