{"id":35883,"date":"2021-09-30T10:00:32","date_gmt":"2021-09-30T08:00:32","guid":{"rendered":"https:\/\/elektrosystemy.pl\/?p=35883"},"modified":"2021-09-30T14:46:11","modified_gmt":"2021-09-30T12:46:11","slug":"dodatkowe-srodki-dla-programu-moj-prad-2-0","status":"publish","type":"post","link":"https:\/\/elektrosystemy.pl\/?p=35883","title":{"rendered":"Dodatkowe \u015brodki dla programu \u201eM\u00f3j Pr\u0105d 2.0\u201d"},"content":{"rendered":"<p><strong>Trwaj\u0105 prace nad kolejnym &#8211; ju\u017c czwartym &#8211; zwi\u0119kszeniem bud\u017cetu w drugiej edycji programu \u201eM\u00f3j Pr\u0105d\u201d. Zarz\u0105d Narodowego Funduszu Ochrony \u015arodowiska i Gospodarki Wodnej podj\u0105\u0142 decyzj\u0119 o ponownym zwi\u0119kszeniu puli pieni\u0119dzy przeznaczonych dla os\u00f3b, kt\u00f3re w II naborze ubiega\u0142y si\u0119 o dofinansowanie do domowych mikroinstalacji fotowoltaicznych. Oznacza to, \u017ce dotacje mo\u017ce otrzyma\u0107 nawet ponad 20 tysi\u0119cy wnioskodawc\u00f3w umieszczonych obecnie na listach rezerwowych.<\/strong><\/p>\n<p>Program \u201eM\u00f3j Pr\u0105d 2.0\u201d spotka\u0142 si\u0119 z ogromnym zainteresowaniem potencjalnych beneficjent\u00f3w. Jego bud\u017cet by\u0142 trzykrotnie zwi\u0119kszany\u00a0 do \u0142\u0105cznej kwoty 1,159 mld z\u0142, ale nawet tak wielka pula \u015brodk\u00f3w nie pozwoli\u0142a na zaspokojenie oczekiwa\u0144 setek tysi\u0119cy os\u00f3b wnioskuj\u0105cych o dofinansowanie do instalacji fotowoltaicznych zamontowanych na dachach ich dom\u00f3w. Wnioskodawcy, kt\u00f3rych wnioski zosta\u0142y wprawdzie pozytywnie ocenione, ale nie wystarczy\u0142o dla nich \u015brodk\u00f3w finansowych na dotacje, trafili na listy rezerwowe.<\/p>\n<p>Zarz\u0105d Narodowego Funduszu Ochrony \u015arodowiska i Gospodarki Wodnej podj\u0105\u0142 decyzj\u0119 o kolejnym zwi\u0119kszeniu puli pieni\u0119dzy dla II naboru w programie \u201eM\u00f3j Pr\u0105d\u201d. Uchwa\u0142a zarz\u0105du NFO\u015aiGW wymaga teraz przygotowania specjalnego programu priorytetowego (lub wprowadzenia zmian w ju\u017c istniej\u0105cym), kt\u00f3ry b\u0119dzie umo\u017cliwia\u0142 finansowanie wy\u0142\u0105cznie projekt\u00f3w umieszczonych na listach rezerwowych, sporz\u0105dzonych w trakcie realizacji programu \u201eM\u00f3j Pr\u0105d 2.0\u201d.<\/p>\n<p>Wnioskodawcy, kt\u00f3rzy z\u0142o\u017cyli wnioski w II naborze programu \u201eM\u00f3j Pr\u0105d\u201d i trafili na listy rezerwowe, otrzymaj\u0105 dofinansowanie w kwocie do 5 tys. z\u0142, gdy\u017c taki w\u0142a\u015bnie pu\u0142ap dofinansowania dla pozytywnie ocenionych projekt\u00f3w zak\u0142ada\u0142a tamta edycja.<\/p>\n<p><strong>\u201eM\u00f3j Pr\u0105d 3.0\u201d<\/strong><\/p>\n<p>Ko\u0144czy si\u0119 bud\u017cet tegorocznego, III naboru w programie \u201eM\u00f3j Pr\u0105d\u201d, kt\u00f3ry wynosi 534 mln z\u0142. Ta kwota alokacji wystarczy na dofinansowanie maksymalnie 178 tys. domowych mikroinstalacji fotowoltaicznych, a do 28 wrze\u015bnia br. zosta\u0142o ju\u017c z\u0142o\u017conych blisko 167 tys. wniosk\u00f3w. Przy tym poziomie zainteresowania programem i tej dynamice sk\u0142adania wniosk\u00f3w, ju\u017c za kilka dni nab\u00f3r mo\u017ce zosta\u0107 zamkni\u0119ty z powodu braku \u015brodk\u00f3w finansowych. Osoby chc\u0105ce skorzysta\u0107 z dotacji powinny pospieszy\u0107 si\u0119 ze z\u0142o\u017ceniem dokument\u00f3w.<\/p>\n<p>Nab\u00f3r w programie M\u00f3j Pr\u0105d 3.0 rozpocz\u0105\u0142 si\u0119 1 lipca 2021 r. i mia\u0142 by\u0107 prowadzony najwy\u017cej do 22 grudnia 2021 r. lub do wyczerpania puli pieni\u0119dzy przeznaczonych na dofinansowanie domowych mikroinstalacji fotowoltaicznych. O dotacj\u0119 w programie \u201eM\u00f3j Pr\u0105d 3.0\u201d mo\u017ce ubiega\u0107 si\u0119 osoba fizyczna, kt\u00f3rej instalacja fotowoltaiczna jest ju\u017c wykonana i pod\u0142\u0105czona do sieci elektroenergetycznej (m.in. istnieje licznik dwukierunkowy). Instalacja o mocy 2-10 kW musi by\u0107 przeznaczona na cele mieszkaniowe. Dotacja obejmuje wydatki poniesione od 1 lutego 2020 r. \u2013 pod warunkiem, \u017ce instalacja nie zosta\u0142a zako\u0144czona przed t\u0105 dat\u0105, a inwestycja nie jest rozbudow\u0105 ju\u017c istniej\u0105cego systemu. Z NFO\u015aiGW w ramach dofinansowania mo\u017cna uzyska\u0107 zwrot do 50% koszt\u00f3w inwestycji, maksymalnie 3000 z\u0142 na instalacj\u0119.<\/p>\n","protected":false},"excerpt":{"rendered":"<p>Trwaj\u0105 prace nad kolejnym &#8211; ju\u017c czwartym &#8211; zwi\u0119kszeniem bud\u017cetu w drugiej edycji programu \u201eM\u00f3j Pr\u0105d\u201d. Zarz\u0105d Narodowego Funduszu Ochrony \u015arodowiska i Gospodarki Wodnej podj\u0105\u0142 decyzj\u0119 o ponownym zwi\u0119kszeniu puli pieni\u0119dzy przeznaczonych dla os\u00f3b, kt\u00f3re w II naborze ubiega\u0142y si\u0119 o dofinansowanie do domowych mikroinstalacji fotowoltaicznych. Oznacza to, \u017ce dotacje mo\u017ce otrzyma\u0107 nawet ponad 20&hellip;<\/p>\n","protected":false},"author":3,"featured_media":34696,"comment_status":"closed","ping_status":"closed","sticky":false,"template":"","format":"standard","meta":[],"categories":[318,827],"tags":[665],"_links":{"self":[{"href":"https:\/\/elektrosystemy.pl\/index.php?rest_route=\/wp\/v2\/posts\/35883"}],"collection":[{"href":"https:\/\/elektrosystemy.pl\/index.php?rest_route=\/wp\/v2\/posts"}],"about":[{"href":"https:\/\/elektrosystemy.pl\/index.php?rest_route=\/wp\/v2\/types\/post"}],"author":[{"embeddable":true,"href":"https:\/\/elektrosystemy.pl\/index.php?rest_route=\/wp\/v2\/users\/3"}],"replies":[{"embeddable":true,"href":"https:\/\/elektrosystemy.pl\/index.php?rest_route=%2Fwp%2Fv2%2Fcomments&post=35883"}],"version-history":[{"count":1,"href":"https:\/\/elektrosystemy.pl\/index.php?rest_route=\/wp\/v2\/posts\/35883\/revisions"}],"predecessor-version":[{"id":35884,"href":"https:\/\/elektrosystemy.pl\/index.php?rest_route=\/wp\/v2\/posts\/35883\/revisions\/35884"}],"wp:featuredmedia":[{"embeddable":true,"href":"https:\/\/elektrosystemy.pl\/index.php?rest_route=\/wp\/v2\/media\/34696"}],"wp:attachment":[{"href":"https:\/\/elektrosystemy.pl\/index.php?rest_route=%2Fwp%2Fv2%2Fmedia&parent=35883"}],"wp:term":[{"taxonomy":"category","embeddable":true,"href":"https:\/\/elektrosystemy.pl\/index.php?rest_route=%2Fwp%2Fv2%2Fcategories&post=35883"},{"taxonomy":"post_tag","embeddable":true,"href":"https:\/\/elektrosystemy.pl\/index.php?rest_route=%2Fwp%2Fv2%2Ftags&post=35883"}],"curies":[{"name":"wp","href":"https:\/\/api.w.org\/{rel}","templated":true}]}}